{"id":250828,"date":"2025-01-18T12:00:00","date_gmt":"2025-01-18T11:00:00","guid":{"rendered":"https:\/\/www.tucomarca.com\/wordpress\/segunda\/?p=250828"},"modified":"2025-01-20T19:48:07","modified_gmt":"2025-01-20T18:48:07","slug":"el-barri-de-les-penyes-de-requena-celebra-nombrosos-actes-en-honor-del-seu-patro-sant-sebastia","status":"publish","type":"post","link":"https:\/\/tucomarca.whitekongsoftware.com\/ca\/el-barri-de-les-penyes-de-requena-celebra-nombrosos-actes-en-honor-del-seu-patro-sant-sebastia\/","title":{"rendered":"El Barri de Les Penyes de Requena celebra nombrosos actes en honor del seu patr\u00f3 Sant Sebasti\u00e0"},"content":{"rendered":"\n<p class=\"wp-block-paragraph\">El Barri de Les Penyes de Requena est\u00e0 de festa en honor al seu patr\u00f3, Sant Sebasti\u00e0, amb una s\u00e8rie d&#8217;activitats organitzades per la Germanor de Sant Sebasti\u00e0. Ahir dissabte, els carrers i places del barri es van il\u00b7luminar amb centenars de ciris en un emotiu engalanat.<\/p>\n\n\n\n<p class=\"wp-block-paragraph\">Els festejos van incloure una missa, seguida d&#8217;una process\u00f3 a la llum dels ciris en la qual es va acompanyar la imatge de Sant Sebasti\u00e0 pels carrers del barri. M\u00e9s tard, es va encendre una monumental foguera, al costat d&#8217;un espectacle de focs artificials. Els assistents van gaudir de la calor de la foguera amb brioixos i cre\u00eflles rostides, acompanyats d&#8217;un excel\u00b7lent vi negre i caf\u00e9.<\/p>\n\n\n\n<p class=\"wp-block-paragraph\">Hui diumenge, les celebracions continuen amb una missa a les 12 del migdia, seguida del repartiment de pa bene\u00eft i una process\u00f3. A la vesprada, a les 16.00 hores, es dur\u00e0 a terme la tradicional &#8220;par\u00e1&#8221; i les 19,30 hores hi haur\u00e0 una missa solemne en honor del sant patr\u00f3 que posar\u00e0 final a un cap de setmana ple de tradici\u00f3 i devoci\u00f3 en el Barri de Les Penyes. Informa, <strong>Luis Ib\u00e1\u00f1ez<\/strong>.<\/p>\n\n\n\n<figure class=\"wp-block-gallery has-nested-images columns-1 is-cropped wp-block-gallery-1 is-layout-flex wp-block-gallery-is-layout-flex\">\n<figure class=\"wp-block-image size-large\"><img loading=\"lazy\" decoding=\"async\" width=\"1024\" height=\"724\" data-id=\"250821\" src=\"https:\/\/www.tucomarca.com\/wordpress\/segunda\/wp-content\/uploads\/2025\/01\/Requena_ProgramaSanSebastian-1024x724.jpg\" alt=\"\" class=\"wp-image-250821\" srcset=\"https:\/\/tucomarca.whitekongsoftware.com\/wp-content\/uploads\/2025\/01\/Requena_ProgramaSanSebastian-1024x724.jpg 1024w, https:\/\/tucomarca.whitekongsoftware.com\/wp-content\/uploads\/2025\/01\/Requena_ProgramaSanSebastian-300x212.jpg 300w, https:\/\/tucomarca.whitekongsoftware.com\/wp-content\/uploads\/2025\/01\/Requena_ProgramaSanSebastian-768x543.jpg 768w, https:\/\/tucomarca.whitekongsoftware.com\/wp-content\/uploads\/2025\/01\/Requena_ProgramaSanSebastian-1536x1086.jpg 1536w, https:\/\/tucomarca.whitekongsoftware.com\/wp-content\/uploads\/2025\/01\/Requena_ProgramaSanSebastian.jpg 1600w\" sizes=\"auto, (max-width: 1024px) 100vw, 1024px\" \/><\/figure>\n\n\n\n<figure class=\"wp-block-image size-large\"><img loading=\"lazy\" decoding=\"async\" width=\"766\" height=\"1024\" data-id=\"250825\" src=\"https:\/\/www.tucomarca.com\/wordpress\/segunda\/wp-content\/uploads\/2025\/01\/Requena_SanSebastian2-766x1024.jpg\" alt=\"\" class=\"wp-image-250825\" srcset=\"https:\/\/tucomarca.whitekongsoftware.com\/wp-content\/uploads\/2025\/01\/Requena_SanSebastian2-766x1024.jpg 766w, https:\/\/tucomarca.whitekongsoftware.com\/wp-content\/uploads\/2025\/01\/Requena_SanSebastian2-224x300.jpg 224w, https:\/\/tucomarca.whitekongsoftware.com\/wp-content\/uploads\/2025\/01\/Requena_SanSebastian2-768x1027.jpg 768w, https:\/\/tucomarca.whitekongsoftware.com\/wp-content\/uploads\/2025\/01\/Requena_SanSebastian2-1149x1536.jpg 1149w, https:\/\/tucomarca.whitekongsoftware.com\/wp-content\/uploads\/2025\/01\/Requena_SanSebastian2-1532x2048.jpg 1532w, https:\/\/tucomarca.whitekongsoftware.com\/wp-content\/uploads\/2025\/01\/Requena_SanSebastian2-scaled.jpg 1915w\" sizes=\"auto, (max-width: 766px) 100vw, 766px\" \/><\/figure>\n<\/figure>\n","protected":false},"excerpt":{"rendered":"<div class=\"mh-excerpt\">El Barri de Les Penyes de Requena est\u00e0 de festa en honor al seu patr\u00f3, Sant Sebasti\u00e0, amb una s\u00e8rie d&#8217;activitats organitzades per la Germanor de Sant Sebasti\u00e0. Ahir dissabte, els carrers i places del <a class=\"mh-excerpt-more\" href=\"https:\/\/tucomarca.whitekongsoftware.com\/ca\/el-barri-de-les-penyes-de-requena-celebra-nombrosos-actes-en-honor-del-seu-patro-sant-sebastia\/\" title=\"El Barri de Les Penyes de Requena celebra nombrosos actes en honor del seu patr\u00f3 Sant Sebasti\u00e0\">[+] <\/a><\/div>\n","protected":false},"author":13,"featured_media":250824,"comment_status":"open","ping_status":"open","sticky":false,"template":"","format":"standard","meta":{"footnotes":""},"categories":[11019,10894,11007,10908,10909,10896],"tags":[11099,10910],"class_list":["post-250828","post","type-post","status-publish","format-standard","has-post-thumbnail","category-agenda-ca","category-la-comarca-ca","category-ocio-y-cultura-ca","category-requena-ca","category-requena-utiel-ca","category-seccion-ca","tag-requena-ca","tag-requena-utiel-ca"],"_links":{"self":[{"href":"https:\/\/tucomarca.whitekongsoftware.com\/ca\/wp-json\/wp\/v2\/posts\/250828","targetHints":{"allow":["GET"]}}],"collection":[{"href":"https:\/\/tucomarca.whitekongsoftware.com\/ca\/wp-json\/wp\/v2\/posts"}],"about":[{"href":"https:\/\/tucomarca.whitekongsoftware.com\/ca\/wp-json\/wp\/v2\/types\/post"}],"author":[{"embeddable":true,"href":"https:\/\/tucomarca.whitekongsoftware.com\/ca\/wp-json\/wp\/v2\/users\/13"}],"replies":[{"embeddable":true,"href":"https:\/\/tucomarca.whitekongsoftware.com\/ca\/wp-json\/wp\/v2\/comments?post=250828"}],"version-history":[{"count":0,"href":"https:\/\/tucomarca.whitekongsoftware.com\/ca\/wp-json\/wp\/v2\/posts\/250828\/revisions"}],"wp:featuredmedia":[{"embeddable":true,"href":"https:\/\/tucomarca.whitekongsoftware.com\/ca\/wp-json\/wp\/v2\/media\/250824"}],"wp:attachment":[{"href":"https:\/\/tucomarca.whitekongsoftware.com\/ca\/wp-json\/wp\/v2\/media?parent=250828"}],"wp:term":[{"taxonomy":"category","embeddable":true,"href":"https:\/\/tucomarca.whitekongsoftware.com\/ca\/wp-json\/wp\/v2\/categories?post=250828"},{"taxonomy":"post_tag","embeddable":true,"href":"https:\/\/tucomarca.whitekongsoftware.com\/ca\/wp-json\/wp\/v2\/tags?post=250828"}],"curies":[{"name":"wp","href":"https:\/\/api.w.org\/{rel}","templated":true}]}}