{"id":250634,"date":"2025-01-17T09:15:00","date_gmt":"2025-01-17T07:15:00","guid":{"rendered":"https:\/\/www.tucomarca.com\/wordpress\/segunda\/?p=250634"},"modified":"2025-01-16T16:25:02","modified_gmt":"2025-01-16T14:25:02","slug":"el-cd-bunyol-senfronta-al-silla-cf-amb-la-missio-de-consolidar-el-seu-tercer-lloc-en-la-taula","status":"publish","type":"post","link":"https:\/\/tucomarca.whitekongsoftware.com\/ca\/el-cd-bunyol-senfronta-al-silla-cf-amb-la-missio-de-consolidar-el-seu-tercer-lloc-en-la-taula\/","title":{"rendered":"El CD Bunyol s&#8217;enfronta al Silla CF amb la missi\u00f3 de consolidar el seu tercer lloc en la taula"},"content":{"rendered":"\n<p class=\"wp-block-paragraph\">Aquest dissabte, el Club Esportiu Bunyol es despla\u00e7ar\u00e0 a l&#8217;estadi municipal Vicente Morera per a mesurar-se al Silla CF en una emocionant trobada que arrancar\u00e0 a les 18,30 hores.<\/p>\n\n\n\n<p class=\"wp-block-paragraph\">L&#8217;equip bunyolense arriba a aquesta cita amb l&#8217;objectiu de defensar el seu actual tercer lloc en la classificaci\u00f3, una posici\u00f3 que reflecteix el bon rendiment del conjunt en la temporada. Els jugadors dirigits pel cos t\u00e8cnic han treballat intensament durant la setmana per a preparar aquest important dol a la recerca de sumar tres punts vitals.<\/p>\n\n\n\n<p class=\"wp-block-paragraph\">El Silla CF, per part seua, buscar\u00e0 fer valdre la seua condici\u00f3 de local per a intentar frenar les aspiracions del CD Bunyol. S&#8217;espera un partit vibrant, amb tots dos equips deixant tot en el camp.<\/p>\n\n\n\n<p class=\"wp-block-paragraph\">Els aficionats podran gaudir d&#8217;un enfrontament que promet emoci\u00f3 i bon futbol, amb el CD Bunyol lluitant per mantindre la seua posici\u00f3 privilegiada en la taula.<\/p>\n","protected":false},"excerpt":{"rendered":"<div class=\"mh-excerpt\">Aquest dissabte, el Club Esportiu Bunyol es despla\u00e7ar\u00e0 a l&#8217;estadi municipal Vicente Morera per a mesurar-se al Silla CF en una emocionant trobada que arrancar\u00e0 a les 18,30 hores. L&#8217;equip bunyolense arriba a aquesta cita <a class=\"mh-excerpt-more\" href=\"https:\/\/tucomarca.whitekongsoftware.com\/ca\/el-cd-bunyol-senfronta-al-silla-cf-amb-la-missio-de-consolidar-el-seu-tercer-lloc-en-la-taula\/\" title=\"El CD Bunyol s&#8217;enfronta al Silla CF amb la missi\u00f3 de consolidar el seu tercer lloc en la taula\">[+] <\/a><\/div>\n","protected":false},"author":12,"featured_media":241957,"comment_status":"open","ping_status":"open","sticky":false,"template":"","format":"standard","meta":{"footnotes":""},"categories":[10911,11015,11003,10894,10912,10896],"tags":[10913,11126,11074,11075,10914],"class_list":["post-250634","post","type-post","status-publish","format-standard","has-post-thumbnail","category-bunol-ca","category-canal-futbol","category-sports","category-la-comarca-ca","category-la-hoya-ca","category-seccion-ca","tag-bunol-ca","tag-cd-bunol-ca","tag-deportes-ca","tag-futbol-ca","tag-la-hoya-de-bunol-chiva-ca"],"_links":{"self":[{"href":"https:\/\/tucomarca.whitekongsoftware.com\/ca\/wp-json\/wp\/v2\/posts\/250634","targetHints":{"allow":["GET"]}}],"collection":[{"href":"https:\/\/tucomarca.whitekongsoftware.com\/ca\/wp-json\/wp\/v2\/posts"}],"about":[{"href":"https:\/\/tucomarca.whitekongsoftware.com\/ca\/wp-json\/wp\/v2\/types\/post"}],"author":[{"embeddable":true,"href":"https:\/\/tucomarca.whitekongsoftware.com\/ca\/wp-json\/wp\/v2\/users\/12"}],"replies":[{"embeddable":true,"href":"https:\/\/tucomarca.whitekongsoftware.com\/ca\/wp-json\/wp\/v2\/comments?post=250634"}],"version-history":[{"count":0,"href":"https:\/\/tucomarca.whitekongsoftware.com\/ca\/wp-json\/wp\/v2\/posts\/250634\/revisions"}],"wp:featuredmedia":[{"embeddable":true,"href":"https:\/\/tucomarca.whitekongsoftware.com\/ca\/wp-json\/wp\/v2\/media\/241957"}],"wp:attachment":[{"href":"https:\/\/tucomarca.whitekongsoftware.com\/ca\/wp-json\/wp\/v2\/media?parent=250634"}],"wp:term":[{"taxonomy":"category","embeddable":true,"href":"https:\/\/tucomarca.whitekongsoftware.com\/ca\/wp-json\/wp\/v2\/categories?post=250634"},{"taxonomy":"post_tag","embeddable":true,"href":"https:\/\/tucomarca.whitekongsoftware.com\/ca\/wp-json\/wp\/v2\/tags?post=250634"}],"curies":[{"name":"wp","href":"https:\/\/api.w.org\/{rel}","templated":true}]}}