{"id":250565,"date":"2025-01-16T08:00:00","date_gmt":"2025-01-16T06:00:00","guid":{"rendered":"https:\/\/www.tucomarca.com\/wordpress\/segunda\/?p=250565"},"modified":"2025-01-16T16:02:50","modified_gmt":"2025-01-16T14:02:50","slug":"presentacio-del-llibre-carceller-la-satira-enfront-de-la-intolerancia-a-la-biblioteca-municipal-de-bunyol","status":"publish","type":"post","link":"https:\/\/tucomarca.whitekongsoftware.com\/ca\/presentacio-del-llibre-carceller-la-satira-enfront-de-la-intolerancia-a-la-biblioteca-municipal-de-bunyol\/","title":{"rendered":"Presentaci\u00f3 del llibre &#8216;Carceller, la s\u00e0tira enfront de la intoler\u00e0ncia&#8217; a la biblioteca municipal de Bunyol"},"content":{"rendered":"<div class=\"wp-block-image\">\n<figure class=\"alignleft size-large is-resized\"><img loading=\"lazy\" decoding=\"async\" width=\"721\" height=\"1082\" src=\"https:\/\/www.tucomarca.com\/wordpress\/segunda\/wp-content\/uploads\/2025\/01\/LibroCarceller-edited.jpg\" alt=\"\" class=\"wp-image-250562\" style=\"width:337px;height:auto\" srcset=\"https:\/\/tucomarca.whitekongsoftware.com\/wp-content\/uploads\/2025\/01\/LibroCarceller-edited.jpg 721w, https:\/\/tucomarca.whitekongsoftware.com\/wp-content\/uploads\/2025\/01\/LibroCarceller-edited-200x300.jpg 200w, https:\/\/tucomarca.whitekongsoftware.com\/wp-content\/uploads\/2025\/01\/LibroCarceller-edited-682x1024.jpg 682w\" sizes=\"auto, (max-width: 721px) 100vw, 721px\" \/><\/figure>\n<\/div>\n\n\n<p class=\"wp-block-paragraph\">Aquest divendres, 17 de gener, a les 19,15 hores, la Sala Raga de la Biblioteca Municipal acollir\u00e0 la presentaci\u00f3 del llibre\u00a0Carceller, la s\u00e0tira enfront de la intoler\u00e0ncia, una obra que ret homenatge a Vicente Miguel Carceller, destacat editor i periodista republic\u00e0.<\/p>\n\n\n\n<p class=\"wp-block-paragraph\">Aquest relat gr\u00e0fic, narrat en llenguatge de c\u00f2mic pels autors Fernando Larrauri i Juanfer Briones, s&#8217;endinsa en la vida de Carceller, director i editor de la c\u00e8lebre revista sat\u00edrica&nbsp;La Traca. La publicaci\u00f3, que va tindre una enorme popularitat en les primeres d\u00e8cades del segle XX, va desapar\u00e9ixer en 1940 despr\u00e9s de l&#8217;assassinat de Carceller i el seu principal dibuixant a les mans de la dictadura franquista.<\/p>\n\n\n\n<p class=\"wp-block-paragraph\">A trav\u00e9s d&#8217;aquesta obra, s&#8217;explora l&#8217;agitada vida pol\u00edtica de l&#8217;\u00e8poca i es reivindica la figura de Carceller, un home d&#8217;origen humil que va utilitzar el periodisme sat\u00edric com a eina per a denunciar les injust\u00edcies de la monarquia i l&#8217;esgl\u00e9sia. Militant de l&#8217;ala esquerra del Partit Republic\u00e0 de Blasco Ib\u00e1\u00f1ez, Carceller va defensar amb valentia els seus ideals republicans des de les p\u00e0gines de&nbsp;La Traca&nbsp;i altres publicacions sat\u00edriques.<\/p>\n\n\n\n<p class=\"wp-block-paragraph\">La presentaci\u00f3 del llibre, organitzada per PSOE, IAB, EUPV, PCE i Podemos, cerca mantindre viva la mem\u00f2ria democr\u00e0tica de Carceller i la seua lluita per la democr\u00e0cia i la Rep\u00fablica. En finalitzar l&#8217;acte, s&#8217;oferir\u00e0 un refrigeri al p\u00fablic assistent.<\/p>\n\n\n\n<p class=\"wp-block-paragraph\">Una oportunitat \u00fanica per a con\u00e9ixer m\u00e9s sobre la hist\u00f2ria d&#8217;un editor que va enfrontar la intoler\u00e0ncia amb la s\u00e0tira i la labor de la qual continua sent una inspiraci\u00f3 per a les lluites per la llibertat i la just\u00edcia social.<\/p>\n","protected":false},"excerpt":{"rendered":"<div class=\"mh-excerpt\">Aquest divendres, 17 de gener, a les 19,15 hores, la Sala Raga de la Biblioteca Municipal acollir\u00e0 la presentaci\u00f3 del llibre\u00a0Carceller, la s\u00e0tira enfront de la intoler\u00e0ncia, una obra que ret homenatge a Vicente Miguel <a class=\"mh-excerpt-more\" href=\"https:\/\/tucomarca.whitekongsoftware.com\/ca\/presentacio-del-llibre-carceller-la-satira-enfront-de-la-intolerancia-a-la-biblioteca-municipal-de-bunyol\/\" title=\"Presentaci\u00f3 del llibre &#8216;Carceller, la s\u00e0tira enfront de la intoler\u00e0ncia&#8217; a la biblioteca municipal de Bunyol\">[+] <\/a><\/div>\n","protected":false},"author":13,"featured_media":250561,"comment_status":"open","ping_status":"open","sticky":false,"template":"","format":"standard","meta":{"footnotes":""},"categories":[11019,10911,10894,10912,11007,10947,10896],"tags":[10913,10914,15856],"class_list":["post-250565","post","type-post","status-publish","format-standard","has-post-thumbnail","category-agenda-ca","category-bunol-ca","category-la-comarca-ca","category-la-hoya-ca","category-ocio-y-cultura-ca","category-politica","category-seccion-ca","tag-bunol-ca","tag-la-hoya-de-bunol-chiva-ca","tag-ocio-y-cultura-ca"],"_links":{"self":[{"href":"https:\/\/tucomarca.whitekongsoftware.com\/ca\/wp-json\/wp\/v2\/posts\/250565","targetHints":{"allow":["GET"]}}],"collection":[{"href":"https:\/\/tucomarca.whitekongsoftware.com\/ca\/wp-json\/wp\/v2\/posts"}],"about":[{"href":"https:\/\/tucomarca.whitekongsoftware.com\/ca\/wp-json\/wp\/v2\/types\/post"}],"author":[{"embeddable":true,"href":"https:\/\/tucomarca.whitekongsoftware.com\/ca\/wp-json\/wp\/v2\/users\/13"}],"replies":[{"embeddable":true,"href":"https:\/\/tucomarca.whitekongsoftware.com\/ca\/wp-json\/wp\/v2\/comments?post=250565"}],"version-history":[{"count":0,"href":"https:\/\/tucomarca.whitekongsoftware.com\/ca\/wp-json\/wp\/v2\/posts\/250565\/revisions"}],"wp:featuredmedia":[{"embeddable":true,"href":"https:\/\/tucomarca.whitekongsoftware.com\/ca\/wp-json\/wp\/v2\/media\/250561"}],"wp:attachment":[{"href":"https:\/\/tucomarca.whitekongsoftware.com\/ca\/wp-json\/wp\/v2\/media?parent=250565"}],"wp:term":[{"taxonomy":"category","embeddable":true,"href":"https:\/\/tucomarca.whitekongsoftware.com\/ca\/wp-json\/wp\/v2\/categories?post=250565"},{"taxonomy":"post_tag","embeddable":true,"href":"https:\/\/tucomarca.whitekongsoftware.com\/ca\/wp-json\/wp\/v2\/tags?post=250565"}],"curies":[{"name":"wp","href":"https:\/\/api.w.org\/{rel}","templated":true}]}}