{"id":250528,"date":"2025-01-16T09:50:00","date_gmt":"2025-01-16T07:50:00","guid":{"rendered":"https:\/\/www.tucomarca.com\/wordpress\/segunda\/?p=250528"},"modified":"2025-01-16T16:06:30","modified_gmt":"2025-01-16T14:06:30","slug":"el-conservatori-professional-de-musica-sant-rafael-de-bunyol-represa-al-costat-dels-tres-collegis-locals-el-projecte-corchea","status":"publish","type":"post","link":"https:\/\/tucomarca.whitekongsoftware.com\/ca\/el-conservatori-professional-de-musica-sant-rafael-de-bunyol-represa-al-costat-dels-tres-collegis-locals-el-projecte-corchea\/","title":{"rendered":"El Conservatori Professional de M\u00fasica Sant Rafael de Bunyol represa al costat dels tres col\u00b7legis locals el Projecte Corchea"},"content":{"rendered":"\n<p class=\"wp-block-paragraph\">El Projecte Corchea torna a sonar despr\u00e9s de diversos anys, una pausa que es repr\u00e9n amb la participaci\u00f3 de dos-cents cinquanta alumnes i alumnes, de primer a tercer de prim\u00e0ria, dels tres col\u00b7legis de Bunyol. El motivador Projecte Corchea es va iniciar pel Conservatori Professional de M\u00fasica Sant Rafael de Bunyol en 2012 i tracta de \u201cincentivar a l&#8217;estudi de la m\u00fasica a xiquetes i xiquets en edats primerenques\u201d.\u00a0<\/p>\n\n\n\n<p class=\"wp-block-paragraph\">Segons ha manifestat la professora i coordinadora del projecte Sheyla Carrascosa Fayos \u201cha sigut repr\u00e9s despr\u00e9s de diversos anys de pausa, per\u00f2 despr\u00e9s del desig de voler transmetre aquest inter\u00e9s per la m\u00fasica i de nodrir a les nostres escoles i bandes de m\u00fasica d&#8217;alumnat, aquest nou curs s&#8217;ha acollit amb total \u00e8xit i acceptaci\u00f3\u201d.<\/p>\n\n\n\n<p class=\"wp-block-paragraph\">L&#8217;alumnat del Col\u00b7legi Cervantes, Col\u00b7legi Sant Llu\u00eds i Col\u00b7legi Talaia de Bunyol, s&#8217;han despla\u00e7at a les instal\u00b7lacions del Conservatori per a posar en pr\u00e0ctica els continguts que, pr\u00e8viament, i de forma sincronitzada, havien treballat amb les seues professores de m\u00fasica en les seues respectives aules durant el trimestre.<\/p>\n\n\n\n<figure class=\"wp-block-gallery has-nested-images columns-default is-cropped wp-block-gallery-1 is-layout-flex wp-block-gallery-is-layout-flex\">\n<figure class=\"wp-block-image size-large\"><img loading=\"lazy\" decoding=\"async\" width=\"1024\" height=\"912\" data-id=\"250522\" src=\"https:\/\/www.tucomarca.com\/wordpress\/segunda\/wp-content\/uploads\/2025\/01\/BunolProyectoCorchea02-1024x912.jpg\" alt=\"\" class=\"wp-image-250522\" srcset=\"https:\/\/tucomarca.whitekongsoftware.com\/wp-content\/uploads\/2025\/01\/BunolProyectoCorchea02-1024x912.jpg 1024w, https:\/\/tucomarca.whitekongsoftware.com\/wp-content\/uploads\/2025\/01\/BunolProyectoCorchea02-300x267.jpg 300w, https:\/\/tucomarca.whitekongsoftware.com\/wp-content\/uploads\/2025\/01\/BunolProyectoCorchea02-768x684.jpg 768w, https:\/\/tucomarca.whitekongsoftware.com\/wp-content\/uploads\/2025\/01\/BunolProyectoCorchea02.jpg 1181w\" sizes=\"auto, (max-width: 1024px) 100vw, 1024px\" \/><\/figure>\n\n\n\n<figure class=\"wp-block-image size-large\"><img loading=\"lazy\" decoding=\"async\" width=\"1024\" height=\"768\" data-id=\"250524\" src=\"https:\/\/www.tucomarca.com\/wordpress\/segunda\/wp-content\/uploads\/2025\/01\/BunolProyectoCorchea03-1024x768.jpg\" alt=\"\" class=\"wp-image-250524\" srcset=\"https:\/\/tucomarca.whitekongsoftware.com\/wp-content\/uploads\/2025\/01\/BunolProyectoCorchea03-1024x768.jpg 1024w, https:\/\/tucomarca.whitekongsoftware.com\/wp-content\/uploads\/2025\/01\/BunolProyectoCorchea03-300x225.jpg 300w, https:\/\/tucomarca.whitekongsoftware.com\/wp-content\/uploads\/2025\/01\/BunolProyectoCorchea03-768x576.jpg 768w, https:\/\/tucomarca.whitekongsoftware.com\/wp-content\/uploads\/2025\/01\/BunolProyectoCorchea03-678x509.jpg 678w, https:\/\/tucomarca.whitekongsoftware.com\/wp-content\/uploads\/2025\/01\/BunolProyectoCorchea03-326x245.jpg 326w, https:\/\/tucomarca.whitekongsoftware.com\/wp-content\/uploads\/2025\/01\/BunolProyectoCorchea03-80x60.jpg 80w, https:\/\/tucomarca.whitekongsoftware.com\/wp-content\/uploads\/2025\/01\/BunolProyectoCorchea03.jpg 1181w\" sizes=\"auto, (max-width: 1024px) 100vw, 1024px\" \/><\/figure>\n<\/figure>\n\n\n\n<p class=\"wp-block-paragraph\">Cada trimestre es treballa una fam\u00edlia d&#8217;instruments, amb unitats did\u00e0ctiques, que treballades conjuntament entre col\u00b7legi i conservatori, fan part\u00edcip a l&#8217;alumnat i professors amb la m\u00fasica en directe interpretada per alumnes del conservatori, en la qual al seu torn els alumnes de prim\u00e0ria ballen, canten, toquen instruments fets per ells mateixos per a acompanyar als m\u00fasics, una infinitat d&#8217;opcions en les quals els alumnes tant de prim\u00e0ria com del conservatori interactuen conjuntament.<\/p>\n\n\n\n<p class=\"wp-block-paragraph\">\u201cJa es va demostrar en anys anteriors el seu \u00e8xit quant a participaci\u00f3 i matricules a les escoles de m\u00fasica, i \u00e9s per aix\u00f2, que a m\u00e9s d&#8217;aix\u00f2, la idea i intenci\u00f3 del projecte \u00e9s acostar la m\u00fasica a xicotets, donar a con\u00e9ixer la meravellosa relaci\u00f3 amb la mateixa i fomentar el desenvolupament ps\u00edquic-cognitiu amb el qual es compta a edats primerenques. Esperem amb especial il\u00b7lusi\u00f3 les pr\u00f2ximes cites que tindran lloc el mes de mar\u00e7 i maig\u201d, finalitza Sheyla Carrascosa.<\/p>\n","protected":false},"excerpt":{"rendered":"<div class=\"mh-excerpt\">El Projecte Corchea torna a sonar despr\u00e9s de diversos anys, una pausa que es repr\u00e9n amb la participaci\u00f3 de dos-cents cinquanta alumnes i alumnes, de primer a tercer de prim\u00e0ria, dels tres col\u00b7legis de Bunyol. <a class=\"mh-excerpt-more\" href=\"https:\/\/tucomarca.whitekongsoftware.com\/ca\/el-conservatori-professional-de-musica-sant-rafael-de-bunyol-represa-al-costat-dels-tres-collegis-locals-el-projecte-corchea\/\" title=\"El Conservatori Professional de M\u00fasica Sant Rafael de Bunyol represa al costat dels tres col\u00b7legis locals el Projecte Corchea\">[+] <\/a><\/div>\n","protected":false},"author":12,"featured_media":250521,"comment_status":"open","ping_status":"open","sticky":false,"template":"","format":"gallery","meta":{"footnotes":""},"categories":[10911,11005,10894,10912,11007,10896],"tags":[10913,20596,10914,21806],"class_list":["post-250528","post","type-post","status-publish","format-gallery","has-post-thumbnail","category-bunol-ca","category-canal-musica","category-la-comarca-ca","category-la-hoya-ca","category-ocio-y-cultura-ca","category-seccion-ca","tag-bunol-ca","tag-conservatorio-san-rafael-de-bunol-ca","tag-la-hoya-de-bunol-chiva-ca","tag-proyecto-corchea-ca","post_format-post-format-gallery"],"_links":{"self":[{"href":"https:\/\/tucomarca.whitekongsoftware.com\/ca\/wp-json\/wp\/v2\/posts\/250528","targetHints":{"allow":["GET"]}}],"collection":[{"href":"https:\/\/tucomarca.whitekongsoftware.com\/ca\/wp-json\/wp\/v2\/posts"}],"about":[{"href":"https:\/\/tucomarca.whitekongsoftware.com\/ca\/wp-json\/wp\/v2\/types\/post"}],"author":[{"embeddable":true,"href":"https:\/\/tucomarca.whitekongsoftware.com\/ca\/wp-json\/wp\/v2\/users\/12"}],"replies":[{"embeddable":true,"href":"https:\/\/tucomarca.whitekongsoftware.com\/ca\/wp-json\/wp\/v2\/comments?post=250528"}],"version-history":[{"count":0,"href":"https:\/\/tucomarca.whitekongsoftware.com\/ca\/wp-json\/wp\/v2\/posts\/250528\/revisions"}],"wp:featuredmedia":[{"embeddable":true,"href":"https:\/\/tucomarca.whitekongsoftware.com\/ca\/wp-json\/wp\/v2\/media\/250521"}],"wp:attachment":[{"href":"https:\/\/tucomarca.whitekongsoftware.com\/ca\/wp-json\/wp\/v2\/media?parent=250528"}],"wp:term":[{"taxonomy":"category","embeddable":true,"href":"https:\/\/tucomarca.whitekongsoftware.com\/ca\/wp-json\/wp\/v2\/categories?post=250528"},{"taxonomy":"post_tag","embeddable":true,"href":"https:\/\/tucomarca.whitekongsoftware.com\/ca\/wp-json\/wp\/v2\/tags?post=250528"}],"curies":[{"name":"wp","href":"https:\/\/api.w.org\/{rel}","templated":true}]}}