{"id":250497,"date":"2025-01-15T12:30:00","date_gmt":"2025-01-15T10:30:00","guid":{"rendered":"https:\/\/www.tucomarca.com\/wordpress\/segunda\/?p=250497"},"modified":"2025-01-15T19:55:31","modified_gmt":"2025-01-15T17:55:31","slug":"educacio-construira-un-nou-conservatori-per-a-utiel-i-installara-aules-prefabricades-per-a-lies-alameda-mentres-es-du-a-terme-la-seua-reconstruccio-despres-de-les-inundacions","status":"publish","type":"post","link":"https:\/\/tucomarca.whitekongsoftware.com\/ca\/educacio-construira-un-nou-conservatori-per-a-utiel-i-installara-aules-prefabricades-per-a-lies-alameda-mentres-es-du-a-terme-la-seua-reconstruccio-despres-de-les-inundacions\/","title":{"rendered":"Educaci\u00f3 construir\u00e0 un nou conservatori per a Utiel i instal\u00b7lar\u00e0 aules prefabricades per a l\u2019IES Alameda mentres es du a terme la seua reconstrucci\u00f3 despr\u00e9s de les inundacions"},"content":{"rendered":"\n<h3 class=\"wp-block-heading\">L\u2019Ajuntament cedir\u00e0 una parcel\u00b7la per a la construcci\u00f3 del Conservatori Professional de M\u00fasica.<\/h3>\n\n\n\n<h3 class=\"wp-block-heading\">El conseller d\u2019Educaci\u00f3 ha informat l\u2019alcalde d\u2019Utiel de les actuacions previstes en la localitat.<\/h3>\n\n\n\n<p class=\"wp-block-paragraph\">La Conselleria d\u2019Educaci\u00f3, Cultura, Universitats i Ocupaci\u00f3 construir\u00e0 un nou conservatori de m\u00fasica en la localitat d\u2019Utiel. Aix\u00ed ho ha anunciat este mat\u00ed el conseller, Jos\u00e9 Antonio Rovira, en una visita al municipi, a on s\u2019ha reunit amb l\u2019alcalde, Ricardo Gabald\u00f3n, i l\u2019ha informat de les actuacions previstes despr\u00e9s del temporal del passat mes d\u2019octubre.<\/p>\n\n\n\n<p class=\"wp-block-paragraph\">Aix\u00ed, el conseller, que ha estat acompanyat del director general d\u2019Infraestructures Educatives, Jos\u00e9 Mar\u00eda Larena, ha explicat que el conservatori \u201ctindr\u00e0 un centre propi, que es construir\u00e0 amb la major celeritat possible\u201d.<\/p>\n\n\n\n<p class=\"wp-block-paragraph\">Actualment, el Conservatori Professional de M\u00fasica, amb al voltant de 200 alumnes, se situava en les instal\u00b7lacions de l\u2019IES Alameda, afectat per la riuada.<\/p>\n\n\n\n<p class=\"wp-block-paragraph\">En este sentit, Rovira ha assenyalat que des de la Conselleria s\u2019ha tra\u00e7at un pla de treball que implica l\u2019adequaci\u00f3 i remodelaci\u00f3 dels centres danyats d\u2019Utiel i ha destacat que s\u2019estan estudiant les parcel\u00b7les disponibles per a poder iniciar la construcci\u00f3 d\u2019este nou conservatori.<\/p>\n\n\n\n<p class=\"wp-block-paragraph\">El conseller ha destacat l\u2019esfor\u00e7 dut a terme per l\u2019Ajuntament perqu\u00e8 l\u2019alumnat del municipi es reubicara en altres espais despr\u00e9s de les inundacions, i poder aix\u00ed continuar amb l\u2019activitat lectiva.<\/p>\n\n\n\n<p class=\"wp-block-paragraph\">El conseller i l\u2019alcalde s\u2019han acostat a l\u2019IES Alameda, a on l\u2019afecci\u00f3 en l\u2019edifici va obligar a reubicar els 393 alumnes en altres centres. Des d\u2019Educaci\u00f3 s\u2019instal\u00b7laran aules prefabricades per a reprendre l\u2019activitat lectiva mentres es treballa en la reconstrucci\u00f3 de l\u2019edifici. El conseller ha explicat que l\u2019objectiu \u00e9s agilitzar terminis.<\/p>\n\n\n\n<p class=\"wp-block-paragraph\">Una vegada estudiada la singularitat del centre educatiu i per a evitar futures inundacions, les obres de remodelaci\u00f3 impliquen deixar la planta baixa di\u00e0fana, adequar la primera planta i construir una zona nova per a acollir els servicis generals de l\u2019institut.<\/p>\n\n\n\n<p class=\"wp-block-paragraph\">En total s\u2019instal\u00b7laran sis aules prefabricades de 45 m2 per a garantir la tornada a la normalitat dels alumnes, distribu\u00efdes en: tres aules per a acollir a l\u2019alumnat de 1r i 2n de l\u2019ESO que cursen les especialitats de M\u00fasica, Tecnologia i Inform\u00e0tica; una aula ordin\u00e0ria per a poder completar la impartici\u00f3 de les mat\u00e8ries; i dos aules\/taller per a l\u2019oferta formativa dels cicles de Perruqueria i Est\u00e8tica de l\u2019IES Alameda. Les aules prefabricades s\u2019instal\u00b7laran en dos ubicacions diferents.<\/p>\n\n\n\n<p class=\"wp-block-paragraph\">Per la seua part, l\u2019alcalde d\u2019Utiel ha agra\u00eft la celeritat amb la qual ha actuat la Conselleria d\u2019Educaci\u00f3 perqu\u00e8 els \u201cprop de 600 alumnes del Conservatori i l\u2019IES Alameda pogueren reprendre les classes\u201d. Tamb\u00e9 ha destacat que la construcci\u00f3 del nou conservatori \u201csuposa un pas important no solament per al municipi, sin\u00f3 per a tota la comarca, ja que acull tamb\u00e9 alumnes d\u2019altres poblacions ve\u00efnes\u201d.<\/p>\n\n\n\n<p class=\"wp-block-paragraph\">Des de la Generalitat s\u2019han dut a terme actuacions d\u2019emerg\u00e8ncia per a cobrir la reposici\u00f3 de mobiliari i material en els centres educatius, aix\u00ed com de material instrumental danyat. D\u2019esta manera, conservatoris afectats com el d\u2019Utiel han pogut adquirir materials i instruments com un piano de cua, pianos verticals, bateries ac\u00fastiques, lires o xil\u00f2fons, a m\u00e9s de tarimes, vibr\u00e0fons o banquetes de percussi\u00f3, entre altres elements que li han perm\u00e9s reprendre l\u2019activitat.<\/p>\n\n\n\n<figure class=\"wp-block-gallery has-nested-images columns-2 is-cropped wp-block-gallery-1 is-layout-flex wp-block-gallery-is-layout-flex\">\n<figure class=\"wp-block-image size-large\"><img loading=\"lazy\" decoding=\"async\" width=\"1024\" height=\"771\" data-id=\"250490\" src=\"https:\/\/www.tucomarca.com\/wordpress\/segunda\/wp-content\/uploads\/2025\/01\/UtielConservatorio3-1024x771.jpeg\" alt=\"\" class=\"wp-image-250490\" srcset=\"https:\/\/tucomarca.whitekongsoftware.com\/wp-content\/uploads\/2025\/01\/UtielConservatorio3-1024x771.jpeg 1024w, https:\/\/tucomarca.whitekongsoftware.com\/wp-content\/uploads\/2025\/01\/UtielConservatorio3-300x226.jpeg 300w, https:\/\/tucomarca.whitekongsoftware.com\/wp-content\/uploads\/2025\/01\/UtielConservatorio3-768x578.jpeg 768w, https:\/\/tucomarca.whitekongsoftware.com\/wp-content\/uploads\/2025\/01\/UtielConservatorio3-1536x1157.jpeg 1536w, https:\/\/tucomarca.whitekongsoftware.com\/wp-content\/uploads\/2025\/01\/UtielConservatorio3-678x509.jpeg 678w, https:\/\/tucomarca.whitekongsoftware.com\/wp-content\/uploads\/2025\/01\/UtielConservatorio3-326x245.jpeg 326w, https:\/\/tucomarca.whitekongsoftware.com\/wp-content\/uploads\/2025\/01\/UtielConservatorio3-80x60.jpeg 80w, https:\/\/tucomarca.whitekongsoftware.com\/wp-content\/uploads\/2025\/01\/UtielConservatorio3.jpeg 2040w\" sizes=\"auto, (max-width: 1024px) 100vw, 1024px\" \/><\/figure>\n\n\n\n<figure class=\"wp-block-image size-large\"><img loading=\"lazy\" decoding=\"async\" width=\"1024\" height=\"768\" data-id=\"250492\" src=\"https:\/\/www.tucomarca.com\/wordpress\/segunda\/wp-content\/uploads\/2025\/01\/UtielConservatorio2-1024x768.jpeg\" alt=\"\" class=\"wp-image-250492\" srcset=\"https:\/\/tucomarca.whitekongsoftware.com\/wp-content\/uploads\/2025\/01\/UtielConservatorio2-1024x768.jpeg 1024w, https:\/\/tucomarca.whitekongsoftware.com\/wp-content\/uploads\/2025\/01\/UtielConservatorio2-300x225.jpeg 300w, https:\/\/tucomarca.whitekongsoftware.com\/wp-content\/uploads\/2025\/01\/UtielConservatorio2-768x576.jpeg 768w, https:\/\/tucomarca.whitekongsoftware.com\/wp-content\/uploads\/2025\/01\/UtielConservatorio2-1536x1152.jpeg 1536w, https:\/\/tucomarca.whitekongsoftware.com\/wp-content\/uploads\/2025\/01\/UtielConservatorio2-678x509.jpeg 678w, https:\/\/tucomarca.whitekongsoftware.com\/wp-content\/uploads\/2025\/01\/UtielConservatorio2-326x245.jpeg 326w, https:\/\/tucomarca.whitekongsoftware.com\/wp-content\/uploads\/2025\/01\/UtielConservatorio2-80x60.jpeg 80w, https:\/\/tucomarca.whitekongsoftware.com\/wp-content\/uploads\/2025\/01\/UtielConservatorio2.jpeg 1600w\" sizes=\"auto, (max-width: 1024px) 100vw, 1024px\" \/><\/figure>\n\n\n\n<figure class=\"wp-block-image size-large\"><img loading=\"lazy\" decoding=\"async\" width=\"1024\" height=\"771\" data-id=\"250494\" src=\"https:\/\/www.tucomarca.com\/wordpress\/segunda\/wp-content\/uploads\/2025\/01\/UtielConservatorio1-1024x771.jpeg\" alt=\"\" class=\"wp-image-250494\" srcset=\"https:\/\/tucomarca.whitekongsoftware.com\/wp-content\/uploads\/2025\/01\/UtielConservatorio1-1024x771.jpeg 1024w, https:\/\/tucomarca.whitekongsoftware.com\/wp-content\/uploads\/2025\/01\/UtielConservatorio1-300x226.jpeg 300w, https:\/\/tucomarca.whitekongsoftware.com\/wp-content\/uploads\/2025\/01\/UtielConservatorio1-768x578.jpeg 768w, https:\/\/tucomarca.whitekongsoftware.com\/wp-content\/uploads\/2025\/01\/UtielConservatorio1-1536x1157.jpeg 1536w, https:\/\/tucomarca.whitekongsoftware.com\/wp-content\/uploads\/2025\/01\/UtielConservatorio1-678x509.jpeg 678w, https:\/\/tucomarca.whitekongsoftware.com\/wp-content\/uploads\/2025\/01\/UtielConservatorio1-326x245.jpeg 326w, https:\/\/tucomarca.whitekongsoftware.com\/wp-content\/uploads\/2025\/01\/UtielConservatorio1-80x60.jpeg 80w, https:\/\/tucomarca.whitekongsoftware.com\/wp-content\/uploads\/2025\/01\/UtielConservatorio1.jpeg 2040w\" sizes=\"auto, (max-width: 1024px) 100vw, 1024px\" \/><\/figure>\n<\/figure>\n","protected":false},"excerpt":{"rendered":"<div class=\"mh-excerpt\">L\u2019Ajuntament cedir\u00e0 una parcel\u00b7la per a la construcci\u00f3 del Conservatori Professional de M\u00fasica. El conseller d\u2019Educaci\u00f3 ha informat l\u2019alcalde d\u2019Utiel de les actuacions previstes en la localitat. La Conselleria d\u2019Educaci\u00f3, Cultura, Universitats i Ocupaci\u00f3 construir\u00e0 <a class=\"mh-excerpt-more\" href=\"https:\/\/tucomarca.whitekongsoftware.com\/ca\/educacio-construira-un-nou-conservatori-per-a-utiel-i-installara-aules-prefabricades-per-a-lies-alameda-mentres-es-du-a-terme-la-seua-reconstruccio-despres-de-les-inundacions\/\" title=\"Educaci\u00f3 construir\u00e0 un nou conservatori per a Utiel i instal\u00b7lar\u00e0 aules prefabricades per a l\u2019IES Alameda mentres es du a terme la seua reconstrucci\u00f3 despr\u00e9s de les inundacions\">[+] <\/a><\/div>\n","protected":false},"author":1,"featured_media":250491,"comment_status":"open","ping_status":"open","sticky":false,"template":"","format":"gallery","meta":{"footnotes":""},"categories":[11005,21466,10898,10948,10894,10904,11007,10947,10909,10896,11059],"tags":[14182,12194,15409,10910,11174],"class_list":["post-250497","post","type-post","status-publish","format-gallery","has-post-thumbnail","category-canal-musica","category-dana-ca","category-ventana-ca","category-infraestructuras-ca","category-la-comarca-ca","category-sin-categorizar-ca","category-ocio-y-cultura-ca","category-politica","category-requena-utiel-ca","category-seccion-ca","category-utiel-ca","tag-conservatorio-ca","tag-cultura-ca","tag-dana-2-ca","tag-requena-utiel-ca","tag-utiel-ca","post_format-post-format-gallery"],"_links":{"self":[{"href":"https:\/\/tucomarca.whitekongsoftware.com\/ca\/wp-json\/wp\/v2\/posts\/250497","targetHints":{"allow":["GET"]}}],"collection":[{"href":"https:\/\/tucomarca.whitekongsoftware.com\/ca\/wp-json\/wp\/v2\/posts"}],"about":[{"href":"https:\/\/tucomarca.whitekongsoftware.com\/ca\/wp-json\/wp\/v2\/types\/post"}],"author":[{"embeddable":true,"href":"https:\/\/tucomarca.whitekongsoftware.com\/ca\/wp-json\/wp\/v2\/users\/1"}],"replies":[{"embeddable":true,"href":"https:\/\/tucomarca.whitekongsoftware.com\/ca\/wp-json\/wp\/v2\/comments?post=250497"}],"version-history":[{"count":0,"href":"https:\/\/tucomarca.whitekongsoftware.com\/ca\/wp-json\/wp\/v2\/posts\/250497\/revisions"}],"wp:featuredmedia":[{"embeddable":true,"href":"https:\/\/tucomarca.whitekongsoftware.com\/ca\/wp-json\/wp\/v2\/media\/250491"}],"wp:attachment":[{"href":"https:\/\/tucomarca.whitekongsoftware.com\/ca\/wp-json\/wp\/v2\/media?parent=250497"}],"wp:term":[{"taxonomy":"category","embeddable":true,"href":"https:\/\/tucomarca.whitekongsoftware.com\/ca\/wp-json\/wp\/v2\/categories?post=250497"},{"taxonomy":"post_tag","embeddable":true,"href":"https:\/\/tucomarca.whitekongsoftware.com\/ca\/wp-json\/wp\/v2\/tags?post=250497"}],"curies":[{"name":"wp","href":"https:\/\/api.w.org\/{rel}","templated":true}]}}