{"id":250441,"date":"2025-01-15T11:00:00","date_gmt":"2025-01-15T09:00:00","guid":{"rendered":"https:\/\/www.tucomarca.com\/wordpress\/segunda\/?p=250441"},"modified":"2025-01-15T17:07:44","modified_gmt":"2025-01-15T15:07:44","slug":"una-nova-dana-encara-que-de-menor-intensitat-que-la-catastrofica-doctubre-afectara-aquest-dijous-i-divendres-a-la-comunitat-valenciana","status":"publish","type":"post","link":"https:\/\/tucomarca.whitekongsoftware.com\/ca\/una-nova-dana-encara-que-de-menor-intensitat-que-la-catastrofica-doctubre-afectara-aquest-dijous-i-divendres-a-la-comunitat-valenciana\/","title":{"rendered":"Una nova DANA, encara que de menor intensitat que la catastr\u00f2fica d&#8217;octubre, afectar\u00e0 aquest dijous i divendres a la Comunitat Valenciana"},"content":{"rendered":"\n<p class=\"wp-block-paragraph\">La Associaci\u00f3 Valenciana de Meteorologia, AVAMET, ha anunciat l&#8217;arribada d&#8217;una nova DANA (Depressi\u00f3 A\u00efllada en Nivells Alts) que impactar\u00e0 a la Comunitat Valenciana aquest dijous i divendres.<\/p>\n\n\n\n<p class=\"wp-block-paragraph\">Segons AVAMET, encara que s&#8217;espera que aquesta DANA siga menys intensa que la catastr\u00f2fica registrada a l&#8217;octubre, podria generar pluges significatives en algunes zones. El litoral sud de Val\u00e8ncia i el nord d&#8217;Alacant seran les \u00e0rees m\u00e9s afectades, amb possibles precipitacions moderades a fortes. Des de AVAMET demanen precauci\u00f3 i recomanen seguir les actualitzacions meteorol\u00f2giques per a evitar riscos.<\/p>\n\n\n\n<p class=\"wp-block-paragraph\"><strong>Els dies m\u00e9s freds de l&#8217;hivern<\/strong><\/p>\n\n\n\n<p class=\"wp-block-paragraph\">Les baixes temperatures tamb\u00e9 han sigut protagonistes en els \u00faltims dies, amb registres significatius en municipis de La Ribera com Gavarda, on es van aconseguir els -3,9 \u00b0C; l&#8217;Alc\u00fadia amb -3,4 \u00b0C; Alzira amb -3,3 \u00b0C; i la Murta, que va marcar -2,6 \u00b0C. Aquests valors reflecteixen l&#8217;intens fred que acompanya a aquesta situaci\u00f3 meteorol\u00f2gica.<\/p>\n\n\n\n<p class=\"wp-block-paragraph\">Tamb\u00e9 s&#8217;han registrat baixes temperatures en municipis de l&#8217;interior com Adem\u00fas (-9,2); Utiel (-7,5); o Xalans (-6,1 ).<\/p>\n\n\n\n<p class=\"wp-block-paragraph\">Segons la Aemet, la&nbsp;matinada d&#8217;aquest dijous al divendres tamb\u00e9 continuar\u00e0 sent freda, encara que menys que dem\u00e0. La previsi\u00f3 \u00e9s que les gelades s&#8217;allunyaran de la costa i quedaran&nbsp;restringides a zones de l&#8217;interior de la meitat nord.<\/p>\n","protected":false},"excerpt":{"rendered":"<div class=\"mh-excerpt\">La Associaci\u00f3 Valenciana de Meteorologia, AVAMET, ha anunciat l&#8217;arribada d&#8217;una nova DANA (Depressi\u00f3 A\u00efllada en Nivells Alts) que impactar\u00e0 a la Comunitat Valenciana aquest dijous i divendres. Segons AVAMET, encara que s&#8217;espera que aquesta DANA <a class=\"mh-excerpt-more\" href=\"https:\/\/tucomarca.whitekongsoftware.com\/ca\/una-nova-dana-encara-que-de-menor-intensitat-que-la-catastrofica-doctubre-afectara-aquest-dijous-i-divendres-a-la-comunitat-valenciana\/\" title=\"Una nova DANA, encara que de menor intensitat que la catastr\u00f2fica d&#8217;octubre, afectar\u00e0 aquest dijous i divendres a la Comunitat Valenciana\">[+] <\/a><\/div>\n","protected":false},"author":12,"featured_media":213287,"comment_status":"open","ping_status":"open","sticky":false,"template":"","format":"standard","meta":{"footnotes":""},"categories":[10889,21466,10898,10993,10948,10995,10894,10904,10902,10903,10896,10897],"tags":[15409,11199,12166],"class_list":["post-250441","post","type-post","status-publish","format-standard","has-post-thumbnail","category-alzira-cat","category-dana-ca","category-ventana-ca","category-gavarda-ca","category-infraestructuras-ca","category-lalcudia-ca","category-la-comarca-ca","category-sin-categorizar-ca","category-la-ribera-ca","category-medio-ambiente-la-comarca-ca","category-seccion-ca","category-sucesos-la-comarca-ca","tag-dana-2-ca","tag-la-comunitat-ca","tag-medio-ambiente-ca"],"_links":{"self":[{"href":"https:\/\/tucomarca.whitekongsoftware.com\/ca\/wp-json\/wp\/v2\/posts\/250441","targetHints":{"allow":["GET"]}}],"collection":[{"href":"https:\/\/tucomarca.whitekongsoftware.com\/ca\/wp-json\/wp\/v2\/posts"}],"about":[{"href":"https:\/\/tucomarca.whitekongsoftware.com\/ca\/wp-json\/wp\/v2\/types\/post"}],"author":[{"embeddable":true,"href":"https:\/\/tucomarca.whitekongsoftware.com\/ca\/wp-json\/wp\/v2\/users\/12"}],"replies":[{"embeddable":true,"href":"https:\/\/tucomarca.whitekongsoftware.com\/ca\/wp-json\/wp\/v2\/comments?post=250441"}],"version-history":[{"count":0,"href":"https:\/\/tucomarca.whitekongsoftware.com\/ca\/wp-json\/wp\/v2\/posts\/250441\/revisions"}],"wp:featuredmedia":[{"embeddable":true,"href":"https:\/\/tucomarca.whitekongsoftware.com\/ca\/wp-json\/wp\/v2\/media\/213287"}],"wp:attachment":[{"href":"https:\/\/tucomarca.whitekongsoftware.com\/ca\/wp-json\/wp\/v2\/media?parent=250441"}],"wp:term":[{"taxonomy":"category","embeddable":true,"href":"https:\/\/tucomarca.whitekongsoftware.com\/ca\/wp-json\/wp\/v2\/categories?post=250441"},{"taxonomy":"post_tag","embeddable":true,"href":"https:\/\/tucomarca.whitekongsoftware.com\/ca\/wp-json\/wp\/v2\/tags?post=250441"}],"curies":[{"name":"wp","href":"https:\/\/api.w.org\/{rel}","templated":true}]}}