{"id":250428,"date":"2025-01-15T11:45:00","date_gmt":"2025-01-15T09:45:00","guid":{"rendered":"https:\/\/www.tucomarca.com\/wordpress\/segunda\/?p=250428"},"modified":"2025-01-15T19:28:03","modified_gmt":"2025-01-15T17:28:03","slug":"bunyol-presenta-aquest-dissabte-a-candela-padilla-com-a-fallera-major-de-la-junta-local","status":"publish","type":"post","link":"https:\/\/tucomarca.whitekongsoftware.com\/ca\/bunyol-presenta-aquest-dissabte-a-candela-padilla-com-a-fallera-major-de-la-junta-local\/","title":{"rendered":"Bunyol presenta aquest dissabte a Candela Padilla com a Fallera Major de la Junta Local"},"content":{"rendered":"\n<p class=\"wp-block-paragraph\">Aquest dissabte, 18 de gener, el Teatre Montecarlo de Bunyol acollir\u00e0 la presentaci\u00f3 de Candela Padilla Monchol\u00ed, de la comissi\u00f3 Reyes Cat\u00f3licos, com a nova Fallera Major de la Junta Local de Bunyol per al 2025.<\/p>\n\n\n\n<p class=\"wp-block-paragraph\">Encara que la seua proclamaci\u00f3 oficial va tindre lloc a l&#8217;Auditori Municipal de Sant Llu\u00eds durant la Fira i Festes de Bunyol, aquest acte marcar\u00e0 la seua presentaci\u00f3 formal, juntament amb les integrants de la seua Cort d&#8217;Honor, representant a les cinc comissions falleres del municipi: Bu\u00f1ol Pueblo, Nuevo Bu\u00f1ol, Las Ventas, El Prado i Reyes Cat\u00f3licos y Adjacentes.<\/p>\n\n\n\n<p class=\"wp-block-paragraph\">La cerim\u00f2nia comptar\u00e0 amb la pres\u00e8ncia de l&#8217;alcaldessa Virginia Sanz, el president de la Junta Local i regidor de Festes, Sergio Galarza, aix\u00ed com d&#8217;altres autoritats locals.<\/p>\n\n\n\n<p class=\"wp-block-paragraph\">La presentaci\u00f3 de Candela Padilla com a Fallera Major simbolitza l&#8217;inici d&#8217;un nou cicle de presentacions falleres a Bunyol, donant pas aix\u00ed a la presentaci\u00f3 de la primera comissi\u00f3 a exaltar a les seues falleres majors, la Nuevo Bu\u00f1ol, que tindr\u00e0 lloc el seg\u00fcent dissabte, 25 de gener, en el mateix escenari del Teatre Montecarlo.<\/p>\n\n\n\n<p class=\"wp-block-paragraph\"><\/p>\n","protected":false},"excerpt":{"rendered":"<div class=\"mh-excerpt\">Aquest dissabte, 18 de gener, el Teatre Montecarlo de Bunyol acollir\u00e0 la presentaci\u00f3 de Candela Padilla Monchol\u00ed, de la comissi\u00f3 Reyes Cat\u00f3licos, com a nova Fallera Major de la Junta Local de Bunyol per al <a class=\"mh-excerpt-more\" href=\"https:\/\/tucomarca.whitekongsoftware.com\/ca\/bunyol-presenta-aquest-dissabte-a-candela-padilla-com-a-fallera-major-de-la-junta-local\/\" title=\"Bunyol presenta aquest dissabte a Candela Padilla com a Fallera Major de la Junta Local\">[+] <\/a><\/div>\n","protected":false},"author":12,"featured_media":233003,"comment_status":"open","ping_status":"open","sticky":false,"template":"","format":"standard","meta":{"footnotes":""},"categories":[11019,10911,10894,10912,11007,10896],"tags":[10913,20849,11165,10914],"class_list":["post-250428","post","type-post","status-publish","format-standard","has-post-thumbnail","category-agenda-ca","category-bunol-ca","category-la-comarca-ca","category-la-hoya-ca","category-ocio-y-cultura-ca","category-seccion-ca","tag-bunol-ca","tag-fallas-2025-ca","tag-junta-local-fallera-de-bunol-ca","tag-la-hoya-de-bunol-chiva-ca"],"_links":{"self":[{"href":"https:\/\/tucomarca.whitekongsoftware.com\/ca\/wp-json\/wp\/v2\/posts\/250428","targetHints":{"allow":["GET"]}}],"collection":[{"href":"https:\/\/tucomarca.whitekongsoftware.com\/ca\/wp-json\/wp\/v2\/posts"}],"about":[{"href":"https:\/\/tucomarca.whitekongsoftware.com\/ca\/wp-json\/wp\/v2\/types\/post"}],"author":[{"embeddable":true,"href":"https:\/\/tucomarca.whitekongsoftware.com\/ca\/wp-json\/wp\/v2\/users\/12"}],"replies":[{"embeddable":true,"href":"https:\/\/tucomarca.whitekongsoftware.com\/ca\/wp-json\/wp\/v2\/comments?post=250428"}],"version-history":[{"count":0,"href":"https:\/\/tucomarca.whitekongsoftware.com\/ca\/wp-json\/wp\/v2\/posts\/250428\/revisions"}],"wp:featuredmedia":[{"embeddable":true,"href":"https:\/\/tucomarca.whitekongsoftware.com\/ca\/wp-json\/wp\/v2\/media\/233003"}],"wp:attachment":[{"href":"https:\/\/tucomarca.whitekongsoftware.com\/ca\/wp-json\/wp\/v2\/media?parent=250428"}],"wp:term":[{"taxonomy":"category","embeddable":true,"href":"https:\/\/tucomarca.whitekongsoftware.com\/ca\/wp-json\/wp\/v2\/categories?post=250428"},{"taxonomy":"post_tag","embeddable":true,"href":"https:\/\/tucomarca.whitekongsoftware.com\/ca\/wp-json\/wp\/v2\/tags?post=250428"}],"curies":[{"name":"wp","href":"https:\/\/api.w.org\/{rel}","templated":true}]}}