{"id":250376,"date":"2025-01-14T08:00:00","date_gmt":"2025-01-14T06:00:00","guid":{"rendered":"https:\/\/www.tucomarca.com\/wordpress\/segunda\/?p=250376"},"modified":"2025-01-14T19:09:11","modified_gmt":"2025-01-14T17:09:11","slug":"el-psoe-assegura-que-bunyol-es-queda-sense-oficina-de-turisme-i-sense-museu-de-la-tomatina","status":"publish","type":"post","link":"https:\/\/tucomarca.whitekongsoftware.com\/ca\/el-psoe-assegura-que-bunyol-es-queda-sense-oficina-de-turisme-i-sense-museu-de-la-tomatina\/","title":{"rendered":"El PSOE assegura que Bunyol &#8220;es queda sense oficina de Turisme i sense museu de La Tomatina&#8221;"},"content":{"rendered":"\n<p class=\"wp-block-paragraph\">El PSOE de Bunyol ha posat de manifest &#8220;que l&#8217;oficina de Turisme i el Museu de la Tomatina, dues joies del nostre poble, han sigut tancats sense m\u00e9s, una mesura impulsada per Luc\u00eda Villar, l&#8217;encarregada de Turisme de Bunyol i m\u00e0 dreta en el partit X Bunyol&#8221;, a m\u00e9s afigen que &#8220;s&#8217;ha despla\u00e7at als treballadors d&#8217;aquestes instal\u00b7lacions a altres espais, en condicions que deixen molt a desitjar&#8221;, segons els socialistes.\u00a0<\/p>\n\n\n\n<p class=\"wp-block-paragraph\">&#8220;Aquest tancament va oc\u00f3rrer despr\u00e9s de l&#8217;ordre de desallotjament de l&#8217;edifici El Portal el passat 19 de desembre, justificada per un suposat risc en la fonamentaci\u00f3 despr\u00e9s de la riuada del 29 d&#8217;octubre. No obstant aix\u00f2, no s&#8217;han presentat proves de danys significatius en l&#8217;edifici ni un pla clar de reparacions&#8221;, afigen.<\/p>\n\n\n\n<p class=\"wp-block-paragraph\">&#8220;Des de llavors, l&#8217;oficina de Turisme ha sigut ocupada per la policia local, deixant en clar que per al govern de PP i X Bunyol, Turisme i Cultura no s\u00f3n prioritats. Aquesta decisi\u00f3 es pren a pesar que entre gener i octubre de 2024, Bunyol va rebre 22.636 visitants, segons estad\u00edstiques de&nbsp;Foro-ciudad.com, subratllant la import\u00e0ncia del turisme per a la localitat&#8221;.<\/p>\n\n\n\n<p class=\"wp-block-paragraph\">Els socialistes recalquen &#8220;que la cultura i el turisme han sigut pilars fonamentals de la nostra economia local, secundats per d\u00e8cades d&#8217;inversi\u00f3 i promoci\u00f3. Fins i tot durant l&#8217;\u00faltima crisi econ\u00f2mica i la pand\u00e8mia, el govern local anterior va mantindre un fort comprom\u00eds amb aquests sectors, la qual cosa va ajudar a mantindre un servei tur\u00edstic de qualitat i un perfil cultural avantguardista referent a la Comunitat Valenciana. Aquest treball va culminar amb l&#8217;obtenci\u00f3 d&#8217;un mili\u00f3 d&#8217;euros per a garantir noves inversions en el municipi&#8221;.&nbsp;<\/p>\n\n\n\n<p class=\"wp-block-paragraph\">El PSOE de Bunyol ha expressat la seua &#8220;ferma oposici\u00f3 a aquestes decisions&#8221; i demanda &#8220;la reobertura de l&#8217;Oficina de Turisme i del Museu de la Tomatina, i major comprom\u00eds amb el turisme i la cultura, fonamentals per a la identitat i prosperitat econ\u00f2mica del municipi&#8221;, finalitzen des del PSOE bu\u00f1olense.<\/p>\n","protected":false},"excerpt":{"rendered":"<div class=\"mh-excerpt\">El PSOE de Bunyol ha posat de manifest &#8220;que l&#8217;oficina de Turisme i el Museu de la Tomatina, dues joies del nostre poble, han sigut tancats sense m\u00e9s, una mesura impulsada per Luc\u00eda Villar, l&#8217;encarregada <a class=\"mh-excerpt-more\" href=\"https:\/\/tucomarca.whitekongsoftware.com\/ca\/el-psoe-assegura-que-bunyol-es-queda-sense-oficina-de-turisme-i-sense-museu-de-la-tomatina\/\" title=\"El PSOE assegura que Bunyol &#8220;es queda sense oficina de Turisme i sense museu de La Tomatina&#8221;\">[+] <\/a><\/div>\n","protected":false},"author":12,"featured_media":142329,"comment_status":"open","ping_status":"open","sticky":false,"template":"","format":"standard","meta":{"footnotes":""},"categories":[10911,10948,10894,10912,10947,10896],"tags":[10913,10914,11140],"class_list":["post-250376","post","type-post","status-publish","format-standard","has-post-thumbnail","category-bunol-ca","category-infraestructuras-ca","category-la-comarca-ca","category-la-hoya-ca","category-politica","category-seccion-ca","tag-bunol-ca","tag-la-hoya-de-bunol-chiva-ca","tag-politica-ca"],"_links":{"self":[{"href":"https:\/\/tucomarca.whitekongsoftware.com\/ca\/wp-json\/wp\/v2\/posts\/250376","targetHints":{"allow":["GET"]}}],"collection":[{"href":"https:\/\/tucomarca.whitekongsoftware.com\/ca\/wp-json\/wp\/v2\/posts"}],"about":[{"href":"https:\/\/tucomarca.whitekongsoftware.com\/ca\/wp-json\/wp\/v2\/types\/post"}],"author":[{"embeddable":true,"href":"https:\/\/tucomarca.whitekongsoftware.com\/ca\/wp-json\/wp\/v2\/users\/12"}],"replies":[{"embeddable":true,"href":"https:\/\/tucomarca.whitekongsoftware.com\/ca\/wp-json\/wp\/v2\/comments?post=250376"}],"version-history":[{"count":0,"href":"https:\/\/tucomarca.whitekongsoftware.com\/ca\/wp-json\/wp\/v2\/posts\/250376\/revisions"}],"wp:featuredmedia":[{"embeddable":true,"href":"https:\/\/tucomarca.whitekongsoftware.com\/ca\/wp-json\/wp\/v2\/media\/142329"}],"wp:attachment":[{"href":"https:\/\/tucomarca.whitekongsoftware.com\/ca\/wp-json\/wp\/v2\/media?parent=250376"}],"wp:term":[{"taxonomy":"category","embeddable":true,"href":"https:\/\/tucomarca.whitekongsoftware.com\/ca\/wp-json\/wp\/v2\/categories?post=250376"},{"taxonomy":"post_tag","embeddable":true,"href":"https:\/\/tucomarca.whitekongsoftware.com\/ca\/wp-json\/wp\/v2\/tags?post=250376"}],"curies":[{"name":"wp","href":"https:\/\/api.w.org\/{rel}","templated":true}]}}