{"id":250268,"date":"2025-01-13T08:30:00","date_gmt":"2025-01-13T06:30:00","guid":{"rendered":"https:\/\/www.tucomarca.com\/wordpress\/segunda\/?p=250268"},"modified":"2025-01-13T20:04:10","modified_gmt":"2025-01-13T18:04:10","slug":"el-circuit-ricardo-tormo-aprova-un-pla-per-a-reconstruir-els-seus-accessos-i-aparcaments","status":"publish","type":"post","link":"https:\/\/tucomarca.whitekongsoftware.com\/ca\/el-circuit-ricardo-tormo-aprova-un-pla-per-a-reconstruir-els-seus-accessos-i-aparcaments\/","title":{"rendered":"El Circuit Ricardo Tormo aprova un pla per a reconstruir els seus accessos i aparcaments"},"content":{"rendered":"\n<h3 class=\"wp-block-heading\">El Circuit Ricardo Tormo aprova un pla per a reconstruir els seus accessos i aparcaments.<\/h3>\n\n\n\n<h3 class=\"wp-block-heading\">El Consell d&#8217;administraci\u00f3 del Circuit s&#8217;ha reunit per a estudiar els detalls de la reconstrucci\u00f3 dels accessos i aparcaments.<\/h3>\n\n\n\n<p class=\"wp-block-paragraph\">Les obres de l&#8217;acc\u00e9s principal comencen aquesta mateixa setmana i culminaran a la primavera<br>El Consell d&#8217;administraci\u00f3 de l&#8217;empresa gestora del Circuit Ricardo Tormo ha celebrat aquest dilluns una reuni\u00f3 per a estudiar i aprovar el pla de reconstrucci\u00f3 dels accessos i els aparcaments de les instal\u00b7lacions de Xest.<\/p>\n\n\n\n<p class=\"wp-block-paragraph\">Des del pas de la dana per la prov\u00edncia de Val\u00e8ncia el 29 d&#8217;octubre, el Circuit s&#8217;ha vist obligat a cancel\u00b7lar els \u00faltims tres esdeveniments del calendari 2024 i ha centrat els seus esfor\u00e7os a ajudar als seus ve\u00efns a trav\u00e9s de diferents accions solid\u00e0ries i a posar en servei un acc\u00e9s alternatiu per a reiniciar la seua activitat di\u00e0ria des del passat 5 de desembre.<\/p>\n\n\n\n<p class=\"wp-block-paragraph\">El pla de reconstrucci\u00f3 indica les labors que es duran a terme en les \u00e0rees afectades per a solucionar els problemes d&#8217;acc\u00e9s i aparcament en els quals es troba el Circuit des del 29 d&#8217;octubre. Aix\u00ed mateix, el Consell d&#8217;administraci\u00f3, presidit pel director general d&#8217;Esport, Luis Cervera, ha decidit sol\u00b7licitar l&#8217;ajuda del Consell Superior d&#8217;Esports per a executar aquests treballs.<\/p>\n\n\n\n<p class=\"wp-block-paragraph\">Les obres en l&#8217;acc\u00e9s principal comencen aquesta mateixa setmana amb la reconstrucci\u00f3 del pont sobre el barranc de Sechara, posteriorment s&#8217;instal\u00b7lar\u00e0 de nou el clos i es reconstruiran els accessos per als vianants.<\/p>\n\n\n\n<p class=\"wp-block-paragraph\">El pla tamb\u00e9 assenyala els treballs que es realitzaran en els aparcaments P1, P2, P3, P7, P9, P18 i P19 aix\u00ed com a l&#8217;Escola de Seguretat Vi\u00e0ria i el p\u00e0rquing d&#8217;autobusos perqu\u00e8 estiguen operatius a partir del mes de mar\u00e7.<\/p>\n\n\n\n<p class=\"wp-block-paragraph\">Fins llavors cadascun dels esdeveniments del calendari 2025 del Circuit Ricardo Tormo se celebrar\u00e0 amb aforament limitat per a garantir la seguretat dels aficionats que assistisquen a les carreres.<\/p>\n","protected":false},"excerpt":{"rendered":"<div class=\"mh-excerpt\">El Circuit Ricardo Tormo aprova un pla per a reconstruir els seus accessos i aparcaments. El Consell d&#8217;administraci\u00f3 del Circuit s&#8217;ha reunit per a estudiar els detalls de la reconstrucci\u00f3 dels accessos i aparcaments. Les <a class=\"mh-excerpt-more\" href=\"https:\/\/tucomarca.whitekongsoftware.com\/ca\/el-circuit-ricardo-tormo-aprova-un-pla-per-a-reconstruir-els-seus-accessos-i-aparcaments\/\" title=\"El Circuit Ricardo Tormo aprova un pla per a reconstruir els seus accessos i aparcaments\">[+] <\/a><\/div>\n","protected":false},"author":12,"featured_media":250265,"comment_status":"open","ping_status":"open","sticky":false,"template":"","format":"standard","meta":{"footnotes":""},"categories":[11017,21466,11003,10898,10948,10894,10904,10912,10903,11011,10947,10896,10897,10974],"tags":[11071,11412,10914],"class_list":["post-250268","post","type-post","status-publish","format-standard","has-post-thumbnail","category-automovilismo-ca","category-dana-ca","category-sports","category-ventana-ca","category-infraestructuras-ca","category-la-comarca-ca","category-sin-categorizar-ca","category-la-hoya-ca","category-medio-ambiente-la-comarca-ca","category-motociclismo-ca","category-politica","category-seccion-ca","category-sucesos-la-comarca-ca","category-cheste-ca","tag-cheste","tag-circuit-ricardo-tormo-ca","tag-la-hoya-de-bunol-chiva-ca"],"_links":{"self":[{"href":"https:\/\/tucomarca.whitekongsoftware.com\/ca\/wp-json\/wp\/v2\/posts\/250268","targetHints":{"allow":["GET"]}}],"collection":[{"href":"https:\/\/tucomarca.whitekongsoftware.com\/ca\/wp-json\/wp\/v2\/posts"}],"about":[{"href":"https:\/\/tucomarca.whitekongsoftware.com\/ca\/wp-json\/wp\/v2\/types\/post"}],"author":[{"embeddable":true,"href":"https:\/\/tucomarca.whitekongsoftware.com\/ca\/wp-json\/wp\/v2\/users\/12"}],"replies":[{"embeddable":true,"href":"https:\/\/tucomarca.whitekongsoftware.com\/ca\/wp-json\/wp\/v2\/comments?post=250268"}],"version-history":[{"count":0,"href":"https:\/\/tucomarca.whitekongsoftware.com\/ca\/wp-json\/wp\/v2\/posts\/250268\/revisions"}],"wp:featuredmedia":[{"embeddable":true,"href":"https:\/\/tucomarca.whitekongsoftware.com\/ca\/wp-json\/wp\/v2\/media\/250265"}],"wp:attachment":[{"href":"https:\/\/tucomarca.whitekongsoftware.com\/ca\/wp-json\/wp\/v2\/media?parent=250268"}],"wp:term":[{"taxonomy":"category","embeddable":true,"href":"https:\/\/tucomarca.whitekongsoftware.com\/ca\/wp-json\/wp\/v2\/categories?post=250268"},{"taxonomy":"post_tag","embeddable":true,"href":"https:\/\/tucomarca.whitekongsoftware.com\/ca\/wp-json\/wp\/v2\/tags?post=250268"}],"curies":[{"name":"wp","href":"https:\/\/api.w.org\/{rel}","templated":true}]}}