{"id":250117,"date":"2025-01-10T09:55:00","date_gmt":"2025-01-10T07:55:00","guid":{"rendered":"https:\/\/www.tucomarca.com\/wordpress\/segunda\/?p=250117"},"modified":"2025-01-10T20:31:28","modified_gmt":"2025-01-10T18:31:28","slug":"livc-posa-a-la-venda-les-entrades-de-tots-els-espectacles-del-primer-trimestre-de-2025-del-teatre-principal-i-lauditori-de-castello","status":"publish","type":"post","link":"https:\/\/tucomarca.whitekongsoftware.com\/ca\/livc-posa-a-la-venda-les-entrades-de-tots-els-espectacles-del-primer-trimestre-de-2025-del-teatre-principal-i-lauditori-de-castello\/","title":{"rendered":"L\u2019IVC posa a la venda les entrades de tots els espectacles del primer trimestre de 2025 del Teatre Principal i l\u2019Auditori de Castell\u00f3"},"content":{"rendered":"\n<h3 class=\"wp-block-heading\">Carmen Linares, Christina Rosenvinge o Perico Sambeat, entre els concerts fora d\u2019abonament de l\u2019Auditori de Castell\u00f3.<\/h3>\n\n\n\n<h3 class=\"wp-block-heading\">El Teatre Principal tanca la venda d\u2019abonaments i posa a la venda les entrades soltes per a totes les obres fins a mar\u00e7 de 2025.<\/h3>\n\n\n\n<p class=\"wp-block-paragraph\">L\u2019Institut Valenci\u00e0 de Cultura, dependent de la Conselleria d\u2019Educaci\u00f3, Cultura, Universitats i Ocupaci\u00f3, posa a la venda les entrades de totes les obres i concerts del primer trimestre de 2025 del Teatre Principal i l\u2019Auditori de Castell\u00f3.<\/p>\n\n\n\n<p class=\"wp-block-paragraph\">D\u2019una banda, despr\u00e9s del tancament del per\u00edode d\u2019adquisici\u00f3 dels abonaments trimestrals, el Teatre Principal de Castell\u00f3 posa a la venda, des del dissabte 11 de gener, les entrades soltes per a cada una de les funcions programades de gener a mar\u00e7 de 2025.<\/p>\n\n\n\n<p class=\"wp-block-paragraph\">El trimestre s\u2019estrena el diumenge, 19 de gener, amb l\u2019\u00faltima producci\u00f3 pr\u00f2pia de l\u2019Institut Valenci\u00e0 de Cultura&nbsp;<em>La Mancha<\/em>, de Sergio Serrano. La programaci\u00f3 continua el 26 de gener amb&nbsp;<em>Farra<\/em>, l\u2019espectacle de teatre, m\u00fasica i circ de Lucas Escobedo i la Compa\u00f1\u00eda Nacional de Teatro Cl\u00e1sico.<\/p>\n\n\n\n<p class=\"wp-block-paragraph\">El mes de febrer acollir\u00e0 obres com&nbsp;<em>Los guapos<\/em>&nbsp;de David Trueba;&nbsp;<em>Cinc minuts<\/em>&nbsp;amb l\u2019actor i dramaturg Jer\u00f3nimo Cornelles, juntament amb el reconegut director valenci\u00e0 Rafael Calatayud; i tanca el mes Jos\u00e9 Sacrist\u00e1n encap\u00e7alant el repartiment de&nbsp;<em>La colecci\u00f3n<\/em>.<\/p>\n\n\n\n<p class=\"wp-block-paragraph\">La cantant i actriu Lolita obri el mes de mar\u00e7 amb&nbsp;<em>Poncia&nbsp;<\/em>per a donar pas a Fernando Guill\u00e9n Cuervo que protagonitza&nbsp;<em>Testigo de cargo<\/em>&nbsp;i, tancant el trimestre,&nbsp;<em>Tots ocells<\/em>&nbsp;amb l\u2019actriu Clara Segura.<\/p>\n\n\n\n<p class=\"wp-block-paragraph\">A m\u00e9s dels espectacles inclosos en abonament, el Teatre Principal de Castell\u00f3 posa a la venda tamb\u00e9 les entrades de dos espectacles familiars que tindran lloc en este trimestre.<\/p>\n\n\n\n<p class=\"wp-block-paragraph\">D\u2019una banda, el 2 de febrer arriba&nbsp;<em>D\u00f3nde est\u00e0 Alicia<\/em>, una producci\u00f3 de Marea Danza basada en l\u2019obra&nbsp;<em>Alicia al pa\u00eds de les meravelles<\/em>; i, el 16 de mar\u00e7 es representar\u00e0 l\u2019espectacle de teatre i titelles&nbsp;<em>La bruja rechinadientes<\/em>.<\/p>\n\n\n\n<p class=\"wp-block-paragraph\"><strong>Flamenc, pop,&nbsp;<em>jazz&nbsp;<\/em>i cl\u00e0ssica, en l\u2019Auditori de Castell\u00f3<\/strong><\/p>\n\n\n\n<p class=\"wp-block-paragraph\">Per la seua part, l\u2019Auditori de Castell\u00f3 tamb\u00e9 ha posat ja a la disposici\u00f3 del p\u00fablic totes les entrades dels concerts del primer trimestre de 2025.<\/p>\n\n\n\n<p class=\"wp-block-paragraph\">La Jove Orquestra de la Generalitat Valenciana va ser l\u2019encarregada d\u2019inaugurar l\u2019any, i la programaci\u00f3 d\u2019abonament amb el seu concert del 3 de gener. El dissabte 11 de gener \u00e9s el torn del segon dels concerts de l\u2019abonament trimestral, amb l\u2019esperat recital de sarsuela.<\/p>\n\n\n\n<p class=\"wp-block-paragraph\">El mes de febrer, l\u2019Auditori es prepara per a acollir els austr\u00edacs de Camerata Salzburg, el grup valenci\u00e0 de m\u00fasica antiga Harmonia del Parn\u00e0s i l\u2019Orquestra de la Comunitat Valenciana amb la direcci\u00f3 de Gustavo Gimeno.<\/p>\n\n\n\n<p class=\"wp-block-paragraph\">L\u2019abonament trimestral conclou amb el recital l\u00edric&nbsp;<em>De Verdi al Verisme<\/em>&nbsp;amb la soprano Amparo Navarro, el bar\u00edton Javier Franco, i el pianista Francisco Herv\u00e1s, que es podr\u00e0 vore el 8 de mar\u00e7, i una setmana m\u00e9s tard, el 14 de mar\u00e7, amb el concert del reconegut pianista Andrey Yaroshinsky.<\/p>\n\n\n\n<p class=\"wp-block-paragraph\">A m\u00e9s dels concerts inclosos en l\u2019abonament d\u2019hivern, l\u2019Auditori de Castell\u00f3 presenta este trimestre una variada programaci\u00f3 amb flamenc,&nbsp;<em>jazz&nbsp;<\/em>o pop. El 17 de gener l\u2019Auditori acollir\u00e0 el concert&nbsp;<em>Los versos s\u00e1ficos<\/em>&nbsp;de Christina Rosenvinge i, un dia m\u00e9s tard, la sala simf\u00f2nica celebrar\u00e0 els&nbsp;<em>40 anys de flamenco<\/em>&nbsp;de la reconeguda&nbsp;<em>cantaora&nbsp;<\/em>i llegenda del flamenc Carmen Linares.<\/p>\n\n\n\n<p class=\"wp-block-paragraph\">El&nbsp;<em>jazz&nbsp;<\/em>estar\u00e0 ben representat durant este trimestre en l\u2019Auditori. A m\u00e9s del concert realitzat el 9 de gener de David Helbock, passaran per l\u2019escenari de l\u2019Auditori figures com Perico Sambeat, el 24 de gener; Albert Sanz Group, l\u20191 de mar\u00e7; o Spanish Brass &amp; Friends, el 6 de mar\u00e7.<\/p>\n\n\n\n<p class=\"wp-block-paragraph\">Totes les entrades es poden adquirir en les taquilles del Teatre i Auditori de Castell\u00f3 o en la seu electr\u00f2nica de l\u2019<a href=\"http:\/\/ivc.gva.es%20\/\">IVC<\/a>.<\/p>\n","protected":false},"excerpt":{"rendered":"<div class=\"mh-excerpt\">Carmen Linares, Christina Rosenvinge o Perico Sambeat, entre els concerts fora d\u2019abonament de l\u2019Auditori de Castell\u00f3. El Teatre Principal tanca la venda d\u2019abonaments i posa a la venda les entrades soltes per a totes les <a class=\"mh-excerpt-more\" href=\"https:\/\/tucomarca.whitekongsoftware.com\/ca\/livc-posa-a-la-venda-les-entrades-de-tots-els-espectacles-del-primer-trimestre-de-2025-del-teatre-principal-i-lauditori-de-castello\/\" title=\"L\u2019IVC posa a la venda les entrades de tots els espectacles del primer trimestre de 2025 del Teatre Principal i l\u2019Auditori de Castell\u00f3\">[+] <\/a><\/div>\n","protected":false},"author":12,"featured_media":247992,"comment_status":"open","ping_status":"open","sticky":false,"template":"","format":"standard","meta":{"footnotes":""},"categories":[11019,11005,10898,10894,10904,11007,10896],"tags":[13274,17761],"class_list":["post-250117","post","type-post","status-publish","format-standard","has-post-thumbnail","category-agenda-ca","category-canal-musica","category-ventana-ca","category-la-comarca-ca","category-sin-categorizar-ca","category-ocio-y-cultura-ca","category-seccion-ca","tag-institut-valencia-de-cultura-ca","tag-ivc-ca"],"_links":{"self":[{"href":"https:\/\/tucomarca.whitekongsoftware.com\/ca\/wp-json\/wp\/v2\/posts\/250117","targetHints":{"allow":["GET"]}}],"collection":[{"href":"https:\/\/tucomarca.whitekongsoftware.com\/ca\/wp-json\/wp\/v2\/posts"}],"about":[{"href":"https:\/\/tucomarca.whitekongsoftware.com\/ca\/wp-json\/wp\/v2\/types\/post"}],"author":[{"embeddable":true,"href":"https:\/\/tucomarca.whitekongsoftware.com\/ca\/wp-json\/wp\/v2\/users\/12"}],"replies":[{"embeddable":true,"href":"https:\/\/tucomarca.whitekongsoftware.com\/ca\/wp-json\/wp\/v2\/comments?post=250117"}],"version-history":[{"count":0,"href":"https:\/\/tucomarca.whitekongsoftware.com\/ca\/wp-json\/wp\/v2\/posts\/250117\/revisions"}],"wp:featuredmedia":[{"embeddable":true,"href":"https:\/\/tucomarca.whitekongsoftware.com\/ca\/wp-json\/wp\/v2\/media\/247992"}],"wp:attachment":[{"href":"https:\/\/tucomarca.whitekongsoftware.com\/ca\/wp-json\/wp\/v2\/media?parent=250117"}],"wp:term":[{"taxonomy":"category","embeddable":true,"href":"https:\/\/tucomarca.whitekongsoftware.com\/ca\/wp-json\/wp\/v2\/categories?post=250117"},{"taxonomy":"post_tag","embeddable":true,"href":"https:\/\/tucomarca.whitekongsoftware.com\/ca\/wp-json\/wp\/v2\/tags?post=250117"}],"curies":[{"name":"wp","href":"https:\/\/api.w.org\/{rel}","templated":true}]}}