{"id":249856,"date":"2025-01-08T11:05:00","date_gmt":"2025-01-08T09:05:00","guid":{"rendered":"https:\/\/www.tucomarca.com\/wordpress\/segunda\/?p=249856"},"modified":"2025-01-08T20:15:47","modified_gmt":"2025-01-08T18:15:47","slug":"el-pp-de-requena-enlletgeix-a-lalcalde-el-circ-que-ha-muntat-en-la-diputacio","status":"publish","type":"post","link":"https:\/\/tucomarca.whitekongsoftware.com\/ca\/el-pp-de-requena-enlletgeix-a-lalcalde-el-circ-que-ha-muntat-en-la-diputacio\/","title":{"rendered":"El PP de Requena enlletgeix a l&#8217;alcalde &#8220;el circ&#8221; que ha muntat en la Diputaci\u00f3"},"content":{"rendered":"\n<h3 class=\"wp-block-heading\">\u201cAquest tipus de fets vergonyants i rid\u00edculs posen de manifest l&#8217;estrat\u00e8gia de molt de soroll i poques anous que Mario S\u00e1nchez est\u00e0 aplicant a Requena\u201d, segons els Populars.<\/h3>\n\n\n\n<p class=\"wp-block-paragraph\">El Partit Popular de Requena ha enlletgit a l&#8217;alcalde del municipi, Mario S\u00e1nchez, \u201cel circ que ha muntat\u201d aquest mat\u00ed en la Diputaci\u00f3 en intentar entrar a una reuni\u00f3 a la qual no havia sigut convocat. Aquest dimecres el president de la Diputaci\u00f3, el popular Vicent Momp\u00f3, s&#8217;ha reunit amb els alcaldes i alcaldesses de Quart de Poblet, Loriguilla, Riba-roja i Vilamarxant perqu\u00e8 aix\u00ed li ho havien sol\u00b7licitat aquests municipis. L&#8217;objecte de la trobada era aclarir els motius pels s&#8217;havien quedat fora de les ajudes del Patronat de la Fundaci\u00f3 Amancio Ortega i ha concl\u00f2s amb el comprom\u00eds de la Diputaci\u00f3 d&#8217;estudiar f\u00f3rmules per a ajudar-los.<\/p>\n\n\n\n<p class=\"wp-block-paragraph\">&nbsp;\u201cA ning\u00fa se li ocorre intentar entrar a una reuni\u00f3 a la qual no ha sigut convocat i menys a un alcalde o representant d&#8217;una instituci\u00f3\u201d, ha defensat el PP de Requena, qui ha qualificat l&#8217;actuaci\u00f3 de l&#8217;alcalde de \u201cocurr\u00e8ncia\u201d. \u201cDamunt es queixa i ho aireja quan el que queda en evid\u00e8ncia \u00e9s ell, \u00e9s un fet vergonyant i rid\u00edcul que posa de manifest l&#8217;estrat\u00e8gia de molt de soroll i poques anous que Mario S\u00e1nchez est\u00e0 aplicant a Requena\u201d, ha assegurat.<\/p>\n\n\n\n<p class=\"wp-block-paragraph\">A m\u00e9s, ha defensat el PP, \u201cDes de la Diputaci\u00f3 s&#8217;ha deixat clar que s&#8217;atendr\u00e0 a tots els alcaldes, per\u00f2 l\u00f2gicament cal concertar reunions, un no pot anar i plantar-se en una reuni\u00f3 sense que s&#8217;haja acordat; el mateix president de la instituci\u00f3 l&#8217;ha rebut i li ho ha explicat, demostrant aix\u00ed que \u00e9s un dirigent amb el seu despatx obert, disposat a escoltar i a buscar solucions, sempre que es concerten abans les cites com es fa sempre en totes les institucions\u201d.<\/p>\n\n\n\n<p class=\"wp-block-paragraph\">Per al PP de Requena \u201cS\u00e1nchez, molt al contrari del que diu, no ha vetlat pels interessos dels requenenses, sin\u00f3 pels seus propis i els del seu partit\u201d. \u201cNom\u00e9s ha tractat de tindre uns quants titulars que no van a cap lloc, aix\u00f2 no soluciona els problemes de la ciutadania, que el que espera \u00e9s efici\u00e8ncia en la gesti\u00f3 com la que el PP estava duent a terme a Requena abans de la vergonyosa moci\u00f3 de censura\u201d, han destacat els populars.<\/p>\n","protected":false},"excerpt":{"rendered":"<div class=\"mh-excerpt\">\u201cAquest tipus de fets vergonyants i rid\u00edculs posen de manifest l&#8217;estrat\u00e8gia de molt de soroll i poques anous que Mario S\u00e1nchez est\u00e0 aplicant a Requena\u201d, segons els Populars. El Partit Popular de Requena ha enlletgit <a class=\"mh-excerpt-more\" href=\"https:\/\/tucomarca.whitekongsoftware.com\/ca\/el-pp-de-requena-enlletgeix-a-lalcalde-el-circ-que-ha-muntat-en-la-diputacio\/\" title=\"El PP de Requena enlletgeix a l&#8217;alcalde &#8220;el circ&#8221; que ha muntat en la Diputaci\u00f3\">[+] <\/a><\/div>\n","protected":false},"author":13,"featured_media":249854,"comment_status":"open","ping_status":"open","sticky":false,"template":"","format":"standard","meta":{"footnotes":""},"categories":[10894,10947,10908,10909,10896],"tags":[11140,11099,10910],"class_list":["post-249856","post","type-post","status-publish","format-standard","has-post-thumbnail","category-la-comarca-ca","category-politica","category-requena-ca","category-requena-utiel-ca","category-seccion-ca","tag-politica-ca","tag-requena-ca","tag-requena-utiel-ca"],"_links":{"self":[{"href":"https:\/\/tucomarca.whitekongsoftware.com\/ca\/wp-json\/wp\/v2\/posts\/249856","targetHints":{"allow":["GET"]}}],"collection":[{"href":"https:\/\/tucomarca.whitekongsoftware.com\/ca\/wp-json\/wp\/v2\/posts"}],"about":[{"href":"https:\/\/tucomarca.whitekongsoftware.com\/ca\/wp-json\/wp\/v2\/types\/post"}],"author":[{"embeddable":true,"href":"https:\/\/tucomarca.whitekongsoftware.com\/ca\/wp-json\/wp\/v2\/users\/13"}],"replies":[{"embeddable":true,"href":"https:\/\/tucomarca.whitekongsoftware.com\/ca\/wp-json\/wp\/v2\/comments?post=249856"}],"version-history":[{"count":0,"href":"https:\/\/tucomarca.whitekongsoftware.com\/ca\/wp-json\/wp\/v2\/posts\/249856\/revisions"}],"wp:featuredmedia":[{"embeddable":true,"href":"https:\/\/tucomarca.whitekongsoftware.com\/ca\/wp-json\/wp\/v2\/media\/249854"}],"wp:attachment":[{"href":"https:\/\/tucomarca.whitekongsoftware.com\/ca\/wp-json\/wp\/v2\/media?parent=249856"}],"wp:term":[{"taxonomy":"category","embeddable":true,"href":"https:\/\/tucomarca.whitekongsoftware.com\/ca\/wp-json\/wp\/v2\/categories?post=249856"},{"taxonomy":"post_tag","embeddable":true,"href":"https:\/\/tucomarca.whitekongsoftware.com\/ca\/wp-json\/wp\/v2\/tags?post=249856"}],"curies":[{"name":"wp","href":"https:\/\/api.w.org\/{rel}","templated":true}]}}