{"id":249852,"date":"2025-01-08T13:00:00","date_gmt":"2025-01-08T11:00:00","guid":{"rendered":"https:\/\/www.tucomarca.com\/wordpress\/segunda\/?p=249852"},"modified":"2025-01-08T19:41:16","modified_gmt":"2025-01-08T17:41:16","slug":"benaguasil-posara-en-marxa-un-nou-taller-docupacio","status":"publish","type":"post","link":"https:\/\/tucomarca.whitekongsoftware.com\/ca\/benaguasil-posara-en-marxa-un-nou-taller-docupacio\/","title":{"rendered":"Benaguasil posar\u00e0 en marxa un nou taller d&#8217;ocupaci\u00f3"},"content":{"rendered":"\n<h3 class=\"wp-block-heading\">Permetr\u00e0 contractar 25 persones desocupades durant un any.<\/h3>\n\n\n\n<h3 class=\"wp-block-heading\">La iniciativa compta amb una inversi\u00f3 de 549.528 euros subvencionats per la Generalitat Valenciana i cofinan\u00e7ats per l&#8217;Ajuntament.<\/h3>\n\n\n\n<p class=\"wp-block-paragraph\">L&#8217;Ajuntament de Benaguasil ha sigut beneficiari del taller d&#8217;ocupaci\u00f3 \u201cBenaguasil Sostenible V\u201d, que permetr\u00e0 la contractaci\u00f3 de 25 persones entre alumnes i personal directiu, administratiu i docent, durant un any.<\/p>\n\n\n\n<p class=\"wp-block-paragraph\">La subvenci\u00f3 concedida per Labora \u00e9s de 549.528 euros, una quantitat a la qual s&#8217;unir\u00e0 una aportaci\u00f3 municipal, i amb la qual es finan\u00e7ar\u00e0 aquest nou taller qu\u00e8 dona continu\u00eftat a aquest programa que ve desenvolupant l&#8217;Ajuntament en les especialitats d&#8217;obra de paleta i de jardineria.<\/p>\n\n\n\n<p class=\"wp-block-paragraph\">Respecte als requisits l&#8217;alumnat haur\u00e0 de ser major de 16 anys i a m\u00e9s estar en edat de treballar com a m\u00ednim fins a la finalitzaci\u00f3 del projecte, ser demandants d&#8217;ocupaci\u00f3 registrades en un servei p\u00fablic d&#8217;ocupaci\u00f3, ser desocupades no ocupades o persones ocupades registrades en millora d&#8217;ocupaci\u00f3, complir els requisits establits en la normativa d&#8217;aplicaci\u00f3 per a formalitzar un contracte per a la formaci\u00f3 en alternan\u00e7a i complir els requisits establits en els articles 75 i 76 del Reial decret 659\/2023, de 18 de juliol.<\/p>\n\n\n\n<p class=\"wp-block-paragraph\">Les persones interessades a formar part en aquest taller han de dirigir-se a Labora i inscriure&#8217;s com a demandants de formaci\u00f3 en alguna d&#8217;aquestes \u00e0rees: EOCB0208 Operacions auxiliars d&#8217;obra de paleta de f\u00e0briques i cobertes; EOCB0108 F\u00e0briques d&#8217;obra de paleta; AGAO0108 Activitats auxiliars en vivers, jardins i centres de jardineria o AGAO0208 Instal\u00b7laci\u00f3 i manteniment de jardins i zones verdes.<\/p>\n\n\n\n<p class=\"wp-block-paragraph\">Des del Consistori han assenyalat que \u00abamb aquest nou taller continuem amb el nostre comprom\u00eds a promoure aquestes iniciatives que brinden formaci\u00f3 als nostres ve\u00efns i faciliten la seua posterior integraci\u00f3 al mercat de treball\u201d.<\/p>\n","protected":false},"excerpt":{"rendered":"<div class=\"mh-excerpt\">Permetr\u00e0 contractar 25 persones desocupades durant un any. La iniciativa compta amb una inversi\u00f3 de 549.528 euros subvencionats per la Generalitat Valenciana i cofinan\u00e7ats per l&#8217;Ajuntament. L&#8217;Ajuntament de Benaguasil ha sigut beneficiari del taller d&#8217;ocupaci\u00f3 <a class=\"mh-excerpt-more\" href=\"https:\/\/tucomarca.whitekongsoftware.com\/ca\/benaguasil-posara-en-marxa-un-nou-taller-docupacio\/\" title=\"Benaguasil posar\u00e0 en marxa un nou taller d&#8217;ocupaci\u00f3\">[+] <\/a><\/div>\n","protected":false},"author":12,"featured_media":132401,"comment_status":"open","ping_status":"open","sticky":false,"template":"","format":"standard","meta":{"footnotes":""},"categories":[10952,10892,10894,10947,10896],"tags":[11136,10899,13143],"class_list":["post-249852","post","type-post","status-publish","format-standard","has-post-thumbnail","category-benaguasil-ca","category-camp-de-turia-ca","category-la-comarca-ca","category-politica","category-seccion-ca","tag-benaguasil-ca","tag-camp-de-turia-ca","tag-taller-de-empleo-ca"],"_links":{"self":[{"href":"https:\/\/tucomarca.whitekongsoftware.com\/ca\/wp-json\/wp\/v2\/posts\/249852","targetHints":{"allow":["GET"]}}],"collection":[{"href":"https:\/\/tucomarca.whitekongsoftware.com\/ca\/wp-json\/wp\/v2\/posts"}],"about":[{"href":"https:\/\/tucomarca.whitekongsoftware.com\/ca\/wp-json\/wp\/v2\/types\/post"}],"author":[{"embeddable":true,"href":"https:\/\/tucomarca.whitekongsoftware.com\/ca\/wp-json\/wp\/v2\/users\/12"}],"replies":[{"embeddable":true,"href":"https:\/\/tucomarca.whitekongsoftware.com\/ca\/wp-json\/wp\/v2\/comments?post=249852"}],"version-history":[{"count":0,"href":"https:\/\/tucomarca.whitekongsoftware.com\/ca\/wp-json\/wp\/v2\/posts\/249852\/revisions"}],"wp:featuredmedia":[{"embeddable":true,"href":"https:\/\/tucomarca.whitekongsoftware.com\/ca\/wp-json\/wp\/v2\/media\/132401"}],"wp:attachment":[{"href":"https:\/\/tucomarca.whitekongsoftware.com\/ca\/wp-json\/wp\/v2\/media?parent=249852"}],"wp:term":[{"taxonomy":"category","embeddable":true,"href":"https:\/\/tucomarca.whitekongsoftware.com\/ca\/wp-json\/wp\/v2\/categories?post=249852"},{"taxonomy":"post_tag","embeddable":true,"href":"https:\/\/tucomarca.whitekongsoftware.com\/ca\/wp-json\/wp\/v2\/tags?post=249852"}],"curies":[{"name":"wp","href":"https:\/\/api.w.org\/{rel}","templated":true}]}}