{"id":249849,"date":"2025-01-08T08:45:00","date_gmt":"2025-01-08T06:45:00","guid":{"rendered":"https:\/\/www.tucomarca.com\/wordpress\/segunda\/?p=249849"},"modified":"2025-01-08T19:44:25","modified_gmt":"2025-01-08T17:44:25","slug":"linstitut-valencia-de-cultura-inicia-lany-en-el-teatre-rialto-de-valencia-amb-lobra-de-pablo-remon-barbados-en-2022","status":"publish","type":"post","link":"https:\/\/tucomarca.whitekongsoftware.com\/ca\/linstitut-valencia-de-cultura-inicia-lany-en-el-teatre-rialto-de-valencia-amb-lobra-de-pablo-remon-barbados-en-2022\/","title":{"rendered":"L\u2019Institut Valenci\u00e0 de Cultura inicia l\u2019any en el Teatre Rialto de Val\u00e8ncia amb l\u2019obra de Pablo Rem\u00f3n \u2018Barbados en 2022\u2019"},"content":{"rendered":"\n<h3 class=\"wp-block-heading\">Pablo Rem\u00f3n \u00e9s Premi Nacional de Literatura Dram\u00e0tica (2021).<\/h3>\n\n\n\n<h3 class=\"wp-block-heading\">Coincidint amb esta representaci\u00f3, el director impartir\u00e0 el taller d\u2019escriptura dram\u00e0tica els dies 9, 10 i 11 de gener.<\/h3>\n\n\n\n<p class=\"wp-block-paragraph\">L\u2019Institut Valenci\u00e0 de Cultura, dependent de la Conselleria d\u2019Educaci\u00f3, Cultura, Universitats i Ocupaci\u00f3, comen\u00e7a l\u2019any en el Teatre Rialto de Val\u00e8ncia amb la representaci\u00f3 del 9 al 12 de gener de&nbsp;<em>Barbados en 2022<\/em>, escrita i dirigida per Pablo Rem\u00f3n.<\/p>\n\n\n\n<p class=\"wp-block-paragraph\">Es tracta d\u2019un text que l\u2019autor ha decidit revisitar cada cinc anys, en el qual parla sobre la parella i les infinites versions que cont\u00e9 la seua pr\u00f2pia hist\u00f2ria, \u201cde manera que estiga permanentment viva, i que el temps fa\u00e7a el seu treball en els actors, en la parella que interpreten, en els textos, en l\u2019obra en conjunt\u201d, apunta Rem\u00f3n.<\/p>\n\n\n\n<p class=\"wp-block-paragraph\"><em>Barbados en 2022<\/em>&nbsp;\u00e9s una funci\u00f3 inspirada en la tradici\u00f3 del teatre anglosax\u00f3 d\u2019agrupar obres breus que compartixen resson\u00e0ncies, temes o estils. Est\u00e0 composta per diversos textos per a dos actors que poden llegir-se com a variacions d\u2019un mateix tema, en el sentit musical.<\/p>\n\n\n\n<p class=\"wp-block-paragraph\">\u201cL\u2019obra t\u00e9 nombroses permutacions: els textos s\u2019interpreten en un orde diferent en cada funci\u00f3, un orde aleatori, que no controle ni jo ni els actors, de manera que cada funci\u00f3 t\u00e9 una forma distinta\u201d, assenyala el director.<\/p>\n\n\n\n<p class=\"wp-block-paragraph\">Els textos exploren el m\u00f3n de la parella i tenen a vore amb la mem\u00f2ria, la comunicaci\u00f3, i el desamor. I tots compartixen l\u2019illa de Barbados com a punt de fuga, com a espai imaginari.<\/p>\n\n\n\n<p class=\"wp-block-paragraph\"><em>Barbados en 2022<\/em>&nbsp;partix d\u2019una obra de Rem\u00f3n anterior,&nbsp;<em>Barbados, etc\u00e9tera<\/em>. \u00c9s una ampliaci\u00f3 i una relectura d\u2019eixa obra: els mateixos actors, Emilio Tom\u00e9 i Fernanda Orazi, per\u00f2 amb diferents textos, distinta posada en escena i escenografia. Els dos actors narren la hist\u00f2ria d\u2019una parella; a vegades, es posen d\u2019acord, altres vegades, es contradiuen, inventen, mentixen; a vegades, s\u00f3n la parella i altres, no.<\/p>\n\n\n\n<p class=\"wp-block-paragraph\">Les entrades es poden adquirir en les taquilles del teatre i&nbsp;<a href=\"https:\/\/ivc.gva.es\/es\/ivc\/programacion-ivc\/barbados-en-2022\">p\u00e0gina web de l\u2019IVC<\/a>.<\/p>\n\n\n\n<p class=\"wp-block-paragraph\"><strong>Taller \u2018Descobrir l\u2019escena\u2019<\/strong><\/p>\n\n\n\n<p class=\"wp-block-paragraph\">Un dels objectius de la Direcci\u00f3 Adjunta d\u2019Arts Esc\u00e8niques de l\u2019Institut Valenci\u00e0 de Cultura \u00e9s estimular l\u2019evoluci\u00f3 del sector professional de les arts esc\u00e8niques, donant suport a la creaci\u00f3 valenciana a trav\u00e9s de m\u00faltiples accions, entre les quals hi ha la formaci\u00f3.<\/p>\n\n\n\n<p class=\"wp-block-paragraph\">En esta ocasi\u00f3 ha treballat en la realitzaci\u00f3 d\u2019un taller d\u2019escriptura dram\u00e0tica, titulat \u2018Descobrir l\u2019escena\u2019 i impartit per Pablo Rem\u00f3n, els dies 9, 10 i 11 de gener de 2025 de 10:00 a 14:00 hores.<\/p>\n\n\n\n<p class=\"wp-block-paragraph\">Este taller, destinat a dramaturgs i directors, planteja un acostament a l\u2019escriptura com a exploraci\u00f3 i aventura, des de l\u2019heterod\u00f2xia i l\u2019allunyament de f\u00f3rmules, buscant el que \u00e9s l\u00fadic i el que \u00e9s comprom\u00e9s i fugint de la solemnitat i de la frivolitat. Aix\u00ed, el taller pressuposa que les hist\u00f2ries no es creen, sin\u00f3 que es descobrixen; i que els personatges no s\u2019inventen, sin\u00f3 que es coneixen.<\/p>\n\n\n\n<p class=\"wp-block-paragraph\">En particular, el taller se centrar\u00e0 en els mecanismes per a escriure escenes: la funci\u00f3 de l\u2019escenari, de l\u2019espai i de l\u2019el\u00b7lipsi; llenguatge, ritme; l\u2019escriptura i reescriptura de di\u00e0legs; els assajos com a lloc de reescriptura d\u2019una escena permanentment oberta i oculta.<\/p>\n","protected":false},"excerpt":{"rendered":"<div class=\"mh-excerpt\">Pablo Rem\u00f3n \u00e9s Premi Nacional de Literatura Dram\u00e0tica (2021). Coincidint amb esta representaci\u00f3, el director impartir\u00e0 el taller d\u2019escriptura dram\u00e0tica els dies 9, 10 i 11 de gener. L\u2019Institut Valenci\u00e0 de Cultura, dependent de la <a class=\"mh-excerpt-more\" href=\"https:\/\/tucomarca.whitekongsoftware.com\/ca\/linstitut-valencia-de-cultura-inicia-lany-en-el-teatre-rialto-de-valencia-amb-lobra-de-pablo-remon-barbados-en-2022\/\" title=\"L\u2019Institut Valenci\u00e0 de Cultura inicia l\u2019any en el Teatre Rialto de Val\u00e8ncia amb l\u2019obra de Pablo Rem\u00f3n \u2018Barbados en 2022\u2019\">[+] <\/a><\/div>\n","protected":false},"author":13,"featured_media":249847,"comment_status":"open","ping_status":"open","sticky":false,"template":"","format":"standard","meta":{"footnotes":""},"categories":[11019,10904,11007,10896],"tags":[13274,17761,11199,15856],"class_list":["post-249849","post","type-post","status-publish","format-standard","has-post-thumbnail","category-agenda-ca","category-sin-categorizar-ca","category-ocio-y-cultura-ca","category-seccion-ca","tag-institut-valencia-de-cultura-ca","tag-ivc-ca","tag-la-comunitat-ca","tag-ocio-y-cultura-ca"],"_links":{"self":[{"href":"https:\/\/tucomarca.whitekongsoftware.com\/ca\/wp-json\/wp\/v2\/posts\/249849","targetHints":{"allow":["GET"]}}],"collection":[{"href":"https:\/\/tucomarca.whitekongsoftware.com\/ca\/wp-json\/wp\/v2\/posts"}],"about":[{"href":"https:\/\/tucomarca.whitekongsoftware.com\/ca\/wp-json\/wp\/v2\/types\/post"}],"author":[{"embeddable":true,"href":"https:\/\/tucomarca.whitekongsoftware.com\/ca\/wp-json\/wp\/v2\/users\/13"}],"replies":[{"embeddable":true,"href":"https:\/\/tucomarca.whitekongsoftware.com\/ca\/wp-json\/wp\/v2\/comments?post=249849"}],"version-history":[{"count":0,"href":"https:\/\/tucomarca.whitekongsoftware.com\/ca\/wp-json\/wp\/v2\/posts\/249849\/revisions"}],"wp:featuredmedia":[{"embeddable":true,"href":"https:\/\/tucomarca.whitekongsoftware.com\/ca\/wp-json\/wp\/v2\/media\/249847"}],"wp:attachment":[{"href":"https:\/\/tucomarca.whitekongsoftware.com\/ca\/wp-json\/wp\/v2\/media?parent=249849"}],"wp:term":[{"taxonomy":"category","embeddable":true,"href":"https:\/\/tucomarca.whitekongsoftware.com\/ca\/wp-json\/wp\/v2\/categories?post=249849"},{"taxonomy":"post_tag","embeddable":true,"href":"https:\/\/tucomarca.whitekongsoftware.com\/ca\/wp-json\/wp\/v2\/tags?post=249849"}],"curies":[{"name":"wp","href":"https:\/\/api.w.org\/{rel}","templated":true}]}}