{"id":249827,"date":"2025-01-08T11:00:00","date_gmt":"2025-01-08T09:00:00","guid":{"rendered":"https:\/\/www.tucomarca.com\/wordpress\/segunda\/?p=249827"},"modified":"2025-01-08T15:02:50","modified_gmt":"2025-01-08T13:02:50","slug":"el-consell-contracta-actuacions-demergencia-per-a-la-seu-judicial-de-requena-larxiu-de-riba-roja-de-turia-i-linstitut-de-medicina-legal-de-valencia","status":"publish","type":"post","link":"https:\/\/tucomarca.whitekongsoftware.com\/ca\/el-consell-contracta-actuacions-demergencia-per-a-la-seu-judicial-de-requena-larxiu-de-riba-roja-de-turia-i-linstitut-de-medicina-legal-de-valencia\/","title":{"rendered":"El Consell contracta actuacions d&#8217;emerg\u00e8ncia per a la seu judicial de Requena, l&#8217;Arxiu de Riba-roja de T\u00faria i l&#8217;Institut de Medicina Legal de Val\u00e8ncia"},"content":{"rendered":"\n<h3 class=\"wp-block-heading\">L&#8217;import d&#8217;aquestes contractacions de la Conselleria de Just\u00edcia i Administraci\u00f3 P\u00fablica ascendeix a 252.535 euros.<\/h3>\n\n\n\n<p class=\"wp-block-paragraph\">El Consell ha pres ra\u00f3 de la declaraci\u00f3 d&#8217;emerg\u00e8ncia i contractaci\u00f3 de determinats serveis per a l&#8217;obra executada en la seu judicial de Requena, d&#8217;actuacions en el Complex Log\u00edstic i Arxiu Intermedi de Riba-roja de T\u00faria, aix\u00ed com de subministraments en l&#8217;Institut de Medicina Legal i Ci\u00e8ncies Forenses de Val\u00e8ncia despr\u00e9s de les inundacions provocades per la riuada del 29 d&#8217;octubre.<\/p>\n\n\n\n<p class=\"wp-block-paragraph\">L&#8217;import total d&#8217;aquestes contractacions ascendeix a 252.535 euros.<\/p>\n\n\n\n<p class=\"wp-block-paragraph\">En la seu judicial de Requena es van adjudicar obres per a poder situar els refor\u00e7os aprovats per la Sala de Govern del Tribunal Superior de Just\u00edcia de la Comunitat Valenciana amb la finalitat de tindre major capacitat per a tramitar els procediments judicials a causa de les conseq\u00fc\u00e8ncies produ\u00efdes per la riuada (un jutge, un nou gestor, dos tramitadores i un auxili). Aquestes obres, que estan en execuci\u00f3, consisteixen en l&#8217;adequaci\u00f3 d&#8217;una \u00e0rea de la planta primera, i s&#8217;inclou la instal\u00b7laci\u00f3 de llocs de treball i un sistema de climatitzaci\u00f3 espec\u00edfic.<\/p>\n\n\n\n<p class=\"wp-block-paragraph\">Amb aix\u00f2, el Consell ha pres ra\u00f3 de l&#8217;adjudicaci\u00f3 del contracte de serveis de direcci\u00f3 facultativa i coordinaci\u00f3 de seguretat i salut i direcci\u00f3 d&#8217;instal\u00b7lacions per a aquestes obres, l&#8217;import de les quals ascendeix a 5.445 euros.<\/p>\n\n\n\n<p class=\"wp-block-paragraph\">D&#8217;altra banda, la Conselleria de Just\u00edcia i Administraci\u00f3 P\u00fablica tamb\u00e9 va adjudicar per valor de 229.900 euros els serveis d&#8217;actuacions necess\u00e0ries -encara en curs- per a la conservaci\u00f3, mitjan\u00e7ant la recuperaci\u00f3 i neteja, o la destrucci\u00f3 quan siga procedent, de les peces de convicci\u00f3 afectades per la inundaci\u00f3 provocada per la riuada del passat 29 d&#8217;octubre en el Complex Log\u00edstic i Arxiu Intermedi del Pol\u00edgon L\u2019Oliveral de Riba-roja de T\u00faria.<\/p>\n\n\n\n<p class=\"wp-block-paragraph\">Aquest complex emmagatzema peces de convicci\u00f3 del Servei Com\u00fa Processal d&#8217;Assumptes Generals de Val\u00e8ncia, de les quals es van veure afectades peces que es trobaven en els primers prestatges corresponents al partit judicial de Val\u00e8ncia i de l&#8217;Audi\u00e8ncia Provincial de Val\u00e8ncia.<\/p>\n\n\n\n<p class=\"wp-block-paragraph\">Aix\u00ed mateix, dins d&#8217;aquests mateixos treballs, el Consell ha pres ra\u00f3 de la contractaci\u00f3 dels serveis de coordinaci\u00f3 i seguretat i salut per a aquesta actuaci\u00f3, que ascendeix a 4.235 euros.<\/p>\n\n\n\n<p class=\"wp-block-paragraph\">I, finalment, amb la finalitat que l&#8217;Institut de Medicina Legal i Ci\u00e8ncies Forenses de Val\u00e8ncia poguera fer els treballs demandats per les conseq\u00fc\u00e8ncies de la dana, la Conselleria de Just\u00edcia i Administraci\u00f3 P\u00fablica ha hagut de subministrar set c\u00e0meres fotogr\u00e0fiques i les seues respectives targetes de mem\u00f2ria per a l&#8217;Institut de Medicina Legal i Ci\u00e8ncies Forenses de Val\u00e8ncia, aix\u00ed com divers material d&#8217;oficina. L&#8217;import ascendeix a 12.955 euros.<\/p>\n","protected":false},"excerpt":{"rendered":"<div class=\"mh-excerpt\">L&#8217;import d&#8217;aquestes contractacions de la Conselleria de Just\u00edcia i Administraci\u00f3 P\u00fablica ascendeix a 252.535 euros. El Consell ha pres ra\u00f3 de la declaraci\u00f3 d&#8217;emerg\u00e8ncia i contractaci\u00f3 de determinats serveis per a l&#8217;obra executada en la <a class=\"mh-excerpt-more\" href=\"https:\/\/tucomarca.whitekongsoftware.com\/ca\/el-consell-contracta-actuacions-demergencia-per-a-la-seu-judicial-de-requena-larxiu-de-riba-roja-de-turia-i-linstitut-de-medicina-legal-de-valencia\/\" title=\"El Consell contracta actuacions d&#8217;emerg\u00e8ncia per a la seu judicial de Requena, l&#8217;Arxiu de Riba-roja de T\u00faria i l&#8217;Institut de Medicina Legal de Val\u00e8ncia\">[+] <\/a><\/div>\n","protected":false},"author":12,"featured_media":120130,"comment_status":"open","ping_status":"open","sticky":false,"template":"","format":"standard","meta":{"footnotes":""},"categories":[10892,21466,10898,10948,10894,10904,10947,10908,10909,10906,10896,10897],"tags":[10899,15409,12903,11199,11099,10910,11102],"class_list":["post-249827","post","type-post","status-publish","format-standard","has-post-thumbnail","category-camp-de-turia-ca","category-dana-ca","category-ventana-ca","category-infraestructuras-ca","category-la-comarca-ca","category-sin-categorizar-ca","category-politica","category-requena-ca","category-requena-utiel-ca","category-riba-roja-ca","category-seccion-ca","category-sucesos-la-comarca-ca","tag-camp-de-turia-ca","tag-dana-2-ca","tag-infraestructuras-ca","tag-la-comunitat-ca","tag-requena-ca","tag-requena-utiel-ca","tag-riba-roja-2-ca"],"_links":{"self":[{"href":"https:\/\/tucomarca.whitekongsoftware.com\/ca\/wp-json\/wp\/v2\/posts\/249827","targetHints":{"allow":["GET"]}}],"collection":[{"href":"https:\/\/tucomarca.whitekongsoftware.com\/ca\/wp-json\/wp\/v2\/posts"}],"about":[{"href":"https:\/\/tucomarca.whitekongsoftware.com\/ca\/wp-json\/wp\/v2\/types\/post"}],"author":[{"embeddable":true,"href":"https:\/\/tucomarca.whitekongsoftware.com\/ca\/wp-json\/wp\/v2\/users\/12"}],"replies":[{"embeddable":true,"href":"https:\/\/tucomarca.whitekongsoftware.com\/ca\/wp-json\/wp\/v2\/comments?post=249827"}],"version-history":[{"count":0,"href":"https:\/\/tucomarca.whitekongsoftware.com\/ca\/wp-json\/wp\/v2\/posts\/249827\/revisions"}],"wp:featuredmedia":[{"embeddable":true,"href":"https:\/\/tucomarca.whitekongsoftware.com\/ca\/wp-json\/wp\/v2\/media\/120130"}],"wp:attachment":[{"href":"https:\/\/tucomarca.whitekongsoftware.com\/ca\/wp-json\/wp\/v2\/media?parent=249827"}],"wp:term":[{"taxonomy":"category","embeddable":true,"href":"https:\/\/tucomarca.whitekongsoftware.com\/ca\/wp-json\/wp\/v2\/categories?post=249827"},{"taxonomy":"post_tag","embeddable":true,"href":"https:\/\/tucomarca.whitekongsoftware.com\/ca\/wp-json\/wp\/v2\/tags?post=249827"}],"curies":[{"name":"wp","href":"https:\/\/api.w.org\/{rel}","templated":true}]}}