{"id":249674,"date":"2025-01-07T08:30:00","date_gmt":"2025-01-07T06:30:00","guid":{"rendered":"https:\/\/www.tucomarca.com\/wordpress\/segunda\/?p=249674"},"modified":"2025-01-07T19:40:31","modified_gmt":"2025-01-07T17:40:31","slug":"la-diputacio-financa-la-reforma-de-la-caserna-de-la-guardia-civil-de-cullera","status":"publish","type":"post","link":"https:\/\/tucomarca.whitekongsoftware.com\/ca\/la-diputacio-financa-la-reforma-de-la-caserna-de-la-guardia-civil-de-cullera\/","title":{"rendered":"La Diputaci\u00f3 finan\u00e7a la reforma de la caserna de la Gu\u00e0rdia Civil de Cullera"},"content":{"rendered":"\n<h3 class=\"wp-block-heading\"><strong>L&#8217;\u00e0rea de Cooperaci\u00f3 Municipal que dirigix Nat\u00e0lia Enguix concedix una ajuda directa de 30.000 euros a l&#8217;ajuntament del municipi de la Ribera Baixa per a la reparaci\u00f3 de la coberta de l&#8217;edifici<\/strong>.<\/h3>\n\n\n\n<p class=\"wp-block-paragraph\">La Diputaci\u00f3 de Val\u00e8ncia ha concedit una ajuda directa de 30.000 euros a l&#8217;Ajuntament de Cullera per a la reparaci\u00f3 de la coberta de la caserna de la Gu\u00e0rdia Civil. La subvenci\u00f3 est\u00e0 inclosa en el pressupost de 2024 i forma part del programa que coordina l&#8217;\u00e0rea de Cooperaci\u00f3 que dirigix la vicepresidenta primera, Nat\u00e0lia Enguix, en el marc del conveni firmat el mes de juliol passat entre la Diputaci\u00f3, la Delegaci\u00f3 del Govern i els municipis beneficiaris per a la reforma i conservaci\u00f3 de 21 casernes a la prov\u00edncia.<\/p>\n\n\n\n<p class=\"wp-block-paragraph\">Els treballs a realitzar en la caserna del municipi de la Ribera Baixa estan destinats a solucionar els problemes d&#8217;humitats detectats i millorar tant la impermeabilitzaci\u00f3 com la durabilitat estructural de l&#8217;edifici. Entrant en els detalls, l&#8217;obra consistir\u00e0 en la retirada de l&#8217;excedent de grava i la l\u00e0mina perimetral per a, a continuaci\u00f3, instal\u00b7lar una soluci\u00f3 monocapa no adherida i un revestiment de grava. En mat\u00e8ria d&#8217;acabats, s&#8217;aplicar\u00e0 pintura pl\u00e0stica en superf\u00edcies interiors i exteriors, en estes \u00faltimes amb cobertures resistents a la intemp\u00e8rie.<\/p>\n\n\n\n<p class=\"wp-block-paragraph\">La vicepresidenta Enguix ha destacat tant la col\u00b7laboraci\u00f3 entre administracions d&#8217;\u00e0mbit provincial i estatal com el paper que exercixen els ajuntaments, que s\u00f3n els beneficiaris directes d&#8217;unes ajudes que han arribat als 600.000 euros en el pressupost de la Diputaci\u00f3 de 2024. \u201cVolem que l&#8217;acord s&#8217;allargue en els anys i que nom\u00e9s siga el comen\u00e7ament d&#8217;una fruct\u00edfera col\u00b7laboraci\u00f3 amb l&#8217;administraci\u00f3 estatal i els nostres ajuntaments per a renovar i adequar en els pr\u00f2xims anys totes les casernes de les comarques valencianes\u201d, ha assenyalat la mateixa Enguix.<\/p>\n\n\n\n<p class=\"wp-block-paragraph\">Per part seua, el president de la Diputaci\u00f3 de Val\u00e8ncia, Vicent Momp\u00f3, posa en valor el paper de la instituci\u00f3 provincial en iniciatives que superen l&#8217;\u00e0mbit de les seues compet\u00e8ncies. \u201cContinuarem fent tot el possible per a millorar els nostres pobles i els seus servicis i per a vertebrar la prov\u00edncia\u201d, ha assegurat, abans de ressaltar la import\u00e0ncia d&#8217;un conveni a tres bandes que permet \u201clluitar contra la despoblaci\u00f3, millorar la seguretat i afavorir unes condicions de treball dignes per als gu\u00e0rdies civils\u201d.<\/p>\n\n\n\n<p class=\"wp-block-paragraph\">El conveni firmat el mes de juliol passat pel mateix Momp\u00f3, la delegada del Govern en la Comunitat, Pilar Bernab\u00e9, i els alcaldes i alcaldesses dels municipis beneficiaris, permetr\u00e0 la reforma i conservaci\u00f3 de les casernes de la Gu\u00e0rdia Civil en Ademuz, Albaida, Aldaia, Canals, Castell\u00f3 de Rugat, Cortes de Pall\u00e1s, Chiva, \u00c9nguera, Gandia, Xeresa, Ll\u00edria, Massamagrell, Oliva, l&#8217;Olleria, Paiporta, Pu\u00e7ol, Sagunt, Sueca, Utiel, Vilallonga i Cullera.<\/p>\n","protected":false},"excerpt":{"rendered":"<div class=\"mh-excerpt\">L&#8217;\u00e0rea de Cooperaci\u00f3 Municipal que dirigix Nat\u00e0lia Enguix concedix una ajuda directa de 30.000 euros a l&#8217;ajuntament del municipi de la Ribera Baixa per a la reparaci\u00f3 de la coberta de l&#8217;edifici. La Diputaci\u00f3 de <a class=\"mh-excerpt-more\" href=\"https:\/\/tucomarca.whitekongsoftware.com\/ca\/la-diputacio-financa-la-reforma-de-la-caserna-de-la-guardia-civil-de-cullera\/\" title=\"La Diputaci\u00f3 finan\u00e7a la reforma de la caserna de la Gu\u00e0rdia Civil de Cullera\">[+] <\/a><\/div>\n","protected":false},"author":13,"featured_media":249672,"comment_status":"open","ping_status":"open","sticky":false,"template":"","format":"standard","meta":{"footnotes":""},"categories":[20520,10898,10948,10904,20456,10947,10896],"tags":[20516,21009,21108],"class_list":["post-249674","post","type-post","status-publish","format-standard","has-post-thumbnail","category-cooperacio-municipal","category-ventana-ca","category-infraestructuras-ca","category-sin-categorizar-ca","category-la-diputacio-de-valencia-informa-ca","category-politica","category-seccion-ca","tag-cooperacion-municipal-ca","tag-la-diputacio-de-valencia-ca","tag-la-diputacio-en-las-comarcas-ca"],"_links":{"self":[{"href":"https:\/\/tucomarca.whitekongsoftware.com\/ca\/wp-json\/wp\/v2\/posts\/249674","targetHints":{"allow":["GET"]}}],"collection":[{"href":"https:\/\/tucomarca.whitekongsoftware.com\/ca\/wp-json\/wp\/v2\/posts"}],"about":[{"href":"https:\/\/tucomarca.whitekongsoftware.com\/ca\/wp-json\/wp\/v2\/types\/post"}],"author":[{"embeddable":true,"href":"https:\/\/tucomarca.whitekongsoftware.com\/ca\/wp-json\/wp\/v2\/users\/13"}],"replies":[{"embeddable":true,"href":"https:\/\/tucomarca.whitekongsoftware.com\/ca\/wp-json\/wp\/v2\/comments?post=249674"}],"version-history":[{"count":0,"href":"https:\/\/tucomarca.whitekongsoftware.com\/ca\/wp-json\/wp\/v2\/posts\/249674\/revisions"}],"wp:featuredmedia":[{"embeddable":true,"href":"https:\/\/tucomarca.whitekongsoftware.com\/ca\/wp-json\/wp\/v2\/media\/249672"}],"wp:attachment":[{"href":"https:\/\/tucomarca.whitekongsoftware.com\/ca\/wp-json\/wp\/v2\/media?parent=249674"}],"wp:term":[{"taxonomy":"category","embeddable":true,"href":"https:\/\/tucomarca.whitekongsoftware.com\/ca\/wp-json\/wp\/v2\/categories?post=249674"},{"taxonomy":"post_tag","embeddable":true,"href":"https:\/\/tucomarca.whitekongsoftware.com\/ca\/wp-json\/wp\/v2\/tags?post=249674"}],"curies":[{"name":"wp","href":"https:\/\/api.w.org\/{rel}","templated":true}]}}