{"id":249447,"date":"2025-01-05T12:00:00","date_gmt":"2025-01-05T10:00:00","guid":{"rendered":"https:\/\/www.tucomarca.com\/wordpress\/segunda\/?p=249447"},"modified":"2025-01-05T19:32:18","modified_gmt":"2025-01-05T17:32:18","slug":"brillant-actuacio-de-sergio-casas-a-la-batuta-del-cim-la-armonica-de-bunyol-en-el-concert-de-nadal","status":"publish","type":"post","link":"https:\/\/tucomarca.whitekongsoftware.com\/ca\/brillant-actuacio-de-sergio-casas-a-la-batuta-del-cim-la-armonica-de-bunyol-en-el-concert-de-nadal\/","title":{"rendered":"Brillant actuaci\u00f3 de Sergio Casas a la batuta del CIM &#8220;La Arm\u00f3nica&#8221; de Bunyol en el concert de Nadal"},"content":{"rendered":"\n<p class=\"wp-block-paragraph\">El Palau de la M\u00fasica de Bunyol es va omplir de m\u00e0gia i emoci\u00f3 amb el tradicional Concert de Nadal oferit per la banda simf\u00f2nica del CIM \u201cLa Arm\u00f3nica\u201d, sota la batuta del director convidat Sergio Casas, regalant al p\u00fablic el tancament perfecte per a acomiadar el 2024.<\/p>\n\n\n\n<p class=\"wp-block-paragraph\">Sergio Casas, m\u00fasic del Litro i subdirector de la Banda Simf\u00f2nica Municipal de Madrid, va dirigir amb el seu caracter\u00edstic talent a la banda simf\u00f2nica del CIM \u201cLa Arm\u00f3nica\u201d, reafirmant el seu vincle especial amb l&#8217;agrupaci\u00f3 de la seua vida.<\/p>\n\n\n\n<p class=\"wp-block-paragraph\">Despr\u00e9s d&#8217;unes paraules dirigides per Sergio a totes les litreras i litreros, la Junta Directiva de \u201cLa Arm\u00f3nica\u201d va entregar a Casas un quadre commemoratiu, un gest que simbolitza la seua connexi\u00f3 profunda amb aquesta emblem\u00e0tica banda. La vetlada, impregnada de passi\u00f3 musical, va deixar al p\u00fablic emocionat, consolidant-se com un moment inoblidable en el comiat del 2024.<\/p>\n\n\n\n<p class=\"wp-block-paragraph\">El programa va incloure peces emblem\u00e0tiques com A La meua Bunyol de M. Carrascosa, With Heart and Voice de D. R. Gillingham, la Quarta Simfonia d&#8217;Alfred Reed, una selecci\u00f3 d&#8217;obres de Charles Chaplin, Selections from The Polar Express d&#8217;Alan Silvestri i Sleigh Ride de Leroy Anderson. La sorpresa va arribar amb dues bises que van tancar amb brillantor aquest concert carregat d&#8217;emocions.<\/p>\n\n\n\n<figure class=\"wp-block-gallery has-nested-images columns-1 is-cropped wp-block-gallery-1 is-layout-flex wp-block-gallery-is-layout-flex\">\n<figure class=\"wp-block-image size-large\"><img loading=\"lazy\" decoding=\"async\" width=\"1024\" height=\"683\" data-id=\"249432\" src=\"https:\/\/www.tucomarca.com\/wordpress\/segunda\/wp-content\/uploads\/2025\/01\/LitroConciertoNavidad03-1024x683.jpg\" alt=\"\" class=\"wp-image-249432\" srcset=\"https:\/\/tucomarca.whitekongsoftware.com\/wp-content\/uploads\/2025\/01\/LitroConciertoNavidad03-1024x683.jpg 1024w, https:\/\/tucomarca.whitekongsoftware.com\/wp-content\/uploads\/2025\/01\/LitroConciertoNavidad03-300x200.jpg 300w, https:\/\/tucomarca.whitekongsoftware.com\/wp-content\/uploads\/2025\/01\/LitroConciertoNavidad03-768x512.jpg 768w, https:\/\/tucomarca.whitekongsoftware.com\/wp-content\/uploads\/2025\/01\/LitroConciertoNavidad03.jpg 1440w\" sizes=\"auto, (max-width: 1024px) 100vw, 1024px\" \/><\/figure>\n\n\n\n<figure class=\"wp-block-image size-large\"><img loading=\"lazy\" decoding=\"async\" width=\"1024\" height=\"683\" data-id=\"249441\" src=\"https:\/\/www.tucomarca.com\/wordpress\/segunda\/wp-content\/uploads\/2025\/01\/LitroConciertoNavidad07-1024x683.jpg\" alt=\"\" class=\"wp-image-249441\" srcset=\"https:\/\/tucomarca.whitekongsoftware.com\/wp-content\/uploads\/2025\/01\/LitroConciertoNavidad07-1024x683.jpg 1024w, https:\/\/tucomarca.whitekongsoftware.com\/wp-content\/uploads\/2025\/01\/LitroConciertoNavidad07-300x200.jpg 300w, https:\/\/tucomarca.whitekongsoftware.com\/wp-content\/uploads\/2025\/01\/LitroConciertoNavidad07-768x512.jpg 768w, https:\/\/tucomarca.whitekongsoftware.com\/wp-content\/uploads\/2025\/01\/LitroConciertoNavidad07.jpg 1440w\" sizes=\"auto, (max-width: 1024px) 100vw, 1024px\" \/><\/figure>\n\n\n\n<figure class=\"wp-block-image size-large\"><img loading=\"lazy\" decoding=\"async\" width=\"1024\" height=\"683\" data-id=\"249430\" src=\"https:\/\/www.tucomarca.com\/wordpress\/segunda\/wp-content\/uploads\/2025\/01\/LitroConciertoNavidad02-1024x683.jpg\" alt=\"\" class=\"wp-image-249430\" srcset=\"https:\/\/tucomarca.whitekongsoftware.com\/wp-content\/uploads\/2025\/01\/LitroConciertoNavidad02-1024x683.jpg 1024w, https:\/\/tucomarca.whitekongsoftware.com\/wp-content\/uploads\/2025\/01\/LitroConciertoNavidad02-300x200.jpg 300w, https:\/\/tucomarca.whitekongsoftware.com\/wp-content\/uploads\/2025\/01\/LitroConciertoNavidad02-768x512.jpg 768w, https:\/\/tucomarca.whitekongsoftware.com\/wp-content\/uploads\/2025\/01\/LitroConciertoNavidad02.jpg 1440w\" sizes=\"auto, (max-width: 1024px) 100vw, 1024px\" \/><\/figure>\n\n\n\n<figure class=\"wp-block-image size-large\"><img loading=\"lazy\" decoding=\"async\" width=\"1024\" height=\"683\" data-id=\"249428\" src=\"http:\/\/www.tucomarca.com\/wordpress\/segunda\/wp-content\/uploads\/2025\/01\/LitroConciertoNavidad01-1024x683.jpg\" alt=\"\" class=\"wp-image-249428\" srcset=\"https:\/\/tucomarca.whitekongsoftware.com\/wp-content\/uploads\/2025\/01\/LitroConciertoNavidad01-1024x683.jpg 1024w, https:\/\/tucomarca.whitekongsoftware.com\/wp-content\/uploads\/2025\/01\/LitroConciertoNavidad01-300x200.jpg 300w, https:\/\/tucomarca.whitekongsoftware.com\/wp-content\/uploads\/2025\/01\/LitroConciertoNavidad01-768x512.jpg 768w, https:\/\/tucomarca.whitekongsoftware.com\/wp-content\/uploads\/2025\/01\/LitroConciertoNavidad01.jpg 1440w\" sizes=\"auto, (max-width: 1024px) 100vw, 1024px\" \/><\/figure>\n\n\n\n<figure class=\"wp-block-image size-large\"><img loading=\"lazy\" decoding=\"async\" width=\"1024\" height=\"683\" data-id=\"249434\" src=\"https:\/\/www.tucomarca.com\/wordpress\/segunda\/wp-content\/uploads\/2025\/01\/LitroConciertoNavidad04-1024x683.jpg\" alt=\"\" class=\"wp-image-249434\" srcset=\"https:\/\/tucomarca.whitekongsoftware.com\/wp-content\/uploads\/2025\/01\/LitroConciertoNavidad04-1024x683.jpg 1024w, https:\/\/tucomarca.whitekongsoftware.com\/wp-content\/uploads\/2025\/01\/LitroConciertoNavidad04-300x200.jpg 300w, https:\/\/tucomarca.whitekongsoftware.com\/wp-content\/uploads\/2025\/01\/LitroConciertoNavidad04-768x512.jpg 768w, https:\/\/tucomarca.whitekongsoftware.com\/wp-content\/uploads\/2025\/01\/LitroConciertoNavidad04.jpg 1440w\" sizes=\"auto, (max-width: 1024px) 100vw, 1024px\" \/><\/figure>\n\n\n\n<figure class=\"wp-block-image size-large\"><img loading=\"lazy\" decoding=\"async\" width=\"1024\" height=\"683\" data-id=\"249436\" src=\"https:\/\/www.tucomarca.com\/wordpress\/segunda\/wp-content\/uploads\/2025\/01\/LitroConciertoNavidad05-1024x683.jpg\" alt=\"\" class=\"wp-image-249436\" srcset=\"https:\/\/tucomarca.whitekongsoftware.com\/wp-content\/uploads\/2025\/01\/LitroConciertoNavidad05-1024x683.jpg 1024w, https:\/\/tucomarca.whitekongsoftware.com\/wp-content\/uploads\/2025\/01\/LitroConciertoNavidad05-300x200.jpg 300w, https:\/\/tucomarca.whitekongsoftware.com\/wp-content\/uploads\/2025\/01\/LitroConciertoNavidad05-768x512.jpg 768w, https:\/\/tucomarca.whitekongsoftware.com\/wp-content\/uploads\/2025\/01\/LitroConciertoNavidad05.jpg 1440w\" sizes=\"auto, (max-width: 1024px) 100vw, 1024px\" \/><\/figure>\n\n\n\n<figure class=\"wp-block-image size-large\"><img loading=\"lazy\" decoding=\"async\" width=\"1024\" height=\"683\" data-id=\"249438\" src=\"https:\/\/www.tucomarca.com\/wordpress\/segunda\/wp-content\/uploads\/2025\/01\/LitroConciertoNavidad06-1024x683.jpg\" alt=\"\" class=\"wp-image-249438\" srcset=\"https:\/\/tucomarca.whitekongsoftware.com\/wp-content\/uploads\/2025\/01\/LitroConciertoNavidad06-1024x683.jpg 1024w, https:\/\/tucomarca.whitekongsoftware.com\/wp-content\/uploads\/2025\/01\/LitroConciertoNavidad06-300x200.jpg 300w, https:\/\/tucomarca.whitekongsoftware.com\/wp-content\/uploads\/2025\/01\/LitroConciertoNavidad06-768x512.jpg 768w, https:\/\/tucomarca.whitekongsoftware.com\/wp-content\/uploads\/2025\/01\/LitroConciertoNavidad06.jpg 1440w\" sizes=\"auto, (max-width: 1024px) 100vw, 1024px\" \/><\/figure>\n<\/figure>\n","protected":false},"excerpt":{"rendered":"<div class=\"mh-excerpt\">El Palau de la M\u00fasica de Bunyol es va omplir de m\u00e0gia i emoci\u00f3 amb el tradicional Concert de Nadal oferit per la banda simf\u00f2nica del CIM \u201cLa Arm\u00f3nica\u201d, sota la batuta del director convidat <a class=\"mh-excerpt-more\" href=\"https:\/\/tucomarca.whitekongsoftware.com\/ca\/brillant-actuacio-de-sergio-casas-a-la-batuta-del-cim-la-armonica-de-bunyol-en-el-concert-de-nadal\/\" title=\"Brillant actuaci\u00f3 de Sergio Casas a la batuta del CIM &#8220;La Arm\u00f3nica&#8221; de Bunyol en el concert de Nadal\">[+] <\/a><\/div>\n","protected":false},"author":12,"featured_media":249444,"comment_status":"open","ping_status":"open","sticky":false,"template":"","format":"gallery","meta":{"footnotes":""},"categories":[10911,11005,10898,10894,10912,11007,10896],"tags":[10913,17648,10914],"class_list":["post-249447","post","type-post","status-publish","format-gallery","has-post-thumbnail","category-bunol-ca","category-canal-musica","category-ventana-ca","category-la-comarca-ca","category-la-hoya-ca","category-ocio-y-cultura-ca","category-seccion-ca","tag-bunol-ca","tag-cim-la-armonica-ca","tag-la-hoya-de-bunol-chiva-ca","post_format-post-format-gallery"],"_links":{"self":[{"href":"https:\/\/tucomarca.whitekongsoftware.com\/ca\/wp-json\/wp\/v2\/posts\/249447","targetHints":{"allow":["GET"]}}],"collection":[{"href":"https:\/\/tucomarca.whitekongsoftware.com\/ca\/wp-json\/wp\/v2\/posts"}],"about":[{"href":"https:\/\/tucomarca.whitekongsoftware.com\/ca\/wp-json\/wp\/v2\/types\/post"}],"author":[{"embeddable":true,"href":"https:\/\/tucomarca.whitekongsoftware.com\/ca\/wp-json\/wp\/v2\/users\/12"}],"replies":[{"embeddable":true,"href":"https:\/\/tucomarca.whitekongsoftware.com\/ca\/wp-json\/wp\/v2\/comments?post=249447"}],"version-history":[{"count":0,"href":"https:\/\/tucomarca.whitekongsoftware.com\/ca\/wp-json\/wp\/v2\/posts\/249447\/revisions"}],"wp:featuredmedia":[{"embeddable":true,"href":"https:\/\/tucomarca.whitekongsoftware.com\/ca\/wp-json\/wp\/v2\/media\/249444"}],"wp:attachment":[{"href":"https:\/\/tucomarca.whitekongsoftware.com\/ca\/wp-json\/wp\/v2\/media?parent=249447"}],"wp:term":[{"taxonomy":"category","embeddable":true,"href":"https:\/\/tucomarca.whitekongsoftware.com\/ca\/wp-json\/wp\/v2\/categories?post=249447"},{"taxonomy":"post_tag","embeddable":true,"href":"https:\/\/tucomarca.whitekongsoftware.com\/ca\/wp-json\/wp\/v2\/tags?post=249447"}],"curies":[{"name":"wp","href":"https:\/\/api.w.org\/{rel}","templated":true}]}}