{"id":249364,"date":"2025-01-04T12:00:00","date_gmt":"2025-01-04T10:00:00","guid":{"rendered":"https:\/\/www.tucomarca.com\/wordpress\/segunda\/?p=249364"},"modified":"2025-01-04T22:33:22","modified_gmt":"2025-01-04T20:33:22","slug":"turis-vibra-amb-la-musica-tradicional-valenciana-en-el-concert-de-pep-gimeno-el-botifarra","status":"publish","type":"post","link":"https:\/\/tucomarca.whitekongsoftware.com\/ca\/turis-vibra-amb-la-musica-tradicional-valenciana-en-el-concert-de-pep-gimeno-el-botifarra\/","title":{"rendered":"Tur\u00eds vibra amb la m\u00fasica tradicional valenciana en el concert de Pep Gimeno &#8220;El Botifarra\u201d"},"content":{"rendered":"\n<p class=\"wp-block-paragraph\">El Teatre Ideal de Tur\u00eds es va omplir d&#8217;emocions amb l&#8217;actuaci\u00f3 de Pep Gimeno &#8220;El Botifarra&#8221;. El reconegut artista valenci\u00e0 va oferir un recital inoblidable, portant al p\u00fablic a un viatge per les arrels de la tradici\u00f3 oral valenciana diumenge passat, 29 de desembre.<\/p>\n\n\n\n<p class=\"wp-block-paragraph\">Can\u00e7ons populars de sempre van ressonar en el teatre, captivant als assistents, els qui van acabar dempeus per a ovacionar a l&#8217;int\u00e8rpret. Aquest esdeveniment, patrocinat per la Diputaci\u00f3 de Val\u00e8ncia, va permetre l&#8217;acc\u00e9s gratu\u00eft, oferint una oportunitat \u00fanica per a gaudir de la cultura musical valenciana.<br>Una cita que reafirma el comprom\u00eds de Tur\u00eds amb la promoci\u00f3 de la seua rica tradici\u00f3 cultural.<\/p>\n\n\n\n<figure class=\"wp-block-image size-large\"><img loading=\"lazy\" decoding=\"async\" width=\"1024\" height=\"576\" src=\"https:\/\/www.tucomarca.com\/wordpress\/segunda\/wp-content\/uploads\/2025\/01\/TurisBotifarra02-1024x576.jpg\" alt=\"\" class=\"wp-image-249358\" srcset=\"https:\/\/tucomarca.whitekongsoftware.com\/wp-content\/uploads\/2025\/01\/TurisBotifarra02-1024x576.jpg 1024w, https:\/\/tucomarca.whitekongsoftware.com\/wp-content\/uploads\/2025\/01\/TurisBotifarra02-300x169.jpg 300w, https:\/\/tucomarca.whitekongsoftware.com\/wp-content\/uploads\/2025\/01\/TurisBotifarra02-768x432.jpg 768w, https:\/\/tucomarca.whitekongsoftware.com\/wp-content\/uploads\/2025\/01\/TurisBotifarra02-1536x864.jpg 1536w, https:\/\/tucomarca.whitekongsoftware.com\/wp-content\/uploads\/2025\/01\/TurisBotifarra02-678x381.jpg 678w, https:\/\/tucomarca.whitekongsoftware.com\/wp-content\/uploads\/2025\/01\/TurisBotifarra02.jpg 1600w\" sizes=\"auto, (max-width: 1024px) 100vw, 1024px\" \/><\/figure>\n\n\n\n<figure class=\"wp-block-image size-large\"><img loading=\"lazy\" decoding=\"async\" width=\"1024\" height=\"768\" src=\"https:\/\/www.tucomarca.com\/wordpress\/segunda\/wp-content\/uploads\/2025\/01\/TurisBotifarra03-1024x768.jpg\" alt=\"\" class=\"wp-image-249357\" srcset=\"https:\/\/tucomarca.whitekongsoftware.com\/wp-content\/uploads\/2025\/01\/TurisBotifarra03-1024x768.jpg 1024w, https:\/\/tucomarca.whitekongsoftware.com\/wp-content\/uploads\/2025\/01\/TurisBotifarra03-300x225.jpg 300w, https:\/\/tucomarca.whitekongsoftware.com\/wp-content\/uploads\/2025\/01\/TurisBotifarra03-768x576.jpg 768w, https:\/\/tucomarca.whitekongsoftware.com\/wp-content\/uploads\/2025\/01\/TurisBotifarra03-1536x1152.jpg 1536w, https:\/\/tucomarca.whitekongsoftware.com\/wp-content\/uploads\/2025\/01\/TurisBotifarra03-678x509.jpg 678w, https:\/\/tucomarca.whitekongsoftware.com\/wp-content\/uploads\/2025\/01\/TurisBotifarra03-326x245.jpg 326w, https:\/\/tucomarca.whitekongsoftware.com\/wp-content\/uploads\/2025\/01\/TurisBotifarra03-80x60.jpg 80w, https:\/\/tucomarca.whitekongsoftware.com\/wp-content\/uploads\/2025\/01\/TurisBotifarra03.jpg 1600w\" sizes=\"auto, (max-width: 1024px) 100vw, 1024px\" \/><\/figure>\n","protected":false},"excerpt":{"rendered":"<div class=\"mh-excerpt\">El Teatre Ideal de Tur\u00eds es va omplir d&#8217;emocions amb l&#8217;actuaci\u00f3 de Pep Gimeno &#8220;El Botifarra&#8221;. El reconegut artista valenci\u00e0 va oferir un recital inoblidable, portant al p\u00fablic a un viatge per les arrels de <a class=\"mh-excerpt-more\" href=\"https:\/\/tucomarca.whitekongsoftware.com\/ca\/turis-vibra-amb-la-musica-tradicional-valenciana-en-el-concert-de-pep-gimeno-el-botifarra\/\" title=\"Tur\u00eds vibra amb la m\u00fasica tradicional valenciana en el concert de Pep Gimeno &#8220;El Botifarra\u201d\">[+] <\/a><\/div>\n","protected":false},"author":12,"featured_media":249361,"comment_status":"open","ping_status":"open","sticky":false,"template":"","format":"gallery","meta":{"footnotes":""},"categories":[11005,10898,10894,10902,11007,10896,11047],"tags":[21764,21765,11356,11093],"class_list":["post-249364","post","type-post","status-publish","format-gallery","has-post-thumbnail","category-canal-musica","category-ventana-ca","category-la-comarca-ca","category-la-ribera-ca","category-ocio-y-cultura-ca","category-seccion-ca","category-turis-ca","tag-musica-tradicional-valenciana-ca","tag-pepe-gimeno-botifarra-ca","tag-ribera-alta-ca","tag-turis-ca","post_format-post-format-gallery"],"_links":{"self":[{"href":"https:\/\/tucomarca.whitekongsoftware.com\/ca\/wp-json\/wp\/v2\/posts\/249364","targetHints":{"allow":["GET"]}}],"collection":[{"href":"https:\/\/tucomarca.whitekongsoftware.com\/ca\/wp-json\/wp\/v2\/posts"}],"about":[{"href":"https:\/\/tucomarca.whitekongsoftware.com\/ca\/wp-json\/wp\/v2\/types\/post"}],"author":[{"embeddable":true,"href":"https:\/\/tucomarca.whitekongsoftware.com\/ca\/wp-json\/wp\/v2\/users\/12"}],"replies":[{"embeddable":true,"href":"https:\/\/tucomarca.whitekongsoftware.com\/ca\/wp-json\/wp\/v2\/comments?post=249364"}],"version-history":[{"count":0,"href":"https:\/\/tucomarca.whitekongsoftware.com\/ca\/wp-json\/wp\/v2\/posts\/249364\/revisions"}],"wp:featuredmedia":[{"embeddable":true,"href":"https:\/\/tucomarca.whitekongsoftware.com\/ca\/wp-json\/wp\/v2\/media\/249361"}],"wp:attachment":[{"href":"https:\/\/tucomarca.whitekongsoftware.com\/ca\/wp-json\/wp\/v2\/media?parent=249364"}],"wp:term":[{"taxonomy":"category","embeddable":true,"href":"https:\/\/tucomarca.whitekongsoftware.com\/ca\/wp-json\/wp\/v2\/categories?post=249364"},{"taxonomy":"post_tag","embeddable":true,"href":"https:\/\/tucomarca.whitekongsoftware.com\/ca\/wp-json\/wp\/v2\/tags?post=249364"}],"curies":[{"name":"wp","href":"https:\/\/api.w.org\/{rel}","templated":true}]}}