{"id":249335,"date":"2025-01-03T12:00:00","date_gmt":"2025-01-03T10:00:00","guid":{"rendered":"https:\/\/www.tucomarca.com\/wordpress\/segunda\/?p=249335"},"modified":"2025-01-03T19:12:49","modified_gmt":"2025-01-03T17:12:49","slug":"la-generalitat-verifica-en-bunyol-amb-lus-de-drons-lestat-dels-dics-dels-barrancs-de-capcalera-per-a-avaluar-los-i-reparar-los-despres-de-les-inundacions","status":"publish","type":"post","link":"https:\/\/tucomarca.whitekongsoftware.com\/ca\/la-generalitat-verifica-en-bunyol-amb-lus-de-drons-lestat-dels-dics-dels-barrancs-de-capcalera-per-a-avaluar-los-i-reparar-los-despres-de-les-inundacions\/","title":{"rendered":"La Generalitat verifica en Bunyol amb l\u2019\u00fas de drons l\u2019estat dels dics dels barrancs de cap\u00e7alera per a avaluar-los i reparar-los despr\u00e9s de les inundacions"},"content":{"rendered":"\n<h3 class=\"wp-block-heading\">Mart\u00ednez Mus ha assistit a Bunyol a la demostraci\u00f3 d\u2019un d\u2019estos vols de cara a fer els treballs de restauraci\u00f3 hidrol\u00f2gica forestal.<\/h3>\n\n\n\n<h3 class=\"wp-block-heading\">La informaci\u00f3 recopilada fins ara indica que entre el 40 i el 45 % dels dics presenten danys significatius.<\/h3>\n\n\n\n<p class=\"wp-block-paragraph\">La Conselleria de Medi Ambient, Infraestructures i Territori ha verificat l\u2019estat dels dics en els barrancs de cap\u00e7alera afectats per les inundacions ocorregudes el passat 29 d\u2019octubre utilitzant tecnologia de drons. Esta innovadora estrat\u00e8gia permetr\u00e0 avaluar i quantificar els danys de manera eficient de cara a les reparacions que s\u2019han de dur a terme.<\/p>\n\n\n\n<p class=\"wp-block-paragraph\">El conseller de Medi Ambient, Vicente Mart\u00ednez Mus, ha assistit este divendres a Bu\u00f1ol a la demostraci\u00f3 d\u2019un d\u2019estos vols de drons, que s\u2019ha projectat en un monitor amb v\u00eddeos i fotografies d\u2019alguns dels dics afectats que ja han sigut revisats. Les dades obtingudes permetran a la Generalitat dur a terme els treballs de restauraci\u00f3 hidrol\u00f2gica forestal en els barrancs de cap\u00e7alera ja que s\u00f3n compet\u00e8ncia auton\u00f2mica, i al Govern, que col\u00b7labora en el projecte, fer les seues pr\u00f2pies actuacions.<\/p>\n\n\n\n<p class=\"wp-block-paragraph\">Mart\u00ednez Mus ha explicat que, a causa del fet que la inspecci\u00f3 terrestre va ser descartada pels dels danys en les pistes forestals i la p\u00e8rdua de nombrosos ponts durant les riuades, \u201cl\u2019\u00fas de mitjans aeris s\u2019ha tornat imprescindible per a dur a terme estar tasca d\u2019avaluaci\u00f3\u201d.<\/p>\n\n\n\n<p class=\"wp-block-paragraph\">El m\u00e8tode triat per a esta inspecci\u00f3 \u00e9s el vol de RPAS (<em>Remotely Piloted Aircraft System<\/em>), que consistix en l\u2019\u00fas d\u2019aeronaus no tripulades i operades per control remot.<\/p>\n\n\n\n<p class=\"wp-block-paragraph\">Gr\u00e0cies a esta tecnologia, ha assenyalat el conseller, \u201ces podran obtindre les coordenades dels 127 dics situats en les cap\u00e7aleres dels barrancs m\u00e9s afectats per les intenses precipitacions i determinar les actuacions necess\u00e0ries i les zones espec\u00edfiques que requerixen atenci\u00f3\u201d. Els dics en revisi\u00f3 es troben, principalment, en les comarques dels Serrans, la Plana de Requena, la Foia de Bunyol, el Camp del T\u00faria i la Ribera Alta.<\/p>\n\n\n\n<p class=\"wp-block-paragraph\">\u201cEste m\u00e8tode \u00e9s crucial per a accelerar un treball que, si es fera per vies terrestres, podria estendre\u2019s en el temps i dificultar la finalitzaci\u00f3 de les obres, aix\u00ed com la recuperaci\u00f3 d\u2019infraestructures que s\u00f3n essencials per a garantir la seguretat davant futures precipitacions\u201d, ha subratllat el titular de Medi Ambient.<\/p>\n\n\n\n<p class=\"wp-block-paragraph\">Fins al moment, la informaci\u00f3 recopilada indica que entre el 40 i el 45 % dels dics presenten danys significatius. A m\u00e9s, s\u2019ha observat que els dics constru\u00efts amb gabions, situats en zones m\u00e9s baixes i arenoses, han patit una deterioraci\u00f3 m\u00e9s gran en comparaci\u00f3 amb els constru\u00efts amb mamposteria en les parts altes dels barrancs.<\/p>\n\n\n\n<p class=\"wp-block-paragraph\">Estos vols de drons formen part d\u2019un contracte finan\u00e7at amb fons d\u2019emerg\u00e8ncia que compta amb la col\u00b7laboraci\u00f3 del Ministeri per a la Transici\u00f3 Ecol\u00f2gica i el Repte Demogr\u00e0fic.<\/p>\n\n\n\n<figure class=\"wp-block-gallery has-nested-images columns-1 is-cropped wp-block-gallery-1 is-layout-flex wp-block-gallery-is-layout-flex\">\n<figure class=\"wp-block-image size-large\"><img loading=\"lazy\" decoding=\"async\" width=\"1024\" height=\"576\" data-id=\"249332\" src=\"https:\/\/www.tucomarca.com\/wordpress\/segunda\/wp-content\/uploads\/2025\/01\/RamblaMarjana-1024x576.jpg\" alt=\"\" class=\"wp-image-249332\" srcset=\"https:\/\/tucomarca.whitekongsoftware.com\/wp-content\/uploads\/2025\/01\/RamblaMarjana-1024x576.jpg 1024w, https:\/\/tucomarca.whitekongsoftware.com\/wp-content\/uploads\/2025\/01\/RamblaMarjana-300x169.jpg 300w, https:\/\/tucomarca.whitekongsoftware.com\/wp-content\/uploads\/2025\/01\/RamblaMarjana-768x432.jpg 768w, https:\/\/tucomarca.whitekongsoftware.com\/wp-content\/uploads\/2025\/01\/RamblaMarjana-1536x864.jpg 1536w, https:\/\/tucomarca.whitekongsoftware.com\/wp-content\/uploads\/2025\/01\/RamblaMarjana-2048x1152.jpg 2048w, https:\/\/tucomarca.whitekongsoftware.com\/wp-content\/uploads\/2025\/01\/RamblaMarjana-678x381.jpg 678w\" sizes=\"auto, (max-width: 1024px) 100vw, 1024px\" \/><\/figure>\n\n\n\n<figure class=\"wp-block-image size-large\"><img loading=\"lazy\" decoding=\"async\" width=\"1024\" height=\"576\" data-id=\"249328\" src=\"https:\/\/www.tucomarca.com\/wordpress\/segunda\/wp-content\/uploads\/2025\/01\/CerroDeLaNevera-1024x576.jpg\" alt=\"\" class=\"wp-image-249328\" srcset=\"https:\/\/tucomarca.whitekongsoftware.com\/wp-content\/uploads\/2025\/01\/CerroDeLaNevera-1024x576.jpg 1024w, https:\/\/tucomarca.whitekongsoftware.com\/wp-content\/uploads\/2025\/01\/CerroDeLaNevera-300x169.jpg 300w, https:\/\/tucomarca.whitekongsoftware.com\/wp-content\/uploads\/2025\/01\/CerroDeLaNevera-768x432.jpg 768w, https:\/\/tucomarca.whitekongsoftware.com\/wp-content\/uploads\/2025\/01\/CerroDeLaNevera-1536x864.jpg 1536w, https:\/\/tucomarca.whitekongsoftware.com\/wp-content\/uploads\/2025\/01\/CerroDeLaNevera-2048x1152.jpg 2048w, https:\/\/tucomarca.whitekongsoftware.com\/wp-content\/uploads\/2025\/01\/CerroDeLaNevera-678x381.jpg 678w\" sizes=\"auto, (max-width: 1024px) 100vw, 1024px\" \/><\/figure>\n<\/figure>\n","protected":false},"excerpt":{"rendered":"<div class=\"mh-excerpt\">Mart\u00ednez Mus ha assistit a Bunyol a la demostraci\u00f3 d\u2019un d\u2019estos vols de cara a fer els treballs de restauraci\u00f3 hidrol\u00f2gica forestal. La informaci\u00f3 recopilada fins ara indica que entre el 40 i el 45 <a class=\"mh-excerpt-more\" href=\"https:\/\/tucomarca.whitekongsoftware.com\/ca\/la-generalitat-verifica-en-bunyol-amb-lus-de-drons-lestat-dels-dics-dels-barrancs-de-capcalera-per-a-avaluar-los-i-reparar-los-despres-de-les-inundacions\/\" title=\"La Generalitat verifica en Bunyol amb l\u2019\u00fas de drons l\u2019estat dels dics dels barrancs de cap\u00e7alera per a avaluar-los i reparar-los despr\u00e9s de les inundacions\">[+] <\/a><\/div>\n","protected":false},"author":12,"featured_media":249331,"comment_status":"open","ping_status":"open","sticky":false,"template":"","format":"gallery","meta":{"footnotes":""},"categories":[10911,21466,10898,10948,10894,10904,10912,10903,10947,10896,10897],"tags":[15409,12903,11199,12166],"class_list":["post-249335","post","type-post","status-publish","format-gallery","has-post-thumbnail","category-bunol-ca","category-dana-ca","category-ventana-ca","category-infraestructuras-ca","category-la-comarca-ca","category-sin-categorizar-ca","category-la-hoya-ca","category-medio-ambiente-la-comarca-ca","category-politica","category-seccion-ca","category-sucesos-la-comarca-ca","tag-dana-2-ca","tag-infraestructuras-ca","tag-la-comunitat-ca","tag-medio-ambiente-ca","post_format-post-format-gallery"],"_links":{"self":[{"href":"https:\/\/tucomarca.whitekongsoftware.com\/ca\/wp-json\/wp\/v2\/posts\/249335","targetHints":{"allow":["GET"]}}],"collection":[{"href":"https:\/\/tucomarca.whitekongsoftware.com\/ca\/wp-json\/wp\/v2\/posts"}],"about":[{"href":"https:\/\/tucomarca.whitekongsoftware.com\/ca\/wp-json\/wp\/v2\/types\/post"}],"author":[{"embeddable":true,"href":"https:\/\/tucomarca.whitekongsoftware.com\/ca\/wp-json\/wp\/v2\/users\/12"}],"replies":[{"embeddable":true,"href":"https:\/\/tucomarca.whitekongsoftware.com\/ca\/wp-json\/wp\/v2\/comments?post=249335"}],"version-history":[{"count":0,"href":"https:\/\/tucomarca.whitekongsoftware.com\/ca\/wp-json\/wp\/v2\/posts\/249335\/revisions"}],"wp:featuredmedia":[{"embeddable":true,"href":"https:\/\/tucomarca.whitekongsoftware.com\/ca\/wp-json\/wp\/v2\/media\/249331"}],"wp:attachment":[{"href":"https:\/\/tucomarca.whitekongsoftware.com\/ca\/wp-json\/wp\/v2\/media?parent=249335"}],"wp:term":[{"taxonomy":"category","embeddable":true,"href":"https:\/\/tucomarca.whitekongsoftware.com\/ca\/wp-json\/wp\/v2\/categories?post=249335"},{"taxonomy":"post_tag","embeddable":true,"href":"https:\/\/tucomarca.whitekongsoftware.com\/ca\/wp-json\/wp\/v2\/tags?post=249335"}],"curies":[{"name":"wp","href":"https:\/\/api.w.org\/{rel}","templated":true}]}}