{"id":249322,"date":"2025-01-03T09:00:00","date_gmt":"2025-01-03T07:00:00","guid":{"rendered":"https:\/\/www.tucomarca.com\/wordpress\/segunda\/?p=249322"},"modified":"2025-01-03T10:41:29","modified_gmt":"2025-01-03T08:41:29","slug":"presentacio-del-llibre-bunyol-sporting-club-en-els-periodics-de-1922-a-1936-segona-edicio-ampliada-1939-1951-de-roberto-palmer-a-la-sala-raga","status":"publish","type":"post","link":"https:\/\/tucomarca.whitekongsoftware.com\/ca\/presentacio-del-llibre-bunyol-sporting-club-en-els-periodics-de-1922-a-1936-segona-edicio-ampliada-1939-1951-de-roberto-palmer-a-la-sala-raga\/","title":{"rendered":"Presentaci\u00f3 del llibre &#8220;Bunyol Sporting Club en els peri\u00f2dics de 1922 a 1936, Segona edici\u00f3 ampliada (1939-1951)&#8221;, de Roberto Palmer a la Sala Raga"},"content":{"rendered":"<div class=\"wp-block-image\">\n<figure class=\"alignleft size-large is-resized\"><img loading=\"lazy\" decoding=\"async\" width=\"725\" height=\"1024\" src=\"https:\/\/www.tucomarca.com\/wordpress\/segunda\/wp-content\/uploads\/2025\/01\/cartel-bsc-725x1024.png\" alt=\"\" class=\"wp-image-249318\" style=\"width:409px;height:auto\" srcset=\"https:\/\/tucomarca.whitekongsoftware.com\/wp-content\/uploads\/2025\/01\/cartel-bsc-725x1024.png 725w, https:\/\/tucomarca.whitekongsoftware.com\/wp-content\/uploads\/2025\/01\/cartel-bsc-212x300.png 212w, https:\/\/tucomarca.whitekongsoftware.com\/wp-content\/uploads\/2025\/01\/cartel-bsc.png 763w\" sizes=\"auto, (max-width: 725px) 100vw, 725px\" \/><\/figure>\n<\/div>\n\n\n<p class=\"wp-block-paragraph\">Aquest divendres, 3 de gener de 2025, a les 19.00 h. la Sala Raga de la Biblioteca Municipal ser\u00e0 l&#8217;escenari de la presentaci\u00f3 de la segona edici\u00f3 ampliada del llibre &#8220;Bunyol Sporting Club en els peri\u00f2dics de 1922 a 1936, Segona edici\u00f3 ampliada (1939-1951)\u201c, escrit per Roberto Palmer.<\/p>\n\n\n\n<p class=\"wp-block-paragraph\">L&#8217;autor, Roberto Palmer, repassar\u00e0 els detalls i curiositats d&#8217;aquesta obra que documenta la hist\u00f2ria del Bunyol Sporting Club, recopilant not\u00edcies de premsa entre els anys 1922 i 1951. Aquesta nova edici\u00f3 ampliada inclou un valu\u00f3s per\u00edode addicional que abasta des de 1939 fins a 1951, oferint un relat encara m\u00e9s complet de la vida esportiva i social de l&#8217;\u00e8poca. Un esdeveniment imprescindible per als amants de la hist\u00f2ria local i de l&#8217;esport.<\/p>\n\n\n\n<p class=\"wp-block-paragraph\">Roberto Palmer afig que \u00aben la presentaci\u00f3 exposar\u00e9 els motius que em van portar a publicar aquest llibre de car\u00e0cter expositiu, les coses que m&#8217;han cridat l&#8217;atenci\u00f3 entorn d&#8217;aquesta hist\u00f2ria centen\u00e0ria iniciada pels pioners del futbol a Val\u00e8ncia i finalment la cronologia del Bunyol Sporting Club entre 1922 i 1951\u00bb.<\/p>\n","protected":false},"excerpt":{"rendered":"<div class=\"mh-excerpt\">Aquest divendres, 3 de gener de 2025, a les 19.00 h. la Sala Raga de la Biblioteca Municipal ser\u00e0 l&#8217;escenari de la presentaci\u00f3 de la segona edici\u00f3 ampliada del llibre &#8220;Bunyol Sporting Club en els <a class=\"mh-excerpt-more\" href=\"https:\/\/tucomarca.whitekongsoftware.com\/ca\/presentacio-del-llibre-bunyol-sporting-club-en-els-periodics-de-1922-a-1936-segona-edicio-ampliada-1939-1951-de-roberto-palmer-a-la-sala-raga\/\" title=\"Presentaci\u00f3 del llibre &#8220;Bunyol Sporting Club en els peri\u00f2dics de 1922 a 1936, Segona edici\u00f3 ampliada (1939-1951)&#8221;, de Roberto Palmer a la Sala Raga\">[+] <\/a><\/div>\n","protected":false},"author":12,"featured_media":249319,"comment_status":"open","ping_status":"open","sticky":false,"template":"","format":"standard","meta":{"footnotes":""},"categories":[11019,10911,10894,10912,10896],"tags":[10913,10914,21761],"class_list":["post-249322","post","type-post","status-publish","format-standard","has-post-thumbnail","category-agenda-ca","category-bunol-ca","category-la-comarca-ca","category-la-hoya-ca","category-seccion-ca","tag-bunol-ca","tag-la-hoya-de-bunol-chiva-ca","tag-roberto-palmer"],"_links":{"self":[{"href":"https:\/\/tucomarca.whitekongsoftware.com\/ca\/wp-json\/wp\/v2\/posts\/249322","targetHints":{"allow":["GET"]}}],"collection":[{"href":"https:\/\/tucomarca.whitekongsoftware.com\/ca\/wp-json\/wp\/v2\/posts"}],"about":[{"href":"https:\/\/tucomarca.whitekongsoftware.com\/ca\/wp-json\/wp\/v2\/types\/post"}],"author":[{"embeddable":true,"href":"https:\/\/tucomarca.whitekongsoftware.com\/ca\/wp-json\/wp\/v2\/users\/12"}],"replies":[{"embeddable":true,"href":"https:\/\/tucomarca.whitekongsoftware.com\/ca\/wp-json\/wp\/v2\/comments?post=249322"}],"version-history":[{"count":0,"href":"https:\/\/tucomarca.whitekongsoftware.com\/ca\/wp-json\/wp\/v2\/posts\/249322\/revisions"}],"wp:featuredmedia":[{"embeddable":true,"href":"https:\/\/tucomarca.whitekongsoftware.com\/ca\/wp-json\/wp\/v2\/media\/249319"}],"wp:attachment":[{"href":"https:\/\/tucomarca.whitekongsoftware.com\/ca\/wp-json\/wp\/v2\/media?parent=249322"}],"wp:term":[{"taxonomy":"category","embeddable":true,"href":"https:\/\/tucomarca.whitekongsoftware.com\/ca\/wp-json\/wp\/v2\/categories?post=249322"},{"taxonomy":"post_tag","embeddable":true,"href":"https:\/\/tucomarca.whitekongsoftware.com\/ca\/wp-json\/wp\/v2\/tags?post=249322"}],"curies":[{"name":"wp","href":"https:\/\/api.w.org\/{rel}","templated":true}]}}