{"id":249226,"date":"2024-12-31T09:00:00","date_gmt":"2024-12-31T07:00:00","guid":{"rendered":"https:\/\/www.tucomarca.com\/wordpress\/segunda\/?p=249226"},"modified":"2024-12-31T15:27:01","modified_gmt":"2024-12-31T13:27:01","slug":"utiel-celebra-les-preuvas-per-a-deixar-arrere-el-2024-i-donar-la-benvinguda-a-un-nou-any-carregat-desperanca","status":"publish","type":"post","link":"https:\/\/tucomarca.whitekongsoftware.com\/ca\/utiel-celebra-les-preuvas-per-a-deixar-arrere-el-2024-i-donar-la-benvinguda-a-un-nou-any-carregat-desperanca\/","title":{"rendered":"Utiel celebra les &#8216;preuvas&#8217; per a deixar arrere el 2024 i donar la benvinguda &#8220;a un nou any carregat d&#8217;esperan\u00e7a&#8221;"},"content":{"rendered":"\n<h3 class=\"wp-block-heading\">L&#8217;Ajuntament d&#8217;Utiel continua la iniciativa que tan bon acolliment va tindre l&#8217;any passat per a oferir un gran comiat a l&#8217;any en fam\u00edlia.<\/h3>\n\n\n\n<p class=\"wp-block-paragraph\">Aquesta vesprada la Pla\u00e7a de l&#8217;Ajuntament d&#8217;Utiel ha acollit la festa de les Pre\u00favas, per a donar la benvinguda de forma anticipada al nou any i desitjar a ve\u00efns i visitants un 2025 carregat d&#8217;esperan\u00e7a despr\u00e9s d&#8217;una etapa adversa.&nbsp;<\/p>\n\n\n\n<p class=\"wp-block-paragraph\">Xiquets i majors han compartit les campanades de cap d&#8217;any &nbsp;en la segona edici\u00f3 d&#8217;aquesta festa que posa en valor l&#8217;esperit nadalenc i la il\u00b7lusi\u00f3 i alegria de compartir el cap d&#8217;any amb &nbsp;fam\u00edlia , amics i ve\u00efns.<\/p>\n\n\n\n<p class=\"wp-block-paragraph\">A les 18 hores ha comen\u00e7at LA Festa PRE\u00daVAS amb \u201cMini-disc\u201d per als m\u00e9s xicotets i una hora m\u00e9s tard, &nbsp;quan el rellotge del consistori marcava les 19 hores, van comen\u00e7ar les 12 campanades de l&#8217;any nou anticipat. En aquesta ocasi\u00f3 el compte arrere va canviar el ra\u00efm pels gusanitos de la sort, que pr\u00e8viament han repartit uns col\u00b7laboradors molt especials, efectius de la Gu\u00e0rdia Real de Madrid.<\/p>\n\n\n\n<p class=\"wp-block-paragraph\">L&#8217;alcalde d&#8217;Utiel, &nbsp;Ricardo Gabald\u00f3n ha felicitat les festes de Nadal a tots, a agra\u00eft el comportament exemplar de la ciutadania i especialment dels m\u00e9s xicotets durant aquests 2 mesos despr\u00e9s de la DANA i &nbsp;ha transm\u00e9s un missatge d&#8217;esperan\u00e7a perqu\u00e8 &#8221; tots units aconseguim avan\u00e7ar i donar la benvinguda a un nou any 2025 de superaci\u00f3 i progr\u00e9s &#8220;<\/p>\n\n\n\n<p class=\"wp-block-paragraph\">&nbsp;Per a finalitzar, amb bon ambient i diversi\u00f3 aquesta vesprada pr\u00e8via a la nit de cap d&#8217;any , ha continuat una extraordin\u00e0ria sessi\u00f3 de m\u00fasica per a tota la fam\u00edlia.<\/p>\n\n\n\n<figure class=\"wp-block-gallery has-nested-images columns-default is-cropped wp-block-gallery-1 is-layout-flex wp-block-gallery-is-layout-flex\">\n<figure class=\"wp-block-image size-large\"><img loading=\"lazy\" decoding=\"async\" width=\"1024\" height=\"771\" data-id=\"249220\" src=\"https:\/\/www.tucomarca.com\/wordpress\/segunda\/wp-content\/uploads\/2024\/12\/PreuvasUtiel02-1024x771.jpeg\" alt=\"\" class=\"wp-image-249220\" srcset=\"https:\/\/tucomarca.whitekongsoftware.com\/wp-content\/uploads\/2024\/12\/PreuvasUtiel02-1024x771.jpeg 1024w, https:\/\/tucomarca.whitekongsoftware.com\/wp-content\/uploads\/2024\/12\/PreuvasUtiel02-300x226.jpeg 300w, https:\/\/tucomarca.whitekongsoftware.com\/wp-content\/uploads\/2024\/12\/PreuvasUtiel02-768x578.jpeg 768w, https:\/\/tucomarca.whitekongsoftware.com\/wp-content\/uploads\/2024\/12\/PreuvasUtiel02-1536x1156.jpeg 1536w, https:\/\/tucomarca.whitekongsoftware.com\/wp-content\/uploads\/2024\/12\/PreuvasUtiel02-678x509.jpeg 678w, https:\/\/tucomarca.whitekongsoftware.com\/wp-content\/uploads\/2024\/12\/PreuvasUtiel02-326x245.jpeg 326w, https:\/\/tucomarca.whitekongsoftware.com\/wp-content\/uploads\/2024\/12\/PreuvasUtiel02-80x60.jpeg 80w, https:\/\/tucomarca.whitekongsoftware.com\/wp-content\/uploads\/2024\/12\/PreuvasUtiel02.jpeg 1600w\" sizes=\"auto, (max-width: 1024px) 100vw, 1024px\" \/><\/figure>\n\n\n\n<figure class=\"wp-block-image size-large\"><img loading=\"lazy\" decoding=\"async\" width=\"789\" height=\"1024\" data-id=\"249218\" src=\"https:\/\/www.tucomarca.com\/wordpress\/segunda\/wp-content\/uploads\/2024\/12\/PreuvasUtiel01-789x1024.jpeg\" alt=\"\" class=\"wp-image-249218\" srcset=\"https:\/\/tucomarca.whitekongsoftware.com\/wp-content\/uploads\/2024\/12\/PreuvasUtiel01-789x1024.jpeg 789w, https:\/\/tucomarca.whitekongsoftware.com\/wp-content\/uploads\/2024\/12\/PreuvasUtiel01-231x300.jpeg 231w, https:\/\/tucomarca.whitekongsoftware.com\/wp-content\/uploads\/2024\/12\/PreuvasUtiel01-768x997.jpeg 768w, https:\/\/tucomarca.whitekongsoftware.com\/wp-content\/uploads\/2024\/12\/PreuvasUtiel01.jpeg 1043w\" sizes=\"auto, (max-width: 789px) 100vw, 789px\" \/><\/figure>\n<\/figure>\n","protected":false},"excerpt":{"rendered":"<div class=\"mh-excerpt\">L&#8217;Ajuntament d&#8217;Utiel continua la iniciativa que tan bon acolliment va tindre l&#8217;any passat per a oferir un gran comiat a l&#8217;any en fam\u00edlia. Aquesta vesprada la Pla\u00e7a de l&#8217;Ajuntament d&#8217;Utiel ha acollit la festa de <a class=\"mh-excerpt-more\" href=\"https:\/\/tucomarca.whitekongsoftware.com\/ca\/utiel-celebra-les-preuvas-per-a-deixar-arrere-el-2024-i-donar-la-benvinguda-a-un-nou-any-carregat-desperanca\/\" title=\"Utiel celebra les &#8216;preuvas&#8217; per a deixar arrere el 2024 i donar la benvinguda &#8220;a un nou any carregat d&#8217;esperan\u00e7a&#8221;\">[+] <\/a><\/div>\n","protected":false},"author":13,"featured_media":249223,"comment_status":"open","ping_status":"open","sticky":false,"template":"","format":"gallery","meta":{"footnotes":""},"categories":[10894,11007,10909,10896,11059],"tags":[15856,10910,11174],"class_list":["post-249226","post","type-post","status-publish","format-gallery","has-post-thumbnail","category-la-comarca-ca","category-ocio-y-cultura-ca","category-requena-utiel-ca","category-seccion-ca","category-utiel-ca","tag-ocio-y-cultura-ca","tag-requena-utiel-ca","tag-utiel-ca","post_format-post-format-gallery"],"_links":{"self":[{"href":"https:\/\/tucomarca.whitekongsoftware.com\/ca\/wp-json\/wp\/v2\/posts\/249226","targetHints":{"allow":["GET"]}}],"collection":[{"href":"https:\/\/tucomarca.whitekongsoftware.com\/ca\/wp-json\/wp\/v2\/posts"}],"about":[{"href":"https:\/\/tucomarca.whitekongsoftware.com\/ca\/wp-json\/wp\/v2\/types\/post"}],"author":[{"embeddable":true,"href":"https:\/\/tucomarca.whitekongsoftware.com\/ca\/wp-json\/wp\/v2\/users\/13"}],"replies":[{"embeddable":true,"href":"https:\/\/tucomarca.whitekongsoftware.com\/ca\/wp-json\/wp\/v2\/comments?post=249226"}],"version-history":[{"count":0,"href":"https:\/\/tucomarca.whitekongsoftware.com\/ca\/wp-json\/wp\/v2\/posts\/249226\/revisions"}],"wp:featuredmedia":[{"embeddable":true,"href":"https:\/\/tucomarca.whitekongsoftware.com\/ca\/wp-json\/wp\/v2\/media\/249223"}],"wp:attachment":[{"href":"https:\/\/tucomarca.whitekongsoftware.com\/ca\/wp-json\/wp\/v2\/media?parent=249226"}],"wp:term":[{"taxonomy":"category","embeddable":true,"href":"https:\/\/tucomarca.whitekongsoftware.com\/ca\/wp-json\/wp\/v2\/categories?post=249226"},{"taxonomy":"post_tag","embeddable":true,"href":"https:\/\/tucomarca.whitekongsoftware.com\/ca\/wp-json\/wp\/v2\/tags?post=249226"}],"curies":[{"name":"wp","href":"https:\/\/api.w.org\/{rel}","templated":true}]}}