{"id":249120,"date":"2024-12-30T11:00:00","date_gmt":"2024-12-30T09:00:00","guid":{"rendered":"https:\/\/www.tucomarca.com\/wordpress\/segunda\/?p=249120"},"modified":"2024-12-30T19:10:27","modified_gmt":"2024-12-30T17:10:27","slug":"ava-asaja-demana-a-la-chj-flexibilitat-per-a-les-entitats-de-reg-en-plena-reconstruccio","status":"publish","type":"post","link":"https:\/\/tucomarca.whitekongsoftware.com\/ca\/ava-asaja-demana-a-la-chj-flexibilitat-per-a-les-entitats-de-reg-en-plena-reconstruccio\/","title":{"rendered":"AVA-Asaja demana a la CHJ &#8220;flexibilitat&#8221; per a les entitats de reg en plena reconstrucci\u00f3"},"content":{"rendered":"\n<h3 class=\"wp-block-heading\">Encara que la llei obliga a instal\u00b7lar sistemes de mesurament, l&#8217;associaci\u00f3 suggereix concedir m\u00e9s temps perqu\u00e8 el sector agrari supere les dificultats derivades de la DANA.<\/h3>\n\n\n\n<p class=\"wp-block-paragraph\">La Confederaci\u00f3 Hidrogr\u00e0fica del X\u00faquer (CHJ) est\u00e0 enviant cartes a les entitats de reg valencianes per a requerir, en el termini de tres mesos des de la notificaci\u00f3, l&#8217;obligaci\u00f3 d&#8217;instal\u00b7lar a la seua costa un sistema de mesurament telem\u00e0tic de volums d&#8217;aigua utilitzats pels aprofitaments d&#8217;aigua, els retorns i els abocaments al domini p\u00fablic hidr\u00e0ulic, segons estableix la normativa, l&#8217;incompliment o l&#8217;omissi\u00f3 de la qual dona lloc a sancions d&#8217;entre 50.001 i 500.000 euros.<\/p>\n\n\n\n<p class=\"wp-block-paragraph\">Sobre aquest tema, l&#8217;Associaci\u00f3 Valenciana d&#8217;Agricultors (AVA-Asaja) sol\u00b7licita a aquest organisme dependent del Ministeri per a la Transici\u00f3 Ecol\u00f2gica i el Repte Demogr\u00e0fic \u201cflexibilitat, empatia i comprensi\u00f3 en aquests moments tan delicats perqu\u00e8, encara que la llei l&#8217;obliga des de fa temps i les entitats de reg estan avisades per a complir amb aquestes exig\u00e8ncies legals, la CHJ hauria de concedir m\u00e9s termini perqu\u00e8 el sector agrari supere les dificultats derivades de la DANA\u201d. No en va, segons les estimacions de AVA-Asaja, les p\u00e8rdues ocasionades pel temporal en les entitats de reg ascendeixen a 300 milions d&#8217;euros.<\/p>\n\n\n\n<p class=\"wp-block-paragraph\">La missiva que la CHJ est\u00e0 remetent a pous col\u00b7lectius i particulars especifica que l&#8217;Ordre TED\/1191\/2024 obliga a la instal\u00b7laci\u00f3 i manteniment d&#8217;un sistema de control volum\u00e8tric que inclou els elements tecnol\u00f2gics necessaris perqu\u00e8 es registren i emmagatzemen electr\u00f2nicament la lectura dels comptadors i els volums acumulats circulants, amb almenys una freq\u00fc\u00e8ncia di\u00e0ria per a les categories primera i segona, i fins i tot en temps real, amb una freq\u00fc\u00e8ncia hor\u00e0ria, per a la categoria tercera. Si les entitats no realitzen aquestes instal\u00b7lacions en el termini fixat de tres mesos, la CHJ adverteix que obrir\u00e0 un expedient sancionador.<\/p>\n\n\n\n<p class=\"wp-block-paragraph\">AVA-Asaja considera que \u201cdavant les circumst\u00e0ncies excepcionals que estem travessant, amb unes destrosses catastr\u00f2fiques provocades per la DANA, la prioritat hauria de ser la reconstrucci\u00f3 urgent dels accessos i les instal\u00b7lacions de reg amb la finalitat de tornar a posar en funcionament el subministrament d&#8217;aigua i garantir aix\u00ed l&#8217;activitat de les explotacions agr\u00e0ries. No estem dient que no calga complir la normativa, simplement que no sembla el millor moment per a estr\u00e9nyer les rosques\u201d.&nbsp;<\/p>\n\n\n\n<p class=\"wp-block-paragraph\">Desenes de comunitats de regants, SATs, societats civils particulars, societats de regs i \u2018tancats\u2019 de l&#8217;Albufera situades en les zones damnificades estan greument danyades per la virul\u00e8ncia de les aig\u00fces torrencials i dels materials arrossegats, que van provocar inundacions, trencaments, solsides, obstruccions en les instal\u00b7lacions i altres desperfectes d&#8217;alt valor econ\u00f2mic. Casetes de pous negades, en contindre les bombes i els transformadors, ho han perdut tot. Els brins dels rius desbordats, assuts, preses i compostes de reg, entre altres infraestructures h\u00eddriques, han sigut arrossegades per la riuada. Tamb\u00e9 segueixen afectats quil\u00f2metres de canonades, canals i xarxes de distribuci\u00f3, que han quedat totalment inutilitzades i, fins i tot, en moltes zones, en transc\u00f3rrer enterrades sota les vies o els llits, han desaparegut al costat de la terra que les cobrien.<\/p>\n","protected":false},"excerpt":{"rendered":"<div class=\"mh-excerpt\">Encara que la llei obliga a instal\u00b7lar sistemes de mesurament, l&#8217;associaci\u00f3 suggereix concedir m\u00e9s temps perqu\u00e8 el sector agrari supere les dificultats derivades de la DANA. La Confederaci\u00f3 Hidrogr\u00e0fica del X\u00faquer (CHJ) est\u00e0 enviant cartes <a class=\"mh-excerpt-more\" href=\"https:\/\/tucomarca.whitekongsoftware.com\/ca\/ava-asaja-demana-a-la-chj-flexibilitat-per-a-les-entitats-de-reg-en-plena-reconstruccio\/\" title=\"AVA-Asaja demana a la CHJ &#8220;flexibilitat&#8221; per a les entitats de reg en plena reconstrucci\u00f3\">[+] <\/a><\/div>\n","protected":false},"author":12,"featured_media":249119,"comment_status":"open","ping_status":"open","sticky":false,"template":"","format":"standard","meta":{"footnotes":""},"categories":[10905,21466,10898,10948,10894,10904,10903,10947,10896,10897],"tags":[11924,12292,15409],"class_list":["post-249120","post","type-post","status-publish","format-standard","has-post-thumbnail","category-agricultura-la-comarca-ca","category-dana-ca","category-ventana-ca","category-infraestructuras-ca","category-la-comarca-ca","category-sin-categorizar-ca","category-medio-ambiente-la-comarca-ca","category-politica","category-seccion-ca","category-sucesos-la-comarca-ca","tag-ava-asaja-ca","tag-chj-ca","tag-dana-2-ca"],"_links":{"self":[{"href":"https:\/\/tucomarca.whitekongsoftware.com\/ca\/wp-json\/wp\/v2\/posts\/249120","targetHints":{"allow":["GET"]}}],"collection":[{"href":"https:\/\/tucomarca.whitekongsoftware.com\/ca\/wp-json\/wp\/v2\/posts"}],"about":[{"href":"https:\/\/tucomarca.whitekongsoftware.com\/ca\/wp-json\/wp\/v2\/types\/post"}],"author":[{"embeddable":true,"href":"https:\/\/tucomarca.whitekongsoftware.com\/ca\/wp-json\/wp\/v2\/users\/12"}],"replies":[{"embeddable":true,"href":"https:\/\/tucomarca.whitekongsoftware.com\/ca\/wp-json\/wp\/v2\/comments?post=249120"}],"version-history":[{"count":0,"href":"https:\/\/tucomarca.whitekongsoftware.com\/ca\/wp-json\/wp\/v2\/posts\/249120\/revisions"}],"wp:featuredmedia":[{"embeddable":true,"href":"https:\/\/tucomarca.whitekongsoftware.com\/ca\/wp-json\/wp\/v2\/media\/249119"}],"wp:attachment":[{"href":"https:\/\/tucomarca.whitekongsoftware.com\/ca\/wp-json\/wp\/v2\/media?parent=249120"}],"wp:term":[{"taxonomy":"category","embeddable":true,"href":"https:\/\/tucomarca.whitekongsoftware.com\/ca\/wp-json\/wp\/v2\/categories?post=249120"},{"taxonomy":"post_tag","embeddable":true,"href":"https:\/\/tucomarca.whitekongsoftware.com\/ca\/wp-json\/wp\/v2\/tags?post=249120"}],"curies":[{"name":"wp","href":"https:\/\/api.w.org\/{rel}","templated":true}]}}