{"id":249041,"date":"2024-12-30T08:00:00","date_gmt":"2024-12-30T06:00:00","guid":{"rendered":"https:\/\/www.tucomarca.com\/wordpress\/segunda\/?p=249041"},"modified":"2024-12-31T15:35:25","modified_gmt":"2024-12-31T13:35:25","slug":"les-adversitats-meteorologiques-provoquen-unes-perdues-enguany-en-el-camp-valencia-superiors-als-1-400-milions-deuros","status":"publish","type":"post","link":"https:\/\/tucomarca.whitekongsoftware.com\/ca\/les-adversitats-meteorologiques-provoquen-unes-perdues-enguany-en-el-camp-valencia-superiors-als-1-400-milions-deuros\/","title":{"rendered":"Les adversitats meteorol\u00f2giques provoquen unes p\u00e8rdues enguany en el camp valenci\u00e0 superiors als 1.400 milions d\u2019euros"},"content":{"rendered":"\n<h3 class=\"wp-block-heading\">\u00c9s un any tamb\u00e9 marcat per les protestes als carrers: fins a 8 ha dut a terme La Uni\u00f3 al llarg de 2024.<\/h3>\n\n\n\n<p class=\"wp-block-paragraph\">Les adversitats meteorol\u00f2giques, sobretot la sequera i les pluges torrencials de la dana encara que tamb\u00e9 unes altres, han provocat enguany en el camp valenci\u00e0 una xifra de p\u00e8rdues superior als 1.400 milions d&#8217;euros d&#8217;impacte directe en les collites agr\u00edcoles i cabanyes ramaderes, aix\u00ed com danys en infraestructures, al costat d&#8217;altres conseq\u00fc\u00e8ncies indirectes dif\u00edcils de calcular.<\/p>\n\n\n\n<p class=\"wp-block-paragraph\">\u00c9s evident que el canvi clim\u00e0tic ha arribat per a quedar-se i accentua tots aquests fen\u00f2mens meteorol\u00f2gics en la Comunitat Valenciana. Any rere any es nota en el minvament de les collites i en el descens dels rendiments, al costat de la cada vegada major irrupci\u00f3 de les plagues o malalties. Enguany per exemple m\u00e9s del 70% de minvament en la collita d&#8217;olives, del 50% en la de caqui, la collita m\u00e9s baixa de ra\u00efm dels \u00faltims 30 anys, la de c\u00edtrics ha sigut la tercera amb menys producci\u00f3 d&#8217;aquest segle, un 35% inferior la collita d&#8217;ametles, la de fruita d&#8217;estiu ha sigut la meitat de la mitjana de les \u00faltimes quinze campanyes i un 30% menys de collita de nispros, entre altres.<\/p>\n\n\n\n<p class=\"wp-block-paragraph\">En 2024 hem passat a m\u00e9s en pocs dies de demanar ajudes per una sequera persistent que ha afectat els cultius de sec\u00e0 -sobretot en olivar, ametler, ra\u00efm de vinificaci\u00f3 i cereals- i a la cabanya ramadera en extensiu -bov\u00ed i ov\u00ed-capr\u00ed- i apicultura, amb un sobrecost del 60%, a la devastadora DANA i alguns episodis de pedra. La sequera va tindre unes p\u00e8rdues superiors als 150 milions d&#8217;euros i la Generalitat ha habilitat ajudes per valor de 17 milions.<\/p>\n\n\n\n<p class=\"wp-block-paragraph\">Quant a la dana, amb xifres encara provisionals, les p\u00e8rdues segons les estimacions de La Uni\u00f3 que, inicialment va valorar en 820 milions, s\u00f3n superiors ja als 1.000 milions d&#8217;euros, tant per impacte directe en els cultius com per greus destrosses en infraestructures agr\u00e0ries. El Govern d&#8217;Espanya preveu compensar-les amb una partida de 445 milions d&#8217;euros i la Generalitat amb 200, encara que totes dues Administracions van concedint les ajudes a comptagotes. En aquests moments, dos mesos despr\u00e9s de la cat\u00e0strofe, encara existeixen camins destrossats per a accedir a les explotacions agr\u00e0ries, moltes de les quals no han pogut recol\u00b7lectar collites de caquis o c\u00edtrics fonamentalment. Els danys per impacte directe en els cultius per a aquesta i pr\u00f2ximes campanyes s\u00f3n evidents, a m\u00e9s dels considerables desperfectes en les infraestructures agr\u00e0ries.<\/p>\n\n\n\n<p class=\"wp-block-paragraph\">Cal destacar una vegada m\u00e9s la solidaritat dels llauradors de La Uni\u00f3 davant la cat\u00e0strofe. Igual que va succeir amb el Covid, van traure els tractors al carrer quan no hi havia cap dispositiu oficial organitzat per a retirar cotxes i netejar d&#8217;estris i fangs els carrers i carreteres. Paral\u00b7lelament, l&#8217;organitzaci\u00f3 va establir una campanya de donacions per a fer costat a les explotacions afectats i que fins a la data ha recaptat m\u00e9s de 120.000 euros.<\/p>\n\n\n\n<figure class=\"wp-block-image size-full\"><img loading=\"lazy\" decoding=\"async\" width=\"886\" height=\"586\" src=\"http:\/\/www.tucomarca.com\/wordpress\/segunda\/wp-content\/uploads\/2024\/02\/UnioCarlesPerisdesalojado.jpg\" alt=\"\" class=\"wp-image-210194\" srcset=\"https:\/\/tucomarca.whitekongsoftware.com\/wp-content\/uploads\/2024\/02\/UnioCarlesPerisdesalojado.jpg 886w, https:\/\/tucomarca.whitekongsoftware.com\/wp-content\/uploads\/2024\/02\/UnioCarlesPerisdesalojado-300x198.jpg 300w, https:\/\/tucomarca.whitekongsoftware.com\/wp-content\/uploads\/2024\/02\/UnioCarlesPerisdesalojado-768x508.jpg 768w\" sizes=\"auto, (max-width: 886px) 100vw, 886px\" \/><\/figure>\n\n\n\n<p class=\"wp-block-paragraph\"><strong>Fins a 8 protestes de La Uni\u00f3 enguany<\/strong><\/p>\n\n\n\n<p class=\"wp-block-paragraph\">Al costat de la meteorologia cal destacar que ha sigut un any de protestes, fins a un total de 8 ha protagonitzat La Uni\u00f3 al llarg de 2024. La primera va ser una foguera del vi el passat 26 de gener a Caudete de las Fuentes, al costat de la resta d&#8217;organitzacions agr\u00e0ries i cooperatives. La segona va ser convocada per La Uni\u00f3 en el port de Castell\u00f3 el 7 de febrer. La tercera es va repetir el 15 de febrer en PortCastell\u00f3, al costat de les altres organitzacions agr\u00e0ries i cooperatives. La quarta es va celebrar, tamb\u00e9 amb el conjunt d&#8217;organitzacions agr\u00e0ries i cooperatives, el passat 16 de febrer amb tres tractorades simult\u00e0nies a la prov\u00edncia d&#8217;Alacant (San Isidro, Villena i Planes-Muro). La cinquena va ser una gran tractorada-manifestaci\u00f3 a Madrid el 21 de febrer d&#8217;Uni\u00f3n de Uniones i el 22 de febrer es va celebrar una altra protesta conjunta en el port de Val\u00e8ncia.<\/p>\n\n\n\n<p class=\"wp-block-paragraph\">Despr\u00e9s d&#8217;aquest primer per\u00edode de mobilitzacions encara es van celebrar altres dues: el 15 d&#8217;abril davant una empresa arrossera a Algemes\u00ed i el 21 de juny una altra enfront de les portes de la Conselleria d&#8217;Agricultura a Val\u00e8ncia.<\/p>\n\n\n\n<p class=\"wp-block-paragraph\">Despr\u00e9s d&#8217;aquest intens calendari de protestes s&#8217;ha aconseguit que el Port de Castell\u00f3 elimine les bonificacions als c\u00edtrics importats de tercers pa\u00efsos, tal com li havia sol\u00b7licitat La Uni\u00f3. Aix\u00ed mateix, que el Ministeri d&#8217;Agricultura subscriga 43 mesures consensuades amb les organitzacions agr\u00e0ries (Uni\u00f3n de Uniones i Upa) de suport al sector, amb un 70% d&#8217;aquestes ja implementades i importants avan\u00e7os reeixits, entre ells la no obligatorietat del Quadern Digital d&#8217;Explotaci\u00f3 o l&#8217;\u00fas de les fotos georeferenciades, aix\u00ed com que en ramaderia siga nom\u00e9s voluntari a partir de l&#8217;1 de juny de 2025 l&#8217;adopci\u00f3 del Pla Sanitari Integral o la designaci\u00f3 d&#8217;un veterinari d&#8217;explotaci\u00f3, entre moltes altres coses. De la mateixa manera s&#8217;ha aconseguit que la Comissi\u00f3 Europea simplifique tr\u00e0mits administratius, suprimisca alguns requisits mediambientals o que es frenen normatives contr\u00e0ries al sector agrari.<\/p>\n\n\n\n<p class=\"wp-block-paragraph\"><strong>Creixement de les importacions amb plagues i d&#8217;alertes<\/strong><\/p>\n\n\n\n<p class=\"wp-block-paragraph\">Al costat dels efectes de la meteorologia o les protestes cal destacar de nou el creixement de les importacions procedents de tercers pa\u00efsos sense reciprocitat que afonen els preus de les nostres produccions o l&#8217;amena\u00e7a i lluita contra les plagues normalment importades. Aquest mateix any s&#8217;ha confirmat la irrupci\u00f3 del trips sud-afric\u00e0 Scirtothrips aurantii Faure que ja afecta entre altres cultius en el nostre territori al caqui on el rebuig per les plagues i la falta de fitosanitaris i eines de control biol\u00f2gic ha provocat que aquesta campanya els productors deixen d&#8217;ingressar m\u00e9s de 47 milions d&#8217;euros. En el cultiu de la magrana deixa uns 15 milions d&#8217;euros de p\u00e8rdues i en el cas dels c\u00edtrics el creixent control contra les plagues i malalties d&#8217;aquest \u00faltim any provoca ja un augment dels costos de producci\u00f3 del 40% als llauradors davant la necessitat de realitzar m\u00e9s tractaments per a combatre-les i la implementaci\u00f3 de lluita biol\u00f2gica mitjan\u00e7ant sistemes de solta de fauna \u00fatil.<\/p>\n\n\n\n<p class=\"wp-block-paragraph\">La Uni\u00f3 ha continuat enguany realitzant anal\u00edtiques de productes importats en laboratoris homologats. Per exemple, en c\u00edtrics de Sud-\u00e0frica es revela que el 88% de les mostres analitzades en supermercats i hipermercats d&#8217;ac\u00ed no es podrien vendre en altres pa\u00efsos europeus menys tolerants o en el ra\u00efm de taula importat, principalment de pa\u00efsos de Mercosur, que es consumeix ara en Nit de cap d&#8217;any, on l&#8217;organitzaci\u00f3 ha detectat fins a dues mat\u00e8ries actives prohibides per al seu \u00fas a la UE.<\/p>\n\n\n\n<p class=\"wp-block-paragraph\">El sector agrari es veu asfixiat cont\u00ednuament pels costos de producci\u00f3 que no paren de pujar i una ind\u00fastria i una gran distribuci\u00f3 que exerceixen implacablement el seu poder de negociaci\u00f3 en els mercats i imposen uns preus que no remuneren en absolut el treball d&#8217;aquelles persones que produeixen aliments.<\/p>\n\n\n\n<p class=\"wp-block-paragraph\">En aquest sentit, la Llei de millora del funcionament de la Cadena Aliment\u00e0ria segueix sense ser \u00fatil per als productors perqu\u00e8 no acaba amb els desequilibris de la cadena que suporta la baula m\u00e9s feble, encara que la seua reforma podria comportar canvis positius en aquest sentit tal com es treballa en les 43 mesures subscrites entre el Govern i les dues Opes.<\/p>\n\n\n\n<p class=\"wp-block-paragraph\">Cal assenyalar que a petici\u00f3 de La Uni\u00f3, el Govern del Bot\u00e0nic va crear la AVICA, l&#8217;Ag\u00e8ncia Valenciana d&#8217;Informaci\u00f3 i Control Alimentaris, per a donar un millor control dels abusos agroalimentaris en el nostre territori, per\u00f2 finalment es va quedar en lletra morta davant la supressi\u00f3 per part del nou equip de la Generalitat d&#8217;aquesta. Crisi de preus hi ha hagut en 2024 en nombrosos cultius, per\u00f2 cal destacar la dels productors de llima, ceba, mel\u00f3 d&#8217;Alger o ra\u00efm de taula Moscatell que van ser denunciades per La Uni\u00f3 al llarg d\u2019enguany.<\/p>\n\n\n\n<p class=\"wp-block-paragraph\"><strong>L&#8217;amena\u00e7a de Mercosur<\/strong><\/p>\n\n\n\n<p class=\"wp-block-paragraph\">Excepte algun \u00e8xit de La Uni\u00f3, poques coses han canviat en relaci\u00f3 amb la compet\u00e8ncia deslleial a la Uni\u00f3 Europea entre els productes europeus i els procedents de pa\u00efsos tercers.<\/p>\n\n\n\n<p class=\"wp-block-paragraph\">De l&#8217;acord amb Sud-\u00e0frica no es tenen not\u00edcies sobre la seua revisi\u00f3, no existeix tampoc la certesa que es vagen a considerar els c\u00edtrics com a producte sensible a l&#8217;hora de signar els tractats comercials ni s&#8217;avan\u00e7a en l&#8217;adopci\u00f3 de les cl\u00e0usules espill, malgrat el comprom\u00eds que va adoptar referent a aix\u00f2 el mateix ministre d&#8217;Agricultura, Luis Planas.<\/p>\n\n\n\n<p class=\"wp-block-paragraph\">I tot aix\u00f2 ser\u00e0 un clar perill per a les nostres produccions si es ratifica l&#8217;acord amb Mercosur. Un estudi elaborat per La Uni\u00f3 revela que ja per endavant la balan\u00e7a comercial agr\u00e0ria entre els pa\u00efsos de Mercosur i Espanya \u00e9s clarament deficit\u00e0ria per als nostres interessos en els productes m\u00e9s perjudicats per l&#8217;acord (arr\u00f2s, c\u00edtrics, fruita o sectors ramaders com l&#8217;av\u00edcola, bov\u00ed o ap\u00edcola) perqu\u00e8 el d\u00e8ficit en volum \u00e9s de m\u00e9s de 240.000 tones. Segons la informaci\u00f3 que ha recaptat La Uni\u00f3 sobre l&#8217;acord pol\u00edtic, la Uni\u00f3 Europea es compromet a liberalitzar el 77% de les l\u00ednies aranzel\u00e0ries del sector agrari, que corresponen a un volum comercial superior al 80%. Aix\u00f2 inclou acc\u00e9s preferencial a una s\u00e8rie de productes de Mercosur com a carns i fruites. La carn bovina, per exemple, tindr\u00e0 una quota de 99.000 tones que, actualment subjecta a aranzels que superen el 100%, tindr\u00e0 acc\u00e9s al mercat europeu amb aranzels redu\u00efts a nivells competitius. La carn d&#8217;au tindr\u00e0 un contingent de 180.000 tones amb exempci\u00f3 aranzel\u00e0ria dins del contingent, mentre que la de porc tindr\u00e0 25.000 tones en condicions preferencials. Altres productes agr\u00edcoles que rebran acc\u00e9s preferencial o exempci\u00f3 total s\u00f3n els c\u00edtrics, alvocats, melons, melons d&#8217;Alger o ra\u00efm de taula, molts dels quals tindran l&#8217;eliminaci\u00f3 total dels seus aranzels en per\u00edodes que oscil\u00b7laran entre 4 i 10 anys.<\/p>\n\n\n\n<p class=\"wp-block-paragraph\">Com ve denunciant La Uni\u00f3 puntualment, cada vegada hi ha m\u00e9s intercepcions a la UE de productes importats en frontera amb plagues i enguany s&#8217;han duplicat, el mateix que les alertes sanit\u00e0ries per detecci\u00f3 de subst\u00e0ncies actives l&#8217;\u00fas de les quals est\u00e0 prohibit en l&#8217;\u00e0mbit de la UE, per\u00f2 no per a tercers pa\u00efsos. En aquest 2024 es detecta un augment del 40% de les alertes europees en productes hortofruct\u00edcoles importats amb mat\u00e8ries actives no autoritzades ac\u00ed.<\/p>\n\n\n\n<p class=\"wp-block-paragraph\">No existeix la reciprocitat desitjable i cal adoptar un comprom\u00eds d&#8217;exig\u00e8ncia perqu\u00e8 eixa reducci\u00f3 de pesticides, antibi\u00f2tics i fertilitzants a les quals ens obliguen les autoritats comunit\u00e0ries es complisca tamb\u00e9 per als productors de fora. La reciprocitat en l&#8217;\u00fas de productes fitosanitaris \u00e9s una de les principals demandes de La Uni\u00f3 que continuar\u00e0 reclamant en 2025. De la mateixa manera caldria estendre el tractament de fred tamb\u00e9 a les mandarines i pomelos.<\/p>\n\n\n\n<p class=\"wp-block-paragraph\"><strong>Cremes agr\u00edcoles<\/strong><\/p>\n\n\n\n<p class=\"wp-block-paragraph\">En relaci\u00f3 amb les cremes agr\u00edcoles, La Uni\u00f3 proposa que el per\u00edode d&#8217;autoritzaci\u00f3 de les cremes agr\u00edcoles i marges s&#8217;adapte a la realitat agr\u00edcola de cada any segons les necessitats i circumst\u00e0ncies meteorol\u00f2giques i no amb dates fixes per ser un sistema obsolet de control dels incendis.<\/p>\n\n\n\n<p class=\"wp-block-paragraph\"><strong>Grans projectes fotovoltaics<\/strong><\/p>\n\n\n\n<p class=\"wp-block-paragraph\">La concentraci\u00f3 d&#8217;instal\u00b7lacions fotovoltaiques en grans plantes en s\u00f2l agr\u00edcola o forestal \u00e9s una clara agressi\u00f3 al m\u00f3n rural que posa en perill una important superf\u00edcie de terrenys agr\u00edcoles en plena producci\u00f3, a m\u00e9s d&#8217;aniquilar la forma de vida de les persones que tenen el seu projecte vital en aquestes zones. L&#8217;organitzaci\u00f3 insisteix que es prioritze l&#8217;autoconsum energ\u00e8tic en les teulades de les zones urbanes, en els pol\u00edgons industrials, en zones degradades i en infraestructures o edificis de propietat p\u00fablica en les zones demandants d&#8217;energia per a no destruir el territori rural.<\/p>\n\n\n\n<p class=\"wp-block-paragraph\"><strong>Fauna salvatge<\/strong><\/p>\n\n\n\n<p class=\"wp-block-paragraph\">La pressi\u00f3 cineg\u00e8tica per nombroses esp\u00e8cies, sobretot senglars i conills, \u00e9s elevada i per aix\u00f2 La Uni\u00f3 continua reclamant mitjans i propostes eficaces per a controlar i reduir aquesta proliferaci\u00f3 fins a nivells sostenibles per al medi, ja que els llauradors pateixen un sobrecost desmesurat. M\u00e9s de 45 milions d&#8217;euros en p\u00e8rdues deixa enguany la proliferaci\u00f3 de fauna silvestre en el camp valenci\u00e0.<\/p>\n\n\n\n<p class=\"wp-block-paragraph\">La Conselleria d&#8217;Agricultura va recon\u00e9ixer oficialment fa uns mesos que \u201cles mesures aplicades fins al moment per a lluitar contra la fauna silvestre no s\u00f3n suficients per a frenar l&#8217;expansi\u00f3 demogr\u00e0fica de diverses esp\u00e8cies, ni la freq\u00fc\u00e8ncia i magnitud dels seus impactes sobre les activitats humanes i el medi natural\u201d. Tamb\u00e9 considera que \u201cles esp\u00e8cies estan incrementant la seua poblaci\u00f3 i per tant s&#8217;amplien les \u00e0rees afectades aconseguint nivells de risc real per a les explotacions agr\u00e0ries\u201d.<\/p>\n\n\n\n<p class=\"wp-block-paragraph\">Malgrat tot aix\u00f2, Conselleria segueix sense posar en marxa les ajudes proposades en el seu moment i aprovades per les Corts per a pal\u00b7liar els danys en les explotacions agr\u00e0ries causades per esp\u00e8cies cineg\u00e8tiques. Estan dotades amb un import rid\u00edcul de 250.000 euros, mentre per exemple en una comunitat ve\u00efna com Catalunya el pressupost ser\u00e0 de 6,3 milions d&#8217;euros. A m\u00e9s, cal denunciar el canvi d&#8217;opini\u00f3 de la Conselleria d&#8217;Agricultura a l&#8217;hora de donar ajudes per a pal\u00b7liar els danys causats per la fauna cineg\u00e8tica en les explotacions agr\u00e0ries de la Comunitat Valenciana, ja que ara preveu \u00fanicament mesures de prevenci\u00f3 en lloc de compensaci\u00f3, tal com havia anunciat en reiterades ocasions. La Uni\u00f3 continua reclamant que combinen tots dos aspectes. L&#8217;organitzaci\u00f3 denuncia que ni tan sols s&#8217;han posat en marxa eixes mesures preventives, com \u00e9s el cas de l&#8217;establiment de barreres que impedisquen el seu acc\u00e9s a les mateixes i, en conseq\u00fc\u00e8ncia, danys en els cultius o transmissi\u00f3 de malalties en les esp\u00e8cies pecu\u00e0ries, o la instal\u00b7laci\u00f3 de g\u00e0bies-parany.<\/p>\n\n\n\n<p class=\"wp-block-paragraph\"><strong>Altres reptes per a 2025<\/strong><\/p>\n\n\n\n<p class=\"wp-block-paragraph\">A part del ja esmentat en relaci\u00f3 amb les ajudes per adversitats meteorol\u00f2giques, les importacions o les plagues, cremes agr\u00edcoles, fauna salvatge o cadena aliment\u00e0ria, La Uni\u00f3 planteja tamb\u00e9 una altra s\u00e8rie de q\u00fcestions.<\/p>\n\n\n\n<p class=\"wp-block-paragraph\">L&#8217;organitzaci\u00f3 continuar\u00e0 insistint perqu\u00e8 els ecorreg\u00edms de la PAC siguen flexibles i s&#8217;adapten a les realitat agr\u00edcola i clim\u00e0tica de la Comunitat Valenciana.<\/p>\n\n\n\n<p class=\"wp-block-paragraph\">Tamb\u00e9 desitjaria que enguany es redu\u00efsquen encara m\u00e9s els robatoris de collites en les explotacions agr\u00edcoles perqu\u00e8 malgrat el seu descens, encara es produeixen un total de quasi quatre al dia en la Comunitat Valenciana amb dades de les den\u00fancies presentades, per la qual cosa el n\u00famero \u00e9s superior ja que lamentablement no tots els robatoris s\u00f3n denunciats. La prov\u00edncia de Val\u00e8ncia \u00e9s a m\u00e9s la que pateix m\u00e9s robatoris en explotacions agr\u00edcoles i ramaderes de tota Espanya.<\/p>\n\n\n\n<p class=\"wp-block-paragraph\">La Uni\u00f3 continuar\u00e0 treballant en aquest nou any perqu\u00e8 la IGP Torr\u00f3 de Xixona i Torr\u00f3 d&#8217;Alacant introdu\u00efsca la refer\u00e8ncia a l&#8217;origen de les seues mat\u00e8ries primeres, com \u00e9s el cas de l&#8217;ametla o la mel. Les modificacions en el plec de condicions de les IGP Torr\u00f3 de Xixona i Torr\u00f3 d&#8217;Alacant van suprimir qualsevol refer\u00e8ncia a l&#8217;origen de les mat\u00e8ries primeres. La Uni\u00f3 ja va denunciar en el seu moment aquesta decisi\u00f3, que la Conselleria d&#8217;Agricultura va rebutjar atendre. Sense requisits sobre l&#8217;origen, els torrons etiquetats sota aquestes IGP poden contindre ametla importada, majorit\u00e0riament dels Estats Units, i mel de diverses proced\u00e8ncies, deixant en desavantatge als llauradors i apicultors valencians.<\/p>\n\n\n\n<p class=\"wp-block-paragraph\">L&#8217;organitzaci\u00f3 tamb\u00e9 demana a la Conselleria d&#8217;Agricultura -que t\u00e9 les compet\u00e8ncies en aquesta mat\u00e8ria-, que en 2025 hi haja un major relleu generacional en el camp valenci\u00e0 amb la incorporaci\u00f3 i perman\u00e8ncia de cada vegada m\u00e9s joves. Cal ressaltar que la Generalitat porta des de 2021 sense publicar la convocat\u00f2ria d&#8217;ajudes per a la primera instal\u00b7laci\u00f3 de llauradors i ramaders joves, a pesar de que per exemple m\u00e9s del 74% dels llauradors valencians t\u00e9 m\u00e9s de 55 anys. En aquest punt, si no hi ha una resposta immediata, La Uni\u00f3 convocar\u00e0 mobilitzacions a l&#8217;inici de l&#8217;any perqu\u00e8 davant el creixent aband\u00f3 i envelliment de la poblaci\u00f3 agr\u00e0ria, no \u00e9s admissible la deixadesa i passivitat de la Generalitat davant uns joves que desitgen incorporar-se al sector.<\/p>\n\n\n\n<p class=\"wp-block-paragraph\">La Uni\u00f3 aposta per visibilitzar el paper crucial que exerceixen les dones en les zones rurals de la Comunitat Valenciana, aix\u00ed com que entraren d&#8217;una forma m\u00e9s decidida en la titularitat compartida de les explotacions perqu\u00e8 no \u00e9s de rebut que nom\u00e9s hi haja donades d&#8217;alta en la Comunitat Valenciana 20 dones.<\/p>\n\n\n\n<p class=\"wp-block-paragraph\">L&#8217;organitzaci\u00f3 romandr\u00e0 vigilant tamb\u00e9 davant la possible retallada del transvasament Tajo-Segura per part del Govern d&#8217;Espanya, perqu\u00e8 en cas de produir-se perjudicaria una de les zones que constitueix l&#8217;horta d&#8217;Europa com \u00e9s el sud d&#8217;Alacant.<\/p>\n\n\n\n<p class=\"wp-block-paragraph\">Finalment, La Uni\u00f3 anima als consumidors durant aquests dies, per\u00f2 tamb\u00e9 durant tot l&#8217;any, a adquirir productes de proximitat que tenen una frescor, qualitat i seguretat aliment\u00e0ria contrastada.<\/p>\n","protected":false},"excerpt":{"rendered":"<div class=\"mh-excerpt\">\u00c9s un any tamb\u00e9 marcat per les protestes als carrers: fins a 8 ha dut a terme La Uni\u00f3 al llarg de 2024. Les adversitats meteorol\u00f2giques, sobretot la sequera i les pluges torrencials de la <a class=\"mh-excerpt-more\" href=\"https:\/\/tucomarca.whitekongsoftware.com\/ca\/les-adversitats-meteorologiques-provoquen-unes-perdues-enguany-en-el-camp-valencia-superiors-als-1-400-milions-deuros\/\" title=\"Les adversitats meteorol\u00f2giques provoquen unes p\u00e8rdues enguany en el camp valenci\u00e0 superiors als 1.400 milions d\u2019euros\">[+] <\/a><\/div>\n","protected":false},"author":12,"featured_media":244235,"comment_status":"open","ping_status":"open","sticky":false,"template":"","format":"standard","meta":{"footnotes":""},"categories":[10905,10951,21466,10898,10948,10894,10904,10903,10947,10896,10897],"tags":[20202,21752,18022],"class_list":["post-249041","post","type-post","status-publish","format-standard","has-post-thumbnail","category-agricultura-la-comarca-ca","category-ayora-cofrentes-ca","category-dana-ca","category-ventana-ca","category-infraestructuras-ca","category-la-comarca-ca","category-sin-categorizar-ca","category-medio-ambiente-la-comarca-ca","category-politica","category-seccion-ca","category-sucesos-la-comarca-ca","tag-agricultura-valenciana-ca","tag-balance-2024-ca","tag-la-unio-llauradora-ca"],"_links":{"self":[{"href":"https:\/\/tucomarca.whitekongsoftware.com\/ca\/wp-json\/wp\/v2\/posts\/249041","targetHints":{"allow":["GET"]}}],"collection":[{"href":"https:\/\/tucomarca.whitekongsoftware.com\/ca\/wp-json\/wp\/v2\/posts"}],"about":[{"href":"https:\/\/tucomarca.whitekongsoftware.com\/ca\/wp-json\/wp\/v2\/types\/post"}],"author":[{"embeddable":true,"href":"https:\/\/tucomarca.whitekongsoftware.com\/ca\/wp-json\/wp\/v2\/users\/12"}],"replies":[{"embeddable":true,"href":"https:\/\/tucomarca.whitekongsoftware.com\/ca\/wp-json\/wp\/v2\/comments?post=249041"}],"version-history":[{"count":0,"href":"https:\/\/tucomarca.whitekongsoftware.com\/ca\/wp-json\/wp\/v2\/posts\/249041\/revisions"}],"wp:featuredmedia":[{"embeddable":true,"href":"https:\/\/tucomarca.whitekongsoftware.com\/ca\/wp-json\/wp\/v2\/media\/244235"}],"wp:attachment":[{"href":"https:\/\/tucomarca.whitekongsoftware.com\/ca\/wp-json\/wp\/v2\/media?parent=249041"}],"wp:term":[{"taxonomy":"category","embeddable":true,"href":"https:\/\/tucomarca.whitekongsoftware.com\/ca\/wp-json\/wp\/v2\/categories?post=249041"},{"taxonomy":"post_tag","embeddable":true,"href":"https:\/\/tucomarca.whitekongsoftware.com\/ca\/wp-json\/wp\/v2\/tags?post=249041"}],"curies":[{"name":"wp","href":"https:\/\/api.w.org\/{rel}","templated":true}]}}