{"id":248898,"date":"2024-12-27T10:00:00","date_gmt":"2024-12-27T08:00:00","guid":{"rendered":"https:\/\/www.tucomarca.com\/wordpress\/segunda\/?p=248898"},"modified":"2024-12-27T21:12:41","modified_gmt":"2024-12-27T19:12:41","slug":"lajuntament-dutiel-aprova-el-lliurament-de-medalles-al-merit-municipal-a-miguel-cremades-martinez-jose-nuevalos-ruiz-mariano-lopez-marin-i-jose-luis-martinez-martinez","status":"publish","type":"post","link":"https:\/\/tucomarca.whitekongsoftware.com\/ca\/lajuntament-dutiel-aprova-el-lliurament-de-medalles-al-merit-municipal-a-miguel-cremades-martinez-jose-nuevalos-ruiz-mariano-lopez-marin-i-jose-luis-martinez-martinez\/","title":{"rendered":"L&#8217;Ajuntament d&#8217;Utiel aprova el lliurament de medalles al m\u00e8rit municipal a Miguel Cremades Mart\u00ednez, Jos\u00e9 Nu\u00e9valos Ruiz, Mariano L\u00f3pez Mar\u00edn i Jos\u00e9 Luis Mart\u00ednez Mart\u00ednez"},"content":{"rendered":"\n<h3 class=\"wp-block-heading\">L&#8217;alcalde d&#8217;Utiel, Ricardo Gabald\u00f3n, ha destacat la gran contribuci\u00f3 dels quatre guardonats per la seua aportaci\u00f3 al desenvolupament cultural, educatiu i social del municipi.<\/h3>\n\n\n\n<figure class=\"wp-block-image size-large\"><img loading=\"lazy\" decoding=\"async\" width=\"1024\" height=\"1024\" src=\"http:\/\/www.tucomarca.com\/wordpress\/segunda\/wp-content\/uploads\/2024\/12\/MEDALLASMERITOMUNICIPAL_UTIEL-1024x1024.jpeg\" alt=\"\" class=\"wp-image-248895\" srcset=\"https:\/\/tucomarca.whitekongsoftware.com\/wp-content\/uploads\/2024\/12\/MEDALLASMERITOMUNICIPAL_UTIEL-1024x1024.jpeg 1024w, https:\/\/tucomarca.whitekongsoftware.com\/wp-content\/uploads\/2024\/12\/MEDALLASMERITOMUNICIPAL_UTIEL-300x300.jpeg 300w, https:\/\/tucomarca.whitekongsoftware.com\/wp-content\/uploads\/2024\/12\/MEDALLASMERITOMUNICIPAL_UTIEL-290x290.jpeg 290w, https:\/\/tucomarca.whitekongsoftware.com\/wp-content\/uploads\/2024\/12\/MEDALLASMERITOMUNICIPAL_UTIEL-768x768.jpeg 768w, https:\/\/tucomarca.whitekongsoftware.com\/wp-content\/uploads\/2024\/12\/MEDALLASMERITOMUNICIPAL_UTIEL-1536x1536.jpeg 1536w, https:\/\/tucomarca.whitekongsoftware.com\/wp-content\/uploads\/2024\/12\/MEDALLASMERITOMUNICIPAL_UTIEL.jpeg 2048w\" sizes=\"auto, (max-width: 1024px) 100vw, 1024px\" \/><\/figure>\n\n\n\n<p class=\"wp-block-paragraph\">Ahir l&#8217;Ajuntament d&#8217;Utiel aprovava per unanimitat en l&#8217;\u00faltima sessi\u00f3 plen\u00e0ria de l&#8217;any la concessi\u00f3 de medalles al m\u00e8rit municipal a quatre destacades personalitats que han sobreeixit pel seu notable arrelament i projecci\u00f3 per al municipi en diferents \u00e0rees. Tal com assenyala el Reglament d&#8217;Honors, Distincions i Protocol de l&#8217;Ajuntament d&#8217;Utiel, una condecoraci\u00f3 que s&#8217;atorga \u201cpel desenvolupament de treballs estimables a favor de la ciutat, amb especial benefici en qualssevol de les esferes de les activitats ciutadanes\u201d.<\/p>\n\n\n\n<p class=\"wp-block-paragraph\">Aix\u00ed, a t\u00edtol p\u00f2stum, es concedeix aquesta distinci\u00f3 als utielanos Miguel Cremades Mart\u00ednez i a Jos\u00e9 Nu\u00e9valos Ruiz. Tamb\u00e9 reben en vida aquesta medalla al m\u00e8rit municipal els ve\u00efns Mariano L\u00f3pez Mar\u00edn i Jos\u00e9 Luis Mart\u00ednez Mart\u00ednez.<\/p>\n\n\n\n<p class=\"wp-block-paragraph\">L&#8217;alcalde d&#8217;Utiel, Ricardo Gabald\u00f3n, ha remarcat que \u201caquestes medalles s\u00f3n m\u00e9s que merescudes per la seua dedicaci\u00f3 altruista en diferents vessants hist\u00f2ric-culturals, educatives i socials del municipi, que sens dubte han contribu\u00eft al desenvolupament de la ciutat d&#8217;Utiel\u201d.<\/p>\n\n\n\n<p class=\"wp-block-paragraph\"><strong>Medalles al M\u00e8rit Municipal<\/strong><\/p>\n\n\n\n<p class=\"wp-block-paragraph\"><strong>Miguel Cremades Mart\u00ednez<\/strong>, llicenciat en Geografia i Hist\u00f2ria per la UNED, va destacar per la seua dedicaci\u00f3 i estudi dels aspectes de la hist\u00f2ria, economia i societat utielana que va reflectir en la publicaci\u00f3 de diversos llibres i diferents articles d&#8217;investigaci\u00f3. Va ser Cronista Oficial d&#8217;Utiel, president de la Fundaci\u00f3 Municipal de Cultura, regidor de Cultura i membre actiu de diverses entitats del municipi com la Confraria de la Verge del Remei, el Sindicat de Regs, la Uni\u00f3 Musical Utielana, el Club d&#8217;Escacs Utiel o la Junta Local de l&#8217;Associaci\u00f3 de Lluita contra el C\u00e0ncer entre altres.<\/p>\n\n\n\n<p class=\"wp-block-paragraph\"><strong>Jos\u00e9 Nu\u00e9valos Ruiz<\/strong>, especialitzat en l&#8217;an\u00e0lisi i venda de vins, va contribuir de manera activa al desenvolupament econ\u00f2mic, social, cultural i esportiu del municipi d&#8217;Utiel en ocupar c\u00e0rrecs destacats en diferents associacions. Va ser president de la Massa Coral Utielana amb c\u00e0rrec honor\u00edfic i promotor de la participaci\u00f3 de l&#8217;entitat en les Europeades; va ser fundador de l&#8217;Agrupaci\u00f3 Esc\u00e8nica Enrique Rambal, president del Club Nataci\u00f3 Utiel i secretari del CD Utiel i va destacar per la seua faceta professional dedicada al m\u00f3n de la vitivinicultura que li va portar a ocupar la presid\u00e8ncia del Sindicat Comarcal de la Vinya i Begudes i el c\u00e0rrec com a vocal a nivell nacional.<\/p>\n\n\n\n<p class=\"wp-block-paragraph\"><strong>Mariano L\u00f3pez Mar\u00edn<\/strong>, natural de Salvaca\u00f1ete, va estudiar magisteri i ha ocupat un paper rellevant en el desenvolupament educatiu i cultural en el municipi. Docent durant quasi 30 anys en el Col\u00b7legi Canonge Mu\u00f1oz d&#8217;Utiel on tamb\u00e9 va ser director. Ha desenvolupat projectes d&#8217;animaci\u00f3 lectora i educaci\u00f3 ambiental, aix\u00ed com d&#8217;investigaci\u00f3 hist\u00f2rica i etnogr\u00e0fica amb la publicaci\u00f3 de diferents llibres sobre Utiel i les seues relacions amb els pr\u00f2xims municipis de la Regi\u00f3 muntanyenca Baixa de Conca. Va ser impulsor del Quadern Cultural Utielan\u00edas, del projecte del Museu Municipal d&#8217;Utiel i membre actiu d&#8217;entitats vinculades a la recuperaci\u00f3 patrimonial com l&#8217;Associaci\u00f3 Cultural Serratilla.<\/p>\n\n\n\n<p class=\"wp-block-paragraph\"><strong>Jose Luis Mart\u00ednez Mart\u00ednez<\/strong>, diplomat en magisteri, \u00e9s l&#8217;actual Cronista Oficial d&#8217;Utiel i sobre\u00efx per la seua incansable labor per a donar a con\u00e9ixer la cultura, hist\u00f2ria i tradicions d&#8217;Utiel. Va ser regidor de Cultura del primer ajuntament democr\u00e0tic d&#8217;Utiel. Destaca la seua extensa bibliografia, la participaci\u00f3 en nombrosos congressos amb la Vila d&#8217;Utiel com a principal referent, aix\u00ed com la publicaci\u00f3 d&#8217;articles relacionats amb diferents aspectes de la hist\u00f2ria, economia i societat del municipi. Cal destacar la seua visi\u00f3 altruista i filantr\u00f2pica que li han portat a donar peces de gran valor per a la seua exposici\u00f3 en el Museu Municipal i el recentment inaugurat Centre d&#8217;Interpretaci\u00f3 de la Terrisseria d&#8217;Utiel.<\/p>\n","protected":false},"excerpt":{"rendered":"<div class=\"mh-excerpt\">L&#8217;alcalde d&#8217;Utiel, Ricardo Gabald\u00f3n, ha destacat la gran contribuci\u00f3 dels quatre guardonats per la seua aportaci\u00f3 al desenvolupament cultural, educatiu i social del municipi. Ahir l&#8217;Ajuntament d&#8217;Utiel aprovava per unanimitat en l&#8217;\u00faltima sessi\u00f3 plen\u00e0ria de <a class=\"mh-excerpt-more\" href=\"https:\/\/tucomarca.whitekongsoftware.com\/ca\/lajuntament-dutiel-aprova-el-lliurament-de-medalles-al-merit-municipal-a-miguel-cremades-martinez-jose-nuevalos-ruiz-mariano-lopez-marin-i-jose-luis-martinez-martinez\/\" title=\"L&#8217;Ajuntament d&#8217;Utiel aprova el lliurament de medalles al m\u00e8rit municipal a Miguel Cremades Mart\u00ednez, Jos\u00e9 Nu\u00e9valos Ruiz, Mariano L\u00f3pez Mar\u00edn i Jos\u00e9 Luis Mart\u00ednez Mart\u00ednez\">[+] <\/a><\/div>\n","protected":false},"author":12,"featured_media":248896,"comment_status":"open","ping_status":"open","sticky":false,"template":"","format":"standard","meta":{"footnotes":""},"categories":[10894,11007,10947,10909,10896,11059],"tags":[21748,10910,11174],"class_list":["post-248898","post","type-post","status-publish","format-standard","has-post-thumbnail","category-la-comarca-ca","category-ocio-y-cultura-ca","category-politica","category-requena-utiel-ca","category-seccion-ca","category-utiel-ca","tag-medallas-al-merito-municipal-ca","tag-requena-utiel-ca","tag-utiel-ca"],"_links":{"self":[{"href":"https:\/\/tucomarca.whitekongsoftware.com\/ca\/wp-json\/wp\/v2\/posts\/248898","targetHints":{"allow":["GET"]}}],"collection":[{"href":"https:\/\/tucomarca.whitekongsoftware.com\/ca\/wp-json\/wp\/v2\/posts"}],"about":[{"href":"https:\/\/tucomarca.whitekongsoftware.com\/ca\/wp-json\/wp\/v2\/types\/post"}],"author":[{"embeddable":true,"href":"https:\/\/tucomarca.whitekongsoftware.com\/ca\/wp-json\/wp\/v2\/users\/12"}],"replies":[{"embeddable":true,"href":"https:\/\/tucomarca.whitekongsoftware.com\/ca\/wp-json\/wp\/v2\/comments?post=248898"}],"version-history":[{"count":0,"href":"https:\/\/tucomarca.whitekongsoftware.com\/ca\/wp-json\/wp\/v2\/posts\/248898\/revisions"}],"wp:featuredmedia":[{"embeddable":true,"href":"https:\/\/tucomarca.whitekongsoftware.com\/ca\/wp-json\/wp\/v2\/media\/248896"}],"wp:attachment":[{"href":"https:\/\/tucomarca.whitekongsoftware.com\/ca\/wp-json\/wp\/v2\/media?parent=248898"}],"wp:term":[{"taxonomy":"category","embeddable":true,"href":"https:\/\/tucomarca.whitekongsoftware.com\/ca\/wp-json\/wp\/v2\/categories?post=248898"},{"taxonomy":"post_tag","embeddable":true,"href":"https:\/\/tucomarca.whitekongsoftware.com\/ca\/wp-json\/wp\/v2\/tags?post=248898"}],"curies":[{"name":"wp","href":"https:\/\/api.w.org\/{rel}","templated":true}]}}