{"id":248676,"date":"2024-12-22T14:00:00","date_gmt":"2024-12-22T12:00:00","guid":{"rendered":"https:\/\/www.tucomarca.com\/wordpress\/segunda\/?p=248676"},"modified":"2024-12-23T11:26:38","modified_gmt":"2024-12-23T09:26:38","slug":"bunyol-dona-la-benvinguda-a-nadal-amb-la-ii-fira-del-comerc-en-sant-lluis","status":"publish","type":"post","link":"https:\/\/tucomarca.whitekongsoftware.com\/ca\/bunyol-dona-la-benvinguda-a-nadal-amb-la-ii-fira-del-comerc-en-sant-lluis\/","title":{"rendered":"Bunyol dona la benvinguda a Nadal amb la II Fira del Comer\u00e7 en Sant Llu\u00eds"},"content":{"rendered":"\n<p class=\"wp-block-paragraph\">Despr\u00e9s de l&#8217;\u00e8xit de l&#8217;any passat, la Fira del Comer\u00e7 de Nadal de Bunyol torna al Passeig de Sant Llu\u00eds del 21 de desembre al 6 de gener, amb una oferta repleta de diversi\u00f3 per a tota la fam\u00edlia, que ha sigut inaugurada pel Rei de la Fira i Festes 2024, Yeray Ruiz, i la seua cort d&#8217;honor, al costat de les autoritats locals en becaines per l&#8217;alcaldessa, Virginia Sanz; i l&#8217;edil de Comer\u00e7, Mario Al\u00eds.<\/p>\n\n\n\n<p class=\"wp-block-paragraph\">&#8220;Convidem a tota la poblaci\u00f3 a acostar-se a aquesta Fira, on grans i xicotets trobaran activitats per a gaudir de la m\u00e0gia de Nadal. Us esperem en Sant Llu\u00eds i en totes els esdeveniments nadalencs!&#8221;, tal com ha manifestat Mario Al\u00eds.<\/p>\n\n\n\n<p class=\"wp-block-paragraph\">&#8220;Els m\u00e9s xicotets gaudiran de jocs i activitats a preus redu\u00efts: enguany, les atraccions costaran 3,50 euros, despr\u00e9s d&#8217;un acord de l&#8217;Ajuntament amb els firaires. A m\u00e9s, s&#8217;han distribu\u00eft 1.000 tiquets gratu\u00efts entre els menors dels centres p\u00fablics de Bunyol&#8221;, ha afegit el regidor de Comer\u00e7.<\/p>\n\n\n\n<figure class=\"wp-block-gallery has-nested-images columns-1 is-cropped wp-block-gallery-1 is-layout-flex wp-block-gallery-is-layout-flex\">\n<figure class=\"wp-block-image size-large\"><img loading=\"lazy\" decoding=\"async\" width=\"1024\" height=\"682\" data-id=\"248668\" src=\"https:\/\/www.tucomarca.com\/wordpress\/segunda\/wp-content\/uploads\/2024\/12\/BunolFeriaNavidad3-1024x682.jpg\" alt=\"\" class=\"wp-image-248668\" srcset=\"https:\/\/tucomarca.whitekongsoftware.com\/wp-content\/uploads\/2024\/12\/BunolFeriaNavidad3-1024x682.jpg 1024w, https:\/\/tucomarca.whitekongsoftware.com\/wp-content\/uploads\/2024\/12\/BunolFeriaNavidad3-300x200.jpg 300w, https:\/\/tucomarca.whitekongsoftware.com\/wp-content\/uploads\/2024\/12\/BunolFeriaNavidad3-768x512.jpg 768w, https:\/\/tucomarca.whitekongsoftware.com\/wp-content\/uploads\/2024\/12\/BunolFeriaNavidad3.jpg 1181w\" sizes=\"auto, (max-width: 1024px) 100vw, 1024px\" \/><\/figure>\n\n\n\n<figure class=\"wp-block-image size-large\"><img loading=\"lazy\" decoding=\"async\" width=\"1024\" height=\"682\" data-id=\"248670\" src=\"https:\/\/www.tucomarca.com\/wordpress\/segunda\/wp-content\/uploads\/2024\/12\/BunolFeriaNavidad4-1024x682.jpg\" alt=\"\" class=\"wp-image-248670\" srcset=\"https:\/\/tucomarca.whitekongsoftware.com\/wp-content\/uploads\/2024\/12\/BunolFeriaNavidad4-1024x682.jpg 1024w, https:\/\/tucomarca.whitekongsoftware.com\/wp-content\/uploads\/2024\/12\/BunolFeriaNavidad4-300x200.jpg 300w, https:\/\/tucomarca.whitekongsoftware.com\/wp-content\/uploads\/2024\/12\/BunolFeriaNavidad4-768x512.jpg 768w, https:\/\/tucomarca.whitekongsoftware.com\/wp-content\/uploads\/2024\/12\/BunolFeriaNavidad4.jpg 1181w\" sizes=\"auto, (max-width: 1024px) 100vw, 1024px\" \/><\/figure>\n\n\n\n<figure class=\"wp-block-image size-large\"><img loading=\"lazy\" decoding=\"async\" width=\"1024\" height=\"682\" data-id=\"248672\" src=\"https:\/\/www.tucomarca.com\/wordpress\/segunda\/wp-content\/uploads\/2024\/12\/BunolFeriaNavidad5-1024x682.jpg\" alt=\"\" class=\"wp-image-248672\" srcset=\"https:\/\/tucomarca.whitekongsoftware.com\/wp-content\/uploads\/2024\/12\/BunolFeriaNavidad5-1024x682.jpg 1024w, https:\/\/tucomarca.whitekongsoftware.com\/wp-content\/uploads\/2024\/12\/BunolFeriaNavidad5-300x200.jpg 300w, https:\/\/tucomarca.whitekongsoftware.com\/wp-content\/uploads\/2024\/12\/BunolFeriaNavidad5-768x512.jpg 768w, https:\/\/tucomarca.whitekongsoftware.com\/wp-content\/uploads\/2024\/12\/BunolFeriaNavidad5.jpg 1181w\" sizes=\"auto, (max-width: 1024px) 100vw, 1024px\" \/><\/figure>\n<\/figure>\n\n\n\n<p class=\"wp-block-paragraph\">L&#8217;emblem\u00e0tica ermita de Sant Llu\u00eds obrir\u00e0 les seues portes cada vesprada fins al 4 de gener, convertint el passeig pel centre de Bunyol en un pla perfecte per a fer compres en els comer\u00e7os locals i gaudir de l&#8217;ambient nadalenc.<\/p>\n\n\n\n<figure class=\"wp-block-gallery has-nested-images columns-default is-cropped wp-block-gallery-2 is-layout-flex wp-block-gallery-is-layout-flex\">\n<figure class=\"wp-block-image size-large\"><img loading=\"lazy\" decoding=\"async\" width=\"727\" height=\"1024\" data-id=\"248623\" src=\"https:\/\/www.tucomarca.com\/wordpress\/segunda\/wp-content\/uploads\/2024\/12\/FeriaNavidad1-727x1024.jpg\" alt=\"\" class=\"wp-image-248623\" srcset=\"https:\/\/tucomarca.whitekongsoftware.com\/wp-content\/uploads\/2024\/12\/FeriaNavidad1-727x1024.jpg 727w, https:\/\/tucomarca.whitekongsoftware.com\/wp-content\/uploads\/2024\/12\/FeriaNavidad1-213x300.jpg 213w, https:\/\/tucomarca.whitekongsoftware.com\/wp-content\/uploads\/2024\/12\/FeriaNavidad1-768x1082.jpg 768w, https:\/\/tucomarca.whitekongsoftware.com\/wp-content\/uploads\/2024\/12\/FeriaNavidad1-1091x1536.jpg 1091w, https:\/\/tucomarca.whitekongsoftware.com\/wp-content\/uploads\/2024\/12\/FeriaNavidad1.jpg 1136w\" sizes=\"auto, (max-width: 727px) 100vw, 727px\" \/><\/figure>\n\n\n\n<figure class=\"wp-block-image size-large\"><img loading=\"lazy\" decoding=\"async\" width=\"744\" height=\"1024\" data-id=\"248625\" src=\"https:\/\/www.tucomarca.com\/wordpress\/segunda\/wp-content\/uploads\/2024\/12\/FeriaNavidad2-744x1024.jpg\" alt=\"\" class=\"wp-image-248625\" srcset=\"https:\/\/tucomarca.whitekongsoftware.com\/wp-content\/uploads\/2024\/12\/FeriaNavidad2-744x1024.jpg 744w, https:\/\/tucomarca.whitekongsoftware.com\/wp-content\/uploads\/2024\/12\/FeriaNavidad2-218x300.jpg 218w, https:\/\/tucomarca.whitekongsoftware.com\/wp-content\/uploads\/2024\/12\/FeriaNavidad2-768x1057.jpg 768w, https:\/\/tucomarca.whitekongsoftware.com\/wp-content\/uploads\/2024\/12\/FeriaNavidad2.jpg 1080w\" sizes=\"auto, (max-width: 744px) 100vw, 744px\" \/><\/figure>\n<\/figure>\n\n\n\n<p class=\"wp-block-paragraph\"><strong>Activitats per als m\u00e9s xicotets organitzades per l&#8217;Associaci\u00f3 de Comerciants de Bunyol<\/strong><\/p>\n\n\n\n<p class=\"wp-block-paragraph\">D&#8217;altra banda l&#8217;Associaci\u00f3 de Comerciants de Bunyol, ha organitzat aquest dissabte, 21 de desembre, al mat\u00ed activitats perqu\u00e8 els m\u00e9s xiquets passen un mat\u00ed molt divertit en la Pla\u00e7a del Poble.<\/p>\n\n\n\n<p class=\"wp-block-paragraph\">Tamb\u00e9 ha programat moltes activitats perqu\u00e8 els dissabtes, 28 de desembre, el la Pla\u00e7a 5 de mar\u00e7 i el 4 de gener, el la Pla\u00e7a de Les Vendes, ho passen en gran, castells inflables, futbol\u00ed, ping-pong, manualitats, etc<\/p>\n\n\n\n<p class=\"wp-block-paragraph\"><strong>Visites especials<\/strong><br>&#8220;No oblides portar la teua carta, ja que Pap\u00e0 Noel i els Reis Mags seran presents en les activitats per a arreplegar els desitjos dels xiquets. Els majors podran gaudir de degustacions gastron\u00f2miques i tastos de vi, mentre els m\u00e9s xicotets es diverteixen&#8221;, han informat.<\/p>\n","protected":false},"excerpt":{"rendered":"<div class=\"mh-excerpt\">Despr\u00e9s de l&#8217;\u00e8xit de l&#8217;any passat, la Fira del Comer\u00e7 de Nadal de Bunyol torna al Passeig de Sant Llu\u00eds del 21 de desembre al 6 de gener, amb una oferta repleta de diversi\u00f3 per <a class=\"mh-excerpt-more\" href=\"https:\/\/tucomarca.whitekongsoftware.com\/ca\/bunyol-dona-la-benvinguda-a-nadal-amb-la-ii-fira-del-comerc-en-sant-lluis\/\" title=\"Bunyol dona la benvinguda a Nadal amb la II Fira del Comer\u00e7 en Sant Llu\u00eds\">[+] <\/a><\/div>\n","protected":false},"author":12,"featured_media":248667,"comment_status":"open","ping_status":"open","sticky":false,"template":"","format":"gallery","meta":{"footnotes":""},"categories":[11019,10911,10898,10894,10912,11007,10896],"tags":[10913,21743,10914],"class_list":["post-248676","post","type-post","status-publish","format-gallery","has-post-thumbnail","category-agenda-ca","category-bunol-ca","category-ventana-ca","category-la-comarca-ca","category-la-hoya-ca","category-ocio-y-cultura-ca","category-seccion-ca","tag-bunol-ca","tag-feria-del-comercio-de-navidad-ca","tag-la-hoya-de-bunol-chiva-ca","post_format-post-format-gallery"],"_links":{"self":[{"href":"https:\/\/tucomarca.whitekongsoftware.com\/ca\/wp-json\/wp\/v2\/posts\/248676","targetHints":{"allow":["GET"]}}],"collection":[{"href":"https:\/\/tucomarca.whitekongsoftware.com\/ca\/wp-json\/wp\/v2\/posts"}],"about":[{"href":"https:\/\/tucomarca.whitekongsoftware.com\/ca\/wp-json\/wp\/v2\/types\/post"}],"author":[{"embeddable":true,"href":"https:\/\/tucomarca.whitekongsoftware.com\/ca\/wp-json\/wp\/v2\/users\/12"}],"replies":[{"embeddable":true,"href":"https:\/\/tucomarca.whitekongsoftware.com\/ca\/wp-json\/wp\/v2\/comments?post=248676"}],"version-history":[{"count":0,"href":"https:\/\/tucomarca.whitekongsoftware.com\/ca\/wp-json\/wp\/v2\/posts\/248676\/revisions"}],"wp:featuredmedia":[{"embeddable":true,"href":"https:\/\/tucomarca.whitekongsoftware.com\/ca\/wp-json\/wp\/v2\/media\/248667"}],"wp:attachment":[{"href":"https:\/\/tucomarca.whitekongsoftware.com\/ca\/wp-json\/wp\/v2\/media?parent=248676"}],"wp:term":[{"taxonomy":"category","embeddable":true,"href":"https:\/\/tucomarca.whitekongsoftware.com\/ca\/wp-json\/wp\/v2\/categories?post=248676"},{"taxonomy":"post_tag","embeddable":true,"href":"https:\/\/tucomarca.whitekongsoftware.com\/ca\/wp-json\/wp\/v2\/tags?post=248676"}],"curies":[{"name":"wp","href":"https:\/\/api.w.org\/{rel}","templated":true}]}}