{"id":248633,"date":"2024-12-21T12:00:00","date_gmt":"2024-12-21T10:00:00","guid":{"rendered":"https:\/\/www.tucomarca.com\/wordpress\/segunda\/?p=248633"},"modified":"2024-12-21T15:56:11","modified_gmt":"2024-12-21T13:56:11","slug":"virginia-sanz-agraisc-que-hagen-pensat-en-el-meu-per-al-carrec-de-presidenta-de-la-fvmp-pero-la-meua-prioritat-es-bunyol","status":"publish","type":"post","link":"https:\/\/tucomarca.whitekongsoftware.com\/ca\/virginia-sanz-agraisc-que-hagen-pensat-en-el-meu-per-al-carrec-de-presidenta-de-la-fvmp-pero-la-meua-prioritat-es-bunyol\/","title":{"rendered":"Virginia Sanz: &#8220;agra\u00efsc que hagen pensat en el meu per al c\u00e0rrec de presidenta de la FVMP, per\u00f2 la meua prioritat \u00e9s Bunyol&#8221;"},"content":{"rendered":"<div class=\"wp-block-image\">\n<figure class=\"alignleft size-large is-resized\"><img loading=\"lazy\" decoding=\"async\" width=\"938\" height=\"1024\" src=\"http:\/\/www.tucomarca.com\/wordpress\/segunda\/wp-content\/uploads\/2024\/12\/VirginiaSanz-938x1024.jpg\" alt=\"\" class=\"wp-image-248632\" style=\"width:289px;height:auto\" srcset=\"https:\/\/tucomarca.whitekongsoftware.com\/wp-content\/uploads\/2024\/12\/VirginiaSanz-938x1024.jpg 938w, https:\/\/tucomarca.whitekongsoftware.com\/wp-content\/uploads\/2024\/12\/VirginiaSanz-275x300.jpg 275w, https:\/\/tucomarca.whitekongsoftware.com\/wp-content\/uploads\/2024\/12\/VirginiaSanz-768x838.jpg 768w, https:\/\/tucomarca.whitekongsoftware.com\/wp-content\/uploads\/2024\/12\/VirginiaSanz.jpg 1004w\" sizes=\"auto, (max-width: 938px) 100vw, 938px\" \/><\/figure>\n<\/div>\n\n\n<p class=\"wp-block-paragraph\">El nom de l&#8217;alcaldessa de Bunyol, la popular Virginia Sanz, ha sonat aquesta setmana com a possible candidata per a presidir la Federaci\u00f3 Valenciana de Municipis i Prov\u00edncies (FVMP) i substituir aix\u00ed a la ex alcaldessa de Requena, Roc\u00edo Cort\u00e9s, en la presid\u00e8ncia que des de de el passat 5 de novembre ostenta Juan Manuel Cerd\u00e0 Tena, l&#8217;alcalde de Benicarl\u00f3, qui la va assumir des de l&#8217;aprovaci\u00f3 de la moci\u00f3 de censura a l&#8217;alcaldessa de Requena.<\/p>\n\n\n\n<p class=\"wp-block-paragraph\">El seu nom s&#8217;ha remenat per diverses fonts al costat del de l&#8217;actual vicepresidenta, l&#8217;alcaldessa de Pu\u00e7ol, Paz Carceller; aix\u00ed com el de les alcaldesses de&nbsp;Xirivella, Paqui Bartual; i de B\u00e9tera, Elia Verdev\u00edo.<\/p>\n\n\n\n<p class=\"wp-block-paragraph\">No obstant aix\u00f2, posats en contacte des de <strong>tucomarca.com<\/strong> amb l&#8217;alcaldessa de Bunyol, Virg\u00ednia Sanz ha reconegut que per a ella \u00e9s &#8220;un \u00e9s honor que hagen pensat en el meu per a aquest c\u00e0rrec; i estic molt agra\u00efda per aix\u00f2. Per\u00f2 en aquests moments no \u00e9s la meua prioritat ja que en aquestes circumst\u00e0ncies i despr\u00e9s dels desastres de la DANA el meu lloc est\u00e0 a Bunyol. Jo vull ser al meu poble, no \u00e9s el moment, la meua dedicaci\u00f3 exclusiva vull que siga Bunyol&#8221;, ha finalitzat Virginia Sanz.<\/p>\n","protected":false},"excerpt":{"rendered":"<div class=\"mh-excerpt\">El nom de l&#8217;alcaldessa de Bunyol, la popular Virginia Sanz, ha sonat aquesta setmana com a possible candidata per a presidir la Federaci\u00f3 Valenciana de Municipis i Prov\u00edncies (FVMP) i substituir aix\u00ed a la ex <a class=\"mh-excerpt-more\" href=\"https:\/\/tucomarca.whitekongsoftware.com\/ca\/virginia-sanz-agraisc-que-hagen-pensat-en-el-meu-per-al-carrec-de-presidenta-de-la-fvmp-pero-la-meua-prioritat-es-bunyol\/\" title=\"Virginia Sanz: &#8220;agra\u00efsc que hagen pensat en el meu per al c\u00e0rrec de presidenta de la FVMP, per\u00f2 la meua prioritat \u00e9s Bunyol&#8221;\">[+] <\/a><\/div>\n","protected":false},"author":12,"featured_media":248632,"comment_status":"open","ping_status":"open","sticky":false,"template":"","format":"standard","meta":{"footnotes":""},"categories":[10911,10898,10948,10894,10912,10947,10896],"tags":[21741,10913,12242,10914,21742],"class_list":["post-248633","post","type-post","status-publish","format-standard","has-post-thumbnail","category-bunol-ca","category-ventana-ca","category-infraestructuras-ca","category-la-comarca-ca","category-la-hoya-ca","category-politica","category-seccion-ca","tag-alcaldesa-de-bunol-ca","tag-bunol-ca","tag-federacion-valenciana-de-municipios-y-provincias-ca","tag-la-hoya-de-bunol-chiva-ca","tag-virginia-sanz-ca"],"_links":{"self":[{"href":"https:\/\/tucomarca.whitekongsoftware.com\/ca\/wp-json\/wp\/v2\/posts\/248633","targetHints":{"allow":["GET"]}}],"collection":[{"href":"https:\/\/tucomarca.whitekongsoftware.com\/ca\/wp-json\/wp\/v2\/posts"}],"about":[{"href":"https:\/\/tucomarca.whitekongsoftware.com\/ca\/wp-json\/wp\/v2\/types\/post"}],"author":[{"embeddable":true,"href":"https:\/\/tucomarca.whitekongsoftware.com\/ca\/wp-json\/wp\/v2\/users\/12"}],"replies":[{"embeddable":true,"href":"https:\/\/tucomarca.whitekongsoftware.com\/ca\/wp-json\/wp\/v2\/comments?post=248633"}],"version-history":[{"count":0,"href":"https:\/\/tucomarca.whitekongsoftware.com\/ca\/wp-json\/wp\/v2\/posts\/248633\/revisions"}],"wp:featuredmedia":[{"embeddable":true,"href":"https:\/\/tucomarca.whitekongsoftware.com\/ca\/wp-json\/wp\/v2\/media\/248632"}],"wp:attachment":[{"href":"https:\/\/tucomarca.whitekongsoftware.com\/ca\/wp-json\/wp\/v2\/media?parent=248633"}],"wp:term":[{"taxonomy":"category","embeddable":true,"href":"https:\/\/tucomarca.whitekongsoftware.com\/ca\/wp-json\/wp\/v2\/categories?post=248633"},{"taxonomy":"post_tag","embeddable":true,"href":"https:\/\/tucomarca.whitekongsoftware.com\/ca\/wp-json\/wp\/v2\/tags?post=248633"}],"curies":[{"name":"wp","href":"https:\/\/api.w.org\/{rel}","templated":true}]}}