{"id":248611,"date":"2024-12-20T13:00:00","date_gmt":"2024-12-20T11:00:00","guid":{"rendered":"https:\/\/www.tucomarca.com\/wordpress\/segunda\/?p=248611"},"modified":"2024-12-20T19:50:07","modified_gmt":"2024-12-20T17:50:07","slug":"el-pp-acusa-el-cuatripartito-signant-de-la-mocio-de-censura-a-xiva-de-pujar-el-seu-sou-a-xifres-proximes-als-250-000-euros-anuals","status":"publish","type":"post","link":"https:\/\/tucomarca.whitekongsoftware.com\/ca\/el-pp-acusa-el-cuatripartito-signant-de-la-mocio-de-censura-a-xiva-de-pujar-el-seu-sou-a-xifres-proximes-als-250-000-euros-anuals\/","title":{"rendered":"El PP acusa el cuatripartito signant de la moci\u00f3 de censura a Xiva de &#8220;pujar el seu sou a xifres pr\u00f2ximes als 250.000 euros anuals&#8221;"},"content":{"rendered":"\n<p class=\"wp-block-paragraph\">Per als Populars, &#8220;aquest \u00e9s l&#8217;aut\u00e8ntic motiu pel qual es va consumar la moci\u00f3 de censura a Xiva; sous d&#8217;alts executius que aconsegueixen en alguns casos els 42.500 euros anuals i que suposaran un cost aproximat als ve\u00efns d&#8217;un quart de mili\u00f3 d&#8217;euros&#8221;.<\/p>\n\n\n\n<p class=\"wp-block-paragraph\">&#8220;Aquesta \u00e9s la primera mesura adoptada pels signants de la moci\u00f3 de censura, una mesura ja denunciada pel Partit Popular en la sessi\u00f3 celebrada la setmana passada i que justifica que partits tan dispars abandonen, tal com ells mateixos recordaven; la seua ideologia per un objectiu com\u00fa, en aquest cas l&#8217;enriquiment dels membres del nou equip de govern&#8221;, segons han criticat des del PP local en un comunicat.<\/p>\n\n\n\n<p class=\"wp-block-paragraph\">&#8220;Tot sembla indicar que el preu que el PSOE pagar\u00e0 amb c\u00e0rrec a tots els ve\u00efns, per mantindre l&#8217;alcaldia suposa entregar als membres d&#8217;Activa Xiva 85.000 euros anuals en concepte de sous i 42.500 euros anuals pel mateix concepte al membre de ADUC signant de la moci\u00f3&#8221;.<\/p>\n\n\n\n<p class=\"wp-block-paragraph\">&#8220;D&#8217;aquesta manera, tan sols una setmana despr\u00e9s de la moci\u00f3, l&#8217;\u00fanica mesura que transcendeix, aprovada per ple extraordinari, \u00e9s una pujada de sous que suposar\u00e0 un cost a l&#8217;Ajuntament d&#8217;aproximadament 243.000 euros en concepte de sous, enfront dels 118.068 que van percebre els regidors de l&#8217;equip de govern PP-VOX, durant els \u00faltims mesos de gesti\u00f3&#8221;.<\/p>\n\n\n\n<p class=\"wp-block-paragraph\">Per als Populars de Xiva, &#8220;aquesta mesura resulta un exercici de cinisme que ara hauran d&#8217;explicar, de nou als ve\u00efns, mesura que ratifica l&#8217;afirmaci\u00f3 de la pres\u00e8ncia en el govern de Xiva del pitjor de la classe pol\u00edtica, uns regidors capa\u00e7os d&#8217;aprofitar una trag\u00e8dia per a justificar el r\u00e8dit pol\u00edtic i econ\u00f2mic&#8221;, han finalitzat els populars.<\/p>\n","protected":false},"excerpt":{"rendered":"<div class=\"mh-excerpt\">Per als Populars, &#8220;aquest \u00e9s l&#8217;aut\u00e8ntic motiu pel qual es va consumar la moci\u00f3 de censura a Xiva; sous d&#8217;alts executius que aconsegueixen en alguns casos els 42.500 euros anuals i que suposaran un cost <a class=\"mh-excerpt-more\" href=\"https:\/\/tucomarca.whitekongsoftware.com\/ca\/el-pp-acusa-el-cuatripartito-signant-de-la-mocio-de-censura-a-xiva-de-pujar-el-seu-sou-a-xifres-proximes-als-250-000-euros-anuals\/\" title=\"El PP acusa el cuatripartito signant de la moci\u00f3 de censura a Xiva de &#8220;pujar el seu sou a xifres pr\u00f2ximes als 250.000 euros anuals&#8221;\">[+] <\/a><\/div>\n","protected":false},"author":12,"featured_media":248587,"comment_status":"open","ping_status":"open","sticky":false,"template":"","format":"standard","meta":{"footnotes":""},"categories":[10898,10948,10894,10912,10947,10896,10975],"tags":[11195,10914,20677],"class_list":["post-248611","post","type-post","status-publish","format-standard","has-post-thumbnail","category-ventana-ca","category-infraestructuras-ca","category-la-comarca-ca","category-la-hoya-ca","category-politica","category-seccion-ca","category-chiva-ca","tag-chiva-ca","tag-la-hoya-de-bunol-chiva-ca","tag-populares-chiva-ca"],"_links":{"self":[{"href":"https:\/\/tucomarca.whitekongsoftware.com\/ca\/wp-json\/wp\/v2\/posts\/248611","targetHints":{"allow":["GET"]}}],"collection":[{"href":"https:\/\/tucomarca.whitekongsoftware.com\/ca\/wp-json\/wp\/v2\/posts"}],"about":[{"href":"https:\/\/tucomarca.whitekongsoftware.com\/ca\/wp-json\/wp\/v2\/types\/post"}],"author":[{"embeddable":true,"href":"https:\/\/tucomarca.whitekongsoftware.com\/ca\/wp-json\/wp\/v2\/users\/12"}],"replies":[{"embeddable":true,"href":"https:\/\/tucomarca.whitekongsoftware.com\/ca\/wp-json\/wp\/v2\/comments?post=248611"}],"version-history":[{"count":0,"href":"https:\/\/tucomarca.whitekongsoftware.com\/ca\/wp-json\/wp\/v2\/posts\/248611\/revisions"}],"wp:featuredmedia":[{"embeddable":true,"href":"https:\/\/tucomarca.whitekongsoftware.com\/ca\/wp-json\/wp\/v2\/media\/248587"}],"wp:attachment":[{"href":"https:\/\/tucomarca.whitekongsoftware.com\/ca\/wp-json\/wp\/v2\/media?parent=248611"}],"wp:term":[{"taxonomy":"category","embeddable":true,"href":"https:\/\/tucomarca.whitekongsoftware.com\/ca\/wp-json\/wp\/v2\/categories?post=248611"},{"taxonomy":"post_tag","embeddable":true,"href":"https:\/\/tucomarca.whitekongsoftware.com\/ca\/wp-json\/wp\/v2\/tags?post=248611"}],"curies":[{"name":"wp","href":"https:\/\/api.w.org\/{rel}","templated":true}]}}