{"id":248597,"date":"2024-12-20T09:30:00","date_gmt":"2024-12-20T07:30:00","guid":{"rendered":"https:\/\/www.tucomarca.com\/wordpress\/segunda\/?p=248597"},"modified":"2024-12-20T19:34:20","modified_gmt":"2024-12-20T17:34:20","slug":"bunyol-desallotja-part-de-ledifici-el-portal-de-manera-preventiva-per-danys-en-la-seua-fonamentacio-despres-de-la-dana","status":"publish","type":"post","link":"https:\/\/tucomarca.whitekongsoftware.com\/ca\/bunyol-desallotja-part-de-ledifici-el-portal-de-manera-preventiva-per-danys-en-la-seua-fonamentacio-despres-de-la-dana\/","title":{"rendered":"Bunyol desallotja part de l&#8217;edifici El Portal de manera preventiva per danys en la seua fonamentaci\u00f3 despr\u00e9s de la DANA"},"content":{"rendered":"\n<p class=\"wp-block-paragraph\">L&#8217;Ajuntament de Bunyol ha desallotjat aquesta setmana de manera preventiva a part dels treballadors dels serveis de l&#8217;edifici El Portal, on es troben els Serveis Socials, el Jutjat de Pau i la Policia Local.<\/p>\n\n\n\n<p class=\"wp-block-paragraph\">&#8220;Despr\u00e9s d&#8217;apreciar-se mal en la part de la fonamentaci\u00f3 d&#8217;un dels murs de c\u00e0rrega que es troba en el barranc de Borrunes, ja que ha quedat una part buida per l&#8217;escombratge produ\u00eft durant el fort aiguat que es va produir per la DANA del passat 29 d&#8217;octubre, d&#8217;aqu\u00ed ve que els serveis de la Policia Local s&#8217;hagen traslladat al Molino Gal\u00e1n i els Serveis Socials i Jutjat de Pau a l&#8217;antic institut&#8221;, tal com ha explicat a <strong>tucomarca.com<\/strong> l&#8217;alcaldessa de la localitat, Virginia Sanz.<\/p>\n\n\n\n<p class=\"wp-block-paragraph\">&#8220;Amb les fortes pluges van eixint desperfectes i que encara que priori es van fer an\u00e0lisis, \u00e9s ara quan s&#8217;aprecien amb claredat ja que es van fent de manera m\u00e9s exhaustiva per part de la Direcci\u00f3 General de l&#8217;Aigua, que s\u00f3n els que s&#8217;han dividit els llits: el llit no urb\u00e0 el porta la Confederaci\u00f3 Hidrogr\u00e0fica i l&#8217;urb\u00e0 el porta la Direcci\u00f3 General de l&#8217;Aigua. Ells van catalogar els danys com a obra d&#8217;emerg\u00e8ncia fa dues setmanes per\u00f2 fins que no ha vingut personal de l&#8217;Institut Valenci\u00e0 d&#8217;Edificaci\u00f3, l&#8217;IVE, no s&#8217;ha realitzat el desallotjament&#8221;, en paraules de la primera autoritat local.<\/p>\n\n\n\n<p class=\"wp-block-paragraph\">L&#8217;alcaldessa ha explicat &#8220;que no es tracta d&#8217;un desallotjament complet, hi ha tres catalogacions, la nostra \u00e9s amb acc\u00e9s a l&#8217;edifici, per\u00f2 per a total seguretat s&#8217;han reubicat al Molino Gal\u00e1n i l&#8217;antic institut aquests serveis&#8221;, tal com ha remarcat Virginia Sanz.<\/p>\n","protected":false},"excerpt":{"rendered":"<div class=\"mh-excerpt\">L&#8217;Ajuntament de Bunyol ha desallotjat aquesta setmana de manera preventiva a part dels treballadors dels serveis de l&#8217;edifici El Portal, on es troben els Serveis Socials, el Jutjat de Pau i la Policia Local. &#8220;Despr\u00e9s <a class=\"mh-excerpt-more\" href=\"https:\/\/tucomarca.whitekongsoftware.com\/ca\/bunyol-desallotja-part-de-ledifici-el-portal-de-manera-preventiva-per-danys-en-la-seua-fonamentacio-despres-de-la-dana\/\" title=\"Bunyol desallotja part de l&#8217;edifici El Portal de manera preventiva per danys en la seua fonamentaci\u00f3 despr\u00e9s de la DANA\">[+] <\/a><\/div>\n","protected":false},"author":12,"featured_media":101254,"comment_status":"open","ping_status":"open","sticky":false,"template":"","format":"standard","meta":{"footnotes":""},"categories":[10911,21466,10898,10948,10894,10904,10912,10903,10947,10896,10897],"tags":[10913,10914],"class_list":["post-248597","post","type-post","status-publish","format-standard","has-post-thumbnail","category-bunol-ca","category-dana-ca","category-ventana-ca","category-infraestructuras-ca","category-la-comarca-ca","category-sin-categorizar-ca","category-la-hoya-ca","category-medio-ambiente-la-comarca-ca","category-politica","category-seccion-ca","category-sucesos-la-comarca-ca","tag-bunol-ca","tag-la-hoya-de-bunol-chiva-ca"],"_links":{"self":[{"href":"https:\/\/tucomarca.whitekongsoftware.com\/ca\/wp-json\/wp\/v2\/posts\/248597","targetHints":{"allow":["GET"]}}],"collection":[{"href":"https:\/\/tucomarca.whitekongsoftware.com\/ca\/wp-json\/wp\/v2\/posts"}],"about":[{"href":"https:\/\/tucomarca.whitekongsoftware.com\/ca\/wp-json\/wp\/v2\/types\/post"}],"author":[{"embeddable":true,"href":"https:\/\/tucomarca.whitekongsoftware.com\/ca\/wp-json\/wp\/v2\/users\/12"}],"replies":[{"embeddable":true,"href":"https:\/\/tucomarca.whitekongsoftware.com\/ca\/wp-json\/wp\/v2\/comments?post=248597"}],"version-history":[{"count":0,"href":"https:\/\/tucomarca.whitekongsoftware.com\/ca\/wp-json\/wp\/v2\/posts\/248597\/revisions"}],"wp:featuredmedia":[{"embeddable":true,"href":"https:\/\/tucomarca.whitekongsoftware.com\/ca\/wp-json\/wp\/v2\/media\/101254"}],"wp:attachment":[{"href":"https:\/\/tucomarca.whitekongsoftware.com\/ca\/wp-json\/wp\/v2\/media?parent=248597"}],"wp:term":[{"taxonomy":"category","embeddable":true,"href":"https:\/\/tucomarca.whitekongsoftware.com\/ca\/wp-json\/wp\/v2\/categories?post=248597"},{"taxonomy":"post_tag","embeddable":true,"href":"https:\/\/tucomarca.whitekongsoftware.com\/ca\/wp-json\/wp\/v2\/tags?post=248597"}],"curies":[{"name":"wp","href":"https:\/\/api.w.org\/{rel}","templated":true}]}}