{"id":248554,"date":"2024-12-21T10:00:00","date_gmt":"2024-12-21T08:00:00","guid":{"rendered":"https:\/\/www.tucomarca.com\/wordpress\/segunda\/?p=248554"},"modified":"2024-12-21T15:02:10","modified_gmt":"2024-12-21T13:02:10","slug":"el-prya-valora-el-pressupost-municipal-de-requena-aprovat-per-a-2025","status":"publish","type":"post","link":"https:\/\/tucomarca.whitekongsoftware.com\/ca\/el-prya-valora-el-pressupost-municipal-de-requena-aprovat-per-a-2025\/","title":{"rendered":"El PRyA valora el Pressupost municipal de Requena aprovat per a 2025"},"content":{"rendered":"\n<p class=\"wp-block-paragraph\">&#8220;Aquests pressupostos han sigut preparats en un temps r\u00e8cord de menys d&#8217;un mes i, per fi, compleixen amb les expectatives del <strong>PRyA<\/strong>, perqu\u00e8 gr\u00e0cies a ells i a difer\u00e8ncia dels pressupostos de 2024, es comen\u00e7ar\u00e0 a poder complir el programa electoral del <strong>PRyA<\/strong>&#8220;, segons fonts de la formaci\u00f3.<\/p>\n\n\n\n<p class=\"wp-block-paragraph\">&#8220;Aix\u00ed mateix, destacar el vot en contra de PP i Vox a uns pressupostos destinats a la reconstrucci\u00f3 despr\u00e9s de la DANA de Requena i els seus 25 llogarets, una cosa inexplicable tenint en compte la gravetat d ella situaci\u00f3 que vivim despr\u00e9s d&#8217;aquell tr\u00e0gic succ\u00e9s&#8221;.<\/p>\n\n\n\n<p class=\"wp-block-paragraph\">&#8220;Algunes parts dels Pressupostos Municipals per a 2025 a destacar:<\/p>\n\n\n\n<p class=\"wp-block-paragraph\"><strong>SENSE DEUTE.<\/strong> El deute de l&#8217;Aj. va ser liquidada del tot per part del Govern PRyA-PSOE en el ple de Novembre, per tant, aquests pressupostos s\u00f3n els primers des de fa molts anys que no tenen deute gr\u00e0cies a l&#8217;amortitzaci\u00f3 de l&#8217;\u00faltim pr\u00e9stec que tenia aquest Ajuntament de 771.885\u20ac.&nbsp;<\/p>\n\n\n\n<p class=\"wp-block-paragraph\">L&#8217;eliminaci\u00f3 d&#8217;aquest \u00faltim pr\u00e9stec va ser una de les primeres mesures d&#8217;aquest nou govern de PRyA i PSOE que han perm\u00e9s que el nostre municipi no tinga deute, i aix\u00f2 \u00e9s una cosa hist\u00f2rica.<\/p>\n\n\n\n<p class=\"wp-block-paragraph\"><strong>PUJADA SALARIAL.<\/strong> La pujada dels salaris per al personal de l&#8217;Ajuntament que garanteixen aquests pressupostos, \u00e9s fonamental per a evitar que els nostres treballadors es vagen a altres municipis pels baixos salaris, recordem el cas de la policia local per posar nom\u00e9s un exemple. \u00c9s per aix\u00f2 que, des del <strong>PRyA<\/strong>, celebrem que aquesta mesura d&#8217;augment salarial del personal de l&#8217;Ajuntament s&#8217;incloga en els pressupostos de 2025.<\/p>\n\n\n\n<p class=\"wp-block-paragraph\"><strong>NETEJA.<\/strong> Temes com la neteja vi\u00e0ria comen\u00e7ar\u00e0 a veure&#8217;s millorada amb el nou contracte de neteja de caps de setmana, festius, pol\u00edgon industrial i per a les urbanitzacions de Casablanca i San Jos\u00e9, alliberant aquestes zones de la neteja municipal i destinant m\u00e9s recursos de la brigada a la resta del nucli urb\u00e0 de Requena, amb el que millorarem la neteja vi\u00e0ria en tot el municipi, ja que \u00e9s una de les principals demandes dels ciutadans.<\/p>\n\n\n\n<p class=\"wp-block-paragraph\"><strong>RECOLLIDA DE RESIDUS.<\/strong> Aquests pressupostos contemplen una pujada en l&#8217;import destinat a la recollida d&#8217;escombraries de m\u00e9s de 10,000 \u20ac. Per a aquest nou Govern de PryA-PSOE aquest servei \u00e9s molt important, perqu\u00e8 \u00e9s essencial per a Requena i els seus 25 llogarets tindre un bon sistema de recollida d&#8217;escombraries.<\/p>\n\n\n\n<p class=\"wp-block-paragraph\"><strong>PARCS I JARDINS. <\/strong>L&#8217;augment en la partida de parcs i jardins de m\u00e9s de 100,000\u20ac permetr\u00e0 tindre unes millors zones verdes.<\/p>\n\n\n\n<p class=\"wp-block-paragraph\"><strong>RENOVACI\u00d3 DE LA XARXA D&#8217;AIGUA POTABLE I CLAVEGUERAM.<\/strong> Per a la renovaci\u00f3 de la xarxa d&#8217;aigua potable i clavegueram es destinen, d&#8217;una banda 110.000\u20ac i els 1,7 milions de \u20ac del c\u00e0non inicial del nou contracte de prove\u00efment i clavegueram que, en 2024, per part de Roc\u00edo Cort\u00e9s, es van destinar al pagament d&#8217;indemnitzacions per al proc\u00e9s d&#8217;estabilitzaci\u00f3 i que <strong>dels quals no s&#8217;ha gastat ni un sol eur<\/strong>o.<\/p>\n\n\n\n<p class=\"wp-block-paragraph\"><strong>LLOGARETS. <\/strong>Tamb\u00e9 en aquests pressupostos els llogarets ixen beneficiades, perqu\u00e8 s&#8217;incrementen en un 10% les partides per a despesa corrent que gestionen els alcaldes pedanis de totes i cadascuna dels 25 llogarets, la qual cosa permetr\u00e0 una millor gesti\u00f3 de les nostres pedanies.<\/p>\n\n\n\n<p class=\"wp-block-paragraph\"><strong>ROMANENT.<\/strong> Tamb\u00e9 dir que la disponibilitat d&#8217;aproximadament 9 milions d&#8217;euros del romanent i uns 2,8 milions de Diputaci\u00f3 suposar\u00e0 el gran canvi de Requena i els seus 25 llogarets, perqu\u00e8 es podran realitzar multitud d&#8217;obres necess\u00e0ries i demandades pels ciutadans, moltes d&#8217;elles encarregades pel PRyA al comen\u00e7ament de la legislatura quan gestionem urbanisme.<\/p>\n\n\n\n<p class=\"wp-block-paragraph\">Obres com ara s\u00f3n la renovaci\u00f3 de carrers, reurbanitzaci\u00f3 de places, adequaci\u00f3 dels centres socials de tots llogarets, asfaltats de carrers, renovaci\u00f3 de voreres, parcs p\u00fablics, rehabilitaci\u00f3 de patrimoni en La Vila, renovaci\u00f3 de vials en Les Penyes, adequaci\u00f3 de camins i un llarg etc que faran que aquesta legislatura siga la del gran canvi del municipi.<\/p>\n\n\n\n<p class=\"wp-block-paragraph\">I per a finalitzar&#8230;<\/p>\n\n\n\n<p class=\"wp-block-paragraph\">Pels motius citats anteriorment i molts altres m\u00e9s, des del <strong>PRyA<\/strong> podem dir que aquests pressupostos fan que Requena i els seus 25 llogarets tinguen un gran futur per davant, perqu\u00e8 es comen\u00e7aran a atendre les demandes dels ciutadans de manera real i a curt termini, alguna cosa que no es podia fer amb anterioritat.<\/p>\n\n\n\n<p class=\"wp-block-paragraph\">Aquests pressupostos s\u00f3n la mostra que el canvi de govern despr\u00e9s de la moci\u00f3 de censura del PRyA i PSOE al govern en minoria del PP de Roc\u00edo Cort\u00e9s, no sols no ha parat la gesti\u00f3 municipal, si no que demostren que si era el moment adequat per a fer la moci\u00f3 de censura, fins i tot sent a prop el desastre de la DANA, ja que aquest govern de coalici\u00f3 ha demostrat aportar estabilitat, una majoria absoluta capa\u00e7 d&#8217;aprovar qualsevol proposta i una capacitat de gesti\u00f3 elevada.&nbsp;<\/p>\n\n\n\n<p class=\"wp-block-paragraph\">\u00c9s per aix\u00f2 que, a difer\u00e8ncia dels pressupostos de 2024 qualificats com els de la incertesa, ac\u00ed teniu <strong>els pressupostos de 2025, els de la il\u00b7lusi\u00f3 per un millor futur per a Requena i els seus 25 llogarets&#8221;, han finalizat des del PRyA.<\/strong><\/p>\n","protected":false},"excerpt":{"rendered":"<div class=\"mh-excerpt\">&#8220;Aquests pressupostos han sigut preparats en un temps r\u00e8cord de menys d&#8217;un mes i, per fi, compleixen amb les expectatives del PRyA, perqu\u00e8 gr\u00e0cies a ells i a difer\u00e8ncia dels pressupostos de 2024, es comen\u00e7ar\u00e0 <a class=\"mh-excerpt-more\" href=\"https:\/\/tucomarca.whitekongsoftware.com\/ca\/el-prya-valora-el-pressupost-municipal-de-requena-aprovat-per-a-2025\/\" title=\"El PRyA valora el Pressupost municipal de Requena aprovat per a 2025\">[+] <\/a><\/div>\n","protected":false},"author":13,"featured_media":248552,"comment_status":"open","ping_status":"open","sticky":false,"template":"","format":"standard","meta":{"footnotes":""},"categories":[10948,10894,10947,10908,10909,10896],"tags":[11140,11099,10910],"class_list":["post-248554","post","type-post","status-publish","format-standard","has-post-thumbnail","category-infraestructuras-ca","category-la-comarca-ca","category-politica","category-requena-ca","category-requena-utiel-ca","category-seccion-ca","tag-politica-ca","tag-requena-ca","tag-requena-utiel-ca"],"_links":{"self":[{"href":"https:\/\/tucomarca.whitekongsoftware.com\/ca\/wp-json\/wp\/v2\/posts\/248554","targetHints":{"allow":["GET"]}}],"collection":[{"href":"https:\/\/tucomarca.whitekongsoftware.com\/ca\/wp-json\/wp\/v2\/posts"}],"about":[{"href":"https:\/\/tucomarca.whitekongsoftware.com\/ca\/wp-json\/wp\/v2\/types\/post"}],"author":[{"embeddable":true,"href":"https:\/\/tucomarca.whitekongsoftware.com\/ca\/wp-json\/wp\/v2\/users\/13"}],"replies":[{"embeddable":true,"href":"https:\/\/tucomarca.whitekongsoftware.com\/ca\/wp-json\/wp\/v2\/comments?post=248554"}],"version-history":[{"count":0,"href":"https:\/\/tucomarca.whitekongsoftware.com\/ca\/wp-json\/wp\/v2\/posts\/248554\/revisions"}],"wp:featuredmedia":[{"embeddable":true,"href":"https:\/\/tucomarca.whitekongsoftware.com\/ca\/wp-json\/wp\/v2\/media\/248552"}],"wp:attachment":[{"href":"https:\/\/tucomarca.whitekongsoftware.com\/ca\/wp-json\/wp\/v2\/media?parent=248554"}],"wp:term":[{"taxonomy":"category","embeddable":true,"href":"https:\/\/tucomarca.whitekongsoftware.com\/ca\/wp-json\/wp\/v2\/categories?post=248554"},{"taxonomy":"post_tag","embeddable":true,"href":"https:\/\/tucomarca.whitekongsoftware.com\/ca\/wp-json\/wp\/v2\/tags?post=248554"}],"curies":[{"name":"wp","href":"https:\/\/api.w.org\/{rel}","templated":true}]}}