{"id":248527,"date":"2024-12-20T10:00:00","date_gmt":"2024-12-20T08:00:00","guid":{"rendered":"https:\/\/www.tucomarca.com\/wordpress\/segunda\/?p=248527"},"modified":"2024-12-20T19:18:26","modified_gmt":"2024-12-20T17:18:26","slug":"fotogaleria-pedro-criado-valero-sacomiada-de-la-banda-juvenil-del-cim-la-armonica-de-bunol-en-un-emotiu-i-alegre-concert-de-nadal","status":"publish","type":"post","link":"https:\/\/tucomarca.whitekongsoftware.com\/ca\/fotogaleria-pedro-criado-valero-sacomiada-de-la-banda-juvenil-del-cim-la-armonica-de-bunol-en-un-emotiu-i-alegre-concert-de-nadal\/","title":{"rendered":"Fotogaler\u00eda: Pedro Criado Valero s&#8217;acomiada de la Banda Juvenil del CIM &#8220;La Arm\u00f2nica&#8221; de Bu\u00f1ol en un emotiu i alegre concert de Nadal"},"content":{"rendered":"\n<p class=\"wp-block-paragraph\">El passat cap de setmana, la Banda Juvenil del CIM L&#8217;Harm\u00f2nica va viure un concert inoblidable, marcat per l&#8217;emotiu comiat del seu director, Pedro Criado Valero, qui es va acomiadar amb humor i m\u00fasica.<\/p>\n\n\n\n<p class=\"wp-block-paragraph\">La primera meitat de l&#8217;esdeveniment va estar repleta de moments destacats: Una meravellosa obertura per a obrir el concert. Un concert per a flauta i banda, amb la jove solista Claudia Fern\u00e1ndez enlluernant al p\u00fablic. La interpretaci\u00f3 de The Typewriter, on el percussionista, Eduardo Zan\u00f3n, va donar vida a una m\u00e0quina d&#8217;escriure amb gran enginy. Per a finalitzar aquesta primera part es va interpretar una selecci\u00f3 de temes de Disney que van encantar especialment als m\u00e9s xicotets.<\/p>\n\n\n\n<p class=\"wp-block-paragraph\">En aquest marc festiu, es va donar la benvinguda oficial a les noves integrants de la Banda Juvenil: Alicia Pastor Hern\u00e1ndez i Maya Fuentes Valero.<\/p>\n\n\n\n<p class=\"wp-block-paragraph\"><strong>Un emotiu homenatge al director<\/strong><\/p>\n\n\n\n<p class=\"wp-block-paragraph\">Abans d&#8217;iniciar la segona part, els m\u00fasics i la presidenta, en representaci\u00f3 de la Junta Directiva, van dedicar unes commovedores paraules d&#8217;agra\u00efment a Pedro Criado Valero. Aquest moment es va convertir en un dels m\u00e9s emotius de la vetlada, reflectint l&#8217;afecte i l&#8217;admiraci\u00f3 que la banda sent pel seu director sortint.<\/p>\n\n\n\n<p class=\"wp-block-paragraph\">La segona part del concert va portar encara m\u00e9s sorpreses, es van entregar els premis del concurs de dibuixos nadalencs organitzat en Santa Cecilia. Les guanyadores, Ed\u00e9n Dragomir, Adriana Mart\u00ednez i Ainara Fuster, van rebre un reconeixement per les seues creacions plenes d&#8217;esperit nadalenc i musical.<\/p>\n\n\n\n<p class=\"wp-block-paragraph\">Tamb\u00e9 el cor del CIM L&#8217;Harm\u00f2nica i el cor d&#8217;educands, dirigits per Jos\u00e9 Carrascosa, van interpretar nadales tradicionals que van omplir la sala de m\u00e0gia i alegria.<\/p>\n\n\n\n<p class=\"wp-block-paragraph\">Despr\u00e9s del concert, els assistents van compartir un sopar de sobaquillo en un ambient familiar, per a despr\u00e9s finalitzar la nit amb una divertida cercavila pel poble, ple de m\u00fasica i riures.<\/p>\n\n\n\n<p class=\"wp-block-paragraph\">Aquest esdeveniment no sols va celebrar Nadal, sin\u00f3 tamb\u00e9 el llegat de Pedro Criado Valero, qui deixa una petjada inesborrable en la Banda Juvenil del CIM L&#8217;Harm\u00f2nica.<\/p>\n\n\n\n<p class=\"wp-block-paragraph\">Fotos: <strong>Jos\u00e9 Luis Mont\u00f3n<\/strong><\/p>\n\n\n\n<figure class=\"wp-block-gallery has-nested-images columns-2 is-cropped wp-block-gallery-1 is-layout-flex wp-block-gallery-is-layout-flex\">\n<figure class=\"wp-block-image size-large\"><img loading=\"lazy\" decoding=\"async\" width=\"886\" height=\"591\" data-id=\"248511\" src=\"https:\/\/www.tucomarca.com\/wordpress\/segunda\/wp-content\/uploads\/2024\/12\/LitroJuvenil24_02.jpg\" alt=\"\" class=\"wp-image-248511\" srcset=\"https:\/\/tucomarca.whitekongsoftware.com\/wp-content\/uploads\/2024\/12\/LitroJuvenil24_02.jpg 886w, https:\/\/tucomarca.whitekongsoftware.com\/wp-content\/uploads\/2024\/12\/LitroJuvenil24_02-300x200.jpg 300w, https:\/\/tucomarca.whitekongsoftware.com\/wp-content\/uploads\/2024\/12\/LitroJuvenil24_02-768x512.jpg 768w\" sizes=\"auto, (max-width: 886px) 100vw, 886px\" \/><\/figure>\n\n\n\n<figure class=\"wp-block-image size-large\"><img loading=\"lazy\" decoding=\"async\" width=\"886\" height=\"591\" data-id=\"248513\" src=\"https:\/\/www.tucomarca.com\/wordpress\/segunda\/wp-content\/uploads\/2024\/12\/LitroJuvenil24_03.jpg\" alt=\"\" class=\"wp-image-248513\" srcset=\"https:\/\/tucomarca.whitekongsoftware.com\/wp-content\/uploads\/2024\/12\/LitroJuvenil24_03.jpg 886w, https:\/\/tucomarca.whitekongsoftware.com\/wp-content\/uploads\/2024\/12\/LitroJuvenil24_03-300x200.jpg 300w, https:\/\/tucomarca.whitekongsoftware.com\/wp-content\/uploads\/2024\/12\/LitroJuvenil24_03-768x512.jpg 768w\" sizes=\"auto, (max-width: 886px) 100vw, 886px\" \/><\/figure>\n\n\n\n<figure class=\"wp-block-image size-large\"><img loading=\"lazy\" decoding=\"async\" width=\"683\" height=\"1024\" data-id=\"248515\" src=\"https:\/\/www.tucomarca.com\/wordpress\/segunda\/wp-content\/uploads\/2024\/12\/LitroJuvenil24_04-683x1024.jpg\" alt=\"\" class=\"wp-image-248515\" srcset=\"https:\/\/tucomarca.whitekongsoftware.com\/wp-content\/uploads\/2024\/12\/LitroJuvenil24_04-683x1024.jpg 683w, https:\/\/tucomarca.whitekongsoftware.com\/wp-content\/uploads\/2024\/12\/LitroJuvenil24_04-200x300.jpg 200w, https:\/\/tucomarca.whitekongsoftware.com\/wp-content\/uploads\/2024\/12\/LitroJuvenil24_04-768x1152.jpg 768w, https:\/\/tucomarca.whitekongsoftware.com\/wp-content\/uploads\/2024\/12\/LitroJuvenil24_04.jpg 886w\" sizes=\"auto, (max-width: 683px) 100vw, 683px\" \/><\/figure>\n\n\n\n<figure class=\"wp-block-image size-large\"><img loading=\"lazy\" decoding=\"async\" width=\"683\" height=\"1024\" data-id=\"248517\" src=\"https:\/\/www.tucomarca.com\/wordpress\/segunda\/wp-content\/uploads\/2024\/12\/LitroJuvenil24_05-683x1024.jpg\" alt=\"\" class=\"wp-image-248517\" srcset=\"https:\/\/tucomarca.whitekongsoftware.com\/wp-content\/uploads\/2024\/12\/LitroJuvenil24_05-683x1024.jpg 683w, https:\/\/tucomarca.whitekongsoftware.com\/wp-content\/uploads\/2024\/12\/LitroJuvenil24_05-200x300.jpg 200w, https:\/\/tucomarca.whitekongsoftware.com\/wp-content\/uploads\/2024\/12\/LitroJuvenil24_05-768x1152.jpg 768w, https:\/\/tucomarca.whitekongsoftware.com\/wp-content\/uploads\/2024\/12\/LitroJuvenil24_05.jpg 886w\" sizes=\"auto, (max-width: 683px) 100vw, 683px\" \/><\/figure>\n\n\n\n<figure class=\"wp-block-image size-large\"><img loading=\"lazy\" decoding=\"async\" width=\"886\" height=\"591\" data-id=\"248519\" src=\"https:\/\/www.tucomarca.com\/wordpress\/segunda\/wp-content\/uploads\/2024\/12\/LitroJuvenil24_06.jpg\" alt=\"\" class=\"wp-image-248519\" srcset=\"https:\/\/tucomarca.whitekongsoftware.com\/wp-content\/uploads\/2024\/12\/LitroJuvenil24_06.jpg 886w, https:\/\/tucomarca.whitekongsoftware.com\/wp-content\/uploads\/2024\/12\/LitroJuvenil24_06-300x200.jpg 300w, https:\/\/tucomarca.whitekongsoftware.com\/wp-content\/uploads\/2024\/12\/LitroJuvenil24_06-768x512.jpg 768w\" sizes=\"auto, (max-width: 886px) 100vw, 886px\" \/><\/figure>\n\n\n\n<figure class=\"wp-block-image size-large\"><img loading=\"lazy\" decoding=\"async\" width=\"886\" height=\"591\" data-id=\"248521\" src=\"https:\/\/www.tucomarca.com\/wordpress\/segunda\/wp-content\/uploads\/2024\/12\/LitroJuvenil24_07.jpg\" alt=\"\" class=\"wp-image-248521\" srcset=\"https:\/\/tucomarca.whitekongsoftware.com\/wp-content\/uploads\/2024\/12\/LitroJuvenil24_07.jpg 886w, https:\/\/tucomarca.whitekongsoftware.com\/wp-content\/uploads\/2024\/12\/LitroJuvenil24_07-300x200.jpg 300w, https:\/\/tucomarca.whitekongsoftware.com\/wp-content\/uploads\/2024\/12\/LitroJuvenil24_07-768x512.jpg 768w\" sizes=\"auto, (max-width: 886px) 100vw, 886px\" \/><\/figure>\n\n\n\n<figure class=\"wp-block-image size-large\"><img loading=\"lazy\" decoding=\"async\" width=\"886\" height=\"591\" data-id=\"248523\" src=\"https:\/\/www.tucomarca.com\/wordpress\/segunda\/wp-content\/uploads\/2024\/12\/LitroJuvenil24_08.jpg\" alt=\"\" class=\"wp-image-248523\" srcset=\"https:\/\/tucomarca.whitekongsoftware.com\/wp-content\/uploads\/2024\/12\/LitroJuvenil24_08.jpg 886w, https:\/\/tucomarca.whitekongsoftware.com\/wp-content\/uploads\/2024\/12\/LitroJuvenil24_08-300x200.jpg 300w, https:\/\/tucomarca.whitekongsoftware.com\/wp-content\/uploads\/2024\/12\/LitroJuvenil24_08-768x512.jpg 768w\" sizes=\"auto, (max-width: 886px) 100vw, 886px\" \/><\/figure>\n<\/figure>\n","protected":false},"excerpt":{"rendered":"<div class=\"mh-excerpt\">El passat cap de setmana, la Banda Juvenil del CIM L&#8217;Harm\u00f2nica va viure un concert inoblidable, marcat per l&#8217;emotiu comiat del seu director, Pedro Criado Valero, qui es va acomiadar amb humor i m\u00fasica. La <a class=\"mh-excerpt-more\" href=\"https:\/\/tucomarca.whitekongsoftware.com\/ca\/fotogaleria-pedro-criado-valero-sacomiada-de-la-banda-juvenil-del-cim-la-armonica-de-bunol-en-un-emotiu-i-alegre-concert-de-nadal\/\" title=\"Fotogaler\u00eda: Pedro Criado Valero s&#8217;acomiada de la Banda Juvenil del CIM &#8220;La Arm\u00f2nica&#8221; de Bu\u00f1ol en un emotiu i alegre concert de Nadal\">[+] <\/a><\/div>\n","protected":false},"author":12,"featured_media":248510,"comment_status":"open","ping_status":"open","sticky":false,"template":"","format":"gallery","meta":{"footnotes":""},"categories":[10911,11005,10894,10912,11007,10896],"tags":[17002,10913,11209,10914,21674],"class_list":["post-248527","post","type-post","status-publish","format-gallery","has-post-thumbnail","category-bunol-ca","category-canal-musica","category-la-comarca-ca","category-la-hoya-ca","category-ocio-y-cultura-ca","category-seccion-ca","tag-banda-juvenil-ca","tag-bunol-ca","tag-cim-la-armonica-de-bunol-ca","tag-la-hoya-de-bunol-chiva-ca","tag-navidad-2024-ca","post_format-post-format-gallery"],"_links":{"self":[{"href":"https:\/\/tucomarca.whitekongsoftware.com\/ca\/wp-json\/wp\/v2\/posts\/248527","targetHints":{"allow":["GET"]}}],"collection":[{"href":"https:\/\/tucomarca.whitekongsoftware.com\/ca\/wp-json\/wp\/v2\/posts"}],"about":[{"href":"https:\/\/tucomarca.whitekongsoftware.com\/ca\/wp-json\/wp\/v2\/types\/post"}],"author":[{"embeddable":true,"href":"https:\/\/tucomarca.whitekongsoftware.com\/ca\/wp-json\/wp\/v2\/users\/12"}],"replies":[{"embeddable":true,"href":"https:\/\/tucomarca.whitekongsoftware.com\/ca\/wp-json\/wp\/v2\/comments?post=248527"}],"version-history":[{"count":0,"href":"https:\/\/tucomarca.whitekongsoftware.com\/ca\/wp-json\/wp\/v2\/posts\/248527\/revisions"}],"wp:featuredmedia":[{"embeddable":true,"href":"https:\/\/tucomarca.whitekongsoftware.com\/ca\/wp-json\/wp\/v2\/media\/248510"}],"wp:attachment":[{"href":"https:\/\/tucomarca.whitekongsoftware.com\/ca\/wp-json\/wp\/v2\/media?parent=248527"}],"wp:term":[{"taxonomy":"category","embeddable":true,"href":"https:\/\/tucomarca.whitekongsoftware.com\/ca\/wp-json\/wp\/v2\/categories?post=248527"},{"taxonomy":"post_tag","embeddable":true,"href":"https:\/\/tucomarca.whitekongsoftware.com\/ca\/wp-json\/wp\/v2\/tags?post=248527"}],"curies":[{"name":"wp","href":"https:\/\/api.w.org\/{rel}","templated":true}]}}