{"id":248476,"date":"2024-12-19T08:55:00","date_gmt":"2024-12-19T06:55:00","guid":{"rendered":"https:\/\/www.tucomarca.com\/wordpress\/segunda\/?p=248476"},"modified":"2024-12-19T19:50:14","modified_gmt":"2024-12-19T17:50:14","slug":"la-do-utiel-requena-selecciona-els-seus-primers-vins-representatius-per-a-2025","status":"publish","type":"post","link":"https:\/\/tucomarca.whitekongsoftware.com\/ca\/la-do-utiel-requena-selecciona-els-seus-primers-vins-representatius-per-a-2025\/","title":{"rendered":"La DO Utiel-Requena selecciona els seus primers vins representatius per a 2025"},"content":{"rendered":"\n<p class=\"is-style-plain wp-block-paragraph\">La Denominaci\u00f3 d&#8217;Origen Utiel-Requena ha presentat els seus vins seleccionats per a l&#8217;any nou, despr\u00e9s d&#8217;un tast a cegues realitzada pel panell oficial de la DO. Enguany, el tast va comptar amb la pres\u00e8ncia d&#8217;Antonio Candelas, director de la revista El meu Vi, qui va destacar el nivell i l&#8217;evoluci\u00f3 dels vins presentats.<br>\u00a0<br>En l&#8217;\u00faltima reuni\u00f3 anual del ple del Consell Regulador, es van entregar els diplomes que reconeixen als vins seleccionats en les categories de Blanco, Rosat de Boval i Espum\u00f3s:<br>\u00a0<br><strong>Blanc DO Utiel-Requena 2025:\u00a0<\/strong><em>Impromptu 2023 de Cellers Hisp\u00e0+Su\u00efssos.<\/em><br><strong>Rosat de Boval DO Utiel-Requena 2025:<\/strong><em>\u00a0Castillo d&#8217;Utiel 2024 de Cellers Utielanas.<\/em><br><strong>Espum\u00f3s DO Utiel-Requena 2025:<\/strong><em>\u00a0Inspiraci\u00f3 2018 de Celler Lupanda.<\/em><br>\u00a0<br>El convidat d&#8217;honor, Antonio Candelas, va destacar l&#8217;esfor\u00e7 i la qualitat dels vins presentats: <em>\u201cvan destacar per un nivell que superava la mera correcci\u00f3 t\u00e8cnica o el car\u00e0cter jovial i directe. Vaig poder percebre un esfor\u00e7 clar per elevar el prestigi de la regi\u00f3 a trav\u00e9s de blancs fins, expressius i amb una capacitat de guarda que s&#8217;ajusta perfectament a les demandes actuals del mercat. Aquest assoliment resulta especialment meritori en una zona reconeguda pels seus rosats i negres,\u00a0amb la Boval com a estendard\u201d.<\/em><br>\u00a0<br>Quant als rosats, Candeles va assenyalar que <em>\u201cl&#8217;estil predominant continua sent el d&#8217;una fruita sucosa i roja, un segell d&#8217;identitat que mereix ser defensat i dif\u00f3s. No obstant aix\u00f2, tamb\u00e9 va destacar com els cellers estan explorant noves elaboracions amb major varietat de matisos i majors pretensions de valor, enriquint tant la categoria com la regi\u00f3 en el seu conjunt\u201d.<\/em><br>\u00a0<br><strong>Protagonistes en la promoci\u00f3 de la DO Utiel-Requena<br><\/strong>\u00a0<br>Aquests vins seleccionats seran peces clau en les activitats promocionals de la Denominaci\u00f3 d&#8217;Origen durant 2025. Participaran en fires, tastos, jornades i esdeveniments nacionals i internacionals, destacant el potencial i la qualitat de la regi\u00f3 en l&#8217;escena vitivin\u00edcola.<br>\u00a0<br>Amb aquesta selecci\u00f3, la DO Utiel-Requena continua refor\u00e7ant la seua aposta per l&#8217;excel\u00b7l\u00e8ncia i el prestigi dels seus vins, portant el nom de la demarcaci\u00f3 a nous horitzons.<\/p>\n\n\n\n<figure class=\"wp-block-gallery has-nested-images columns-default is-cropped wp-block-gallery-1 is-layout-flex wp-block-gallery-is-layout-flex\">\n<figure class=\"wp-block-image size-large\"><img loading=\"lazy\" decoding=\"async\" width=\"833\" height=\"1024\" data-id=\"248469\" src=\"https:\/\/www.tucomarca.com\/wordpress\/segunda\/wp-content\/uploads\/2024\/12\/DO_VinosRepresentativos_03-833x1024.jpg\" alt=\"\" class=\"wp-image-248469\" srcset=\"https:\/\/tucomarca.whitekongsoftware.com\/wp-content\/uploads\/2024\/12\/DO_VinosRepresentativos_03-833x1024.jpg 833w, https:\/\/tucomarca.whitekongsoftware.com\/wp-content\/uploads\/2024\/12\/DO_VinosRepresentativos_03-244x300.jpg 244w, https:\/\/tucomarca.whitekongsoftware.com\/wp-content\/uploads\/2024\/12\/DO_VinosRepresentativos_03-768x944.jpg 768w, https:\/\/tucomarca.whitekongsoftware.com\/wp-content\/uploads\/2024\/12\/DO_VinosRepresentativos_03-1249x1536.jpg 1249w, https:\/\/tucomarca.whitekongsoftware.com\/wp-content\/uploads\/2024\/12\/DO_VinosRepresentativos_03.jpg 1433w\" sizes=\"auto, (max-width: 833px) 100vw, 833px\" \/><\/figure>\n\n\n\n<figure class=\"wp-block-image size-large\"><img loading=\"lazy\" decoding=\"async\" width=\"921\" height=\"1024\" data-id=\"248467\" src=\"https:\/\/www.tucomarca.com\/wordpress\/segunda\/wp-content\/uploads\/2024\/12\/DO_VinosRepresentativos_02-921x1024.jpg\" alt=\"\" class=\"wp-image-248467\" srcset=\"https:\/\/tucomarca.whitekongsoftware.com\/wp-content\/uploads\/2024\/12\/DO_VinosRepresentativos_02-921x1024.jpg 921w, https:\/\/tucomarca.whitekongsoftware.com\/wp-content\/uploads\/2024\/12\/DO_VinosRepresentativos_02-270x300.jpg 270w, https:\/\/tucomarca.whitekongsoftware.com\/wp-content\/uploads\/2024\/12\/DO_VinosRepresentativos_02-768x854.jpg 768w, https:\/\/tucomarca.whitekongsoftware.com\/wp-content\/uploads\/2024\/12\/DO_VinosRepresentativos_02-1381x1536.jpg 1381w, https:\/\/tucomarca.whitekongsoftware.com\/wp-content\/uploads\/2024\/12\/DO_VinosRepresentativos_02.jpg 1500w\" sizes=\"auto, (max-width: 921px) 100vw, 921px\" \/><\/figure>\n\n\n\n<figure class=\"wp-block-image size-large\"><img loading=\"lazy\" decoding=\"async\" width=\"846\" height=\"1024\" data-id=\"248465\" src=\"https:\/\/www.tucomarca.com\/wordpress\/segunda\/wp-content\/uploads\/2024\/12\/DO_VinosRepresentativos_01-846x1024.jpg\" alt=\"\" class=\"wp-image-248465\" srcset=\"https:\/\/tucomarca.whitekongsoftware.com\/wp-content\/uploads\/2024\/12\/DO_VinosRepresentativos_01-846x1024.jpg 846w, https:\/\/tucomarca.whitekongsoftware.com\/wp-content\/uploads\/2024\/12\/DO_VinosRepresentativos_01-248x300.jpg 248w, https:\/\/tucomarca.whitekongsoftware.com\/wp-content\/uploads\/2024\/12\/DO_VinosRepresentativos_01-768x930.jpg 768w, https:\/\/tucomarca.whitekongsoftware.com\/wp-content\/uploads\/2024\/12\/DO_VinosRepresentativos_01-1269x1536.jpg 1269w, https:\/\/tucomarca.whitekongsoftware.com\/wp-content\/uploads\/2024\/12\/DO_VinosRepresentativos_01.jpg 1424w\" sizes=\"auto, (max-width: 846px) 100vw, 846px\" \/><\/figure>\n<\/figure>\n","protected":false},"excerpt":{"rendered":"<div class=\"mh-excerpt\">La Denominaci\u00f3 d&#8217;Origen Utiel-Requena ha presentat els seus vins seleccionats per a l&#8217;any nou, despr\u00e9s d&#8217;un tast a cegues realitzada pel panell oficial de la DO. Enguany, el tast va comptar amb la pres\u00e8ncia d&#8217;Antonio <a class=\"mh-excerpt-more\" href=\"https:\/\/tucomarca.whitekongsoftware.com\/ca\/la-do-utiel-requena-selecciona-els-seus-primers-vins-representatius-per-a-2025\/\" title=\"La DO Utiel-Requena selecciona els seus primers vins representatius per a 2025\">[+] <\/a><\/div>\n","protected":false},"author":13,"featured_media":248474,"comment_status":"open","ping_status":"open","sticky":false,"template":"","format":"standard","meta":{"footnotes":""},"categories":[11006,10894,11007,10909,10896],"tags":[21075,15856,10910],"class_list":["post-248476","post","type-post","status-publish","format-standard","has-post-thumbnail","category-canal-vinos","category-la-comarca-ca","category-ocio-y-cultura-ca","category-requena-utiel-ca","category-seccion-ca","tag-canal-vinos-ca","tag-ocio-y-cultura-ca","tag-requena-utiel-ca"],"_links":{"self":[{"href":"https:\/\/tucomarca.whitekongsoftware.com\/ca\/wp-json\/wp\/v2\/posts\/248476","targetHints":{"allow":["GET"]}}],"collection":[{"href":"https:\/\/tucomarca.whitekongsoftware.com\/ca\/wp-json\/wp\/v2\/posts"}],"about":[{"href":"https:\/\/tucomarca.whitekongsoftware.com\/ca\/wp-json\/wp\/v2\/types\/post"}],"author":[{"embeddable":true,"href":"https:\/\/tucomarca.whitekongsoftware.com\/ca\/wp-json\/wp\/v2\/users\/13"}],"replies":[{"embeddable":true,"href":"https:\/\/tucomarca.whitekongsoftware.com\/ca\/wp-json\/wp\/v2\/comments?post=248476"}],"version-history":[{"count":0,"href":"https:\/\/tucomarca.whitekongsoftware.com\/ca\/wp-json\/wp\/v2\/posts\/248476\/revisions"}],"wp:featuredmedia":[{"embeddable":true,"href":"https:\/\/tucomarca.whitekongsoftware.com\/ca\/wp-json\/wp\/v2\/media\/248474"}],"wp:attachment":[{"href":"https:\/\/tucomarca.whitekongsoftware.com\/ca\/wp-json\/wp\/v2\/media?parent=248476"}],"wp:term":[{"taxonomy":"category","embeddable":true,"href":"https:\/\/tucomarca.whitekongsoftware.com\/ca\/wp-json\/wp\/v2\/categories?post=248476"},{"taxonomy":"post_tag","embeddable":true,"href":"https:\/\/tucomarca.whitekongsoftware.com\/ca\/wp-json\/wp\/v2\/tags?post=248476"}],"curies":[{"name":"wp","href":"https:\/\/api.w.org\/{rel}","templated":true}]}}