{"id":248442,"date":"2024-12-19T11:00:00","date_gmt":"2024-12-19T09:00:00","guid":{"rendered":"https:\/\/www.tucomarca.com\/wordpress\/segunda\/?p=248442"},"modified":"2024-12-19T19:43:32","modified_gmt":"2024-12-19T17:43:32","slug":"xavier-jorge-de-ciutadans-vilamarxant-representara-als-partits-locals-del-camp-de-turia-com-a-vicepresident-de-la-mancomunitat","status":"publish","type":"post","link":"https:\/\/tucomarca.whitekongsoftware.com\/ca\/xavier-jorge-de-ciutadans-vilamarxant-representara-als-partits-locals-del-camp-de-turia-com-a-vicepresident-de-la-mancomunitat\/","title":{"rendered":"Xavier Jorge, de Ciutadans Vilamarxant, representar\u00e0 als partits locals del Camp de T\u00faria com a vicepresident de la Mancomunitat"},"content":{"rendered":"\n<p class=\"wp-block-paragraph\">Xavier Jorge, representant de Ciutadans Vilamarxant, ha sigut designat com a vicepresident de la Mancomunitat del Camp de T\u00faria per a representar a tots els partits de car\u00e0cter local de la comarca que estan formats per 4 membres de ple dret i s\u00f3n la tercera for\u00e7a pol\u00edtica en l&#8217;ens comarcal.<\/p>\n\n\n\n<p class=\"wp-block-paragraph\">Els partits CS Vilamarxant, UCIN Loriguilla, UCIN Sant Antoni de Benaixeve, CONTINGENT de la Pobla de Vallbona, Centrats a la Pobla de Vallbona, Millorem Benaguasil, UPdN de N\u00e0quera, AE Torre Portacoeli de Serra i Mas Camarena &#8211; Torre en Conill de B\u00e9tera tindran representaci\u00f3 amb una vicepresid\u00e8ncia en la Mancomunitat del Camp de T\u00faria.<\/p>\n\n\n\n<p class=\"wp-block-paragraph\">L&#8217;eclosi\u00f3 de diferents partits locals amb pres\u00e8ncia en els diferents consistoris ha provocat que la seua pres\u00e8ncia en la Mancomunitat siga molt valorada, ja que representen a un nodrit grup de ciutadans que prefereixen a responsables pol\u00edtics sense ideologia politica i amb arrels en els propis municipis per a defensar els seus interessos.<\/p>\n\n\n\n<p class=\"wp-block-paragraph\">L&#8217;actual delegat d&#8217;innovaci\u00f3 comarcal i tinenta alcalde de l&#8217;Ajuntament de Vilamarxant, que ocupar\u00e0 la vicepresid\u00e8ncia d&#8217;innovaci\u00f3, repeteix d&#8217;aquesta manera en la vicepresid\u00e8ncia de la Mancomunitat.<\/p>\n\n\n\n<p class=\"wp-block-paragraph\">\u201c\u00c9s un orgull representar als tots els ve\u00efns que han optat per representants eminentment locals, que posen el focus en la defensa dels interessos dels municipis per damunt de sigles i interessos dels partits majoritaris\u201d, ha expressat Jorge.<\/p>\n\n\n\n<p class=\"wp-block-paragraph\">\u201cContinuarem treballant per tots els municipis de la comarca del Camp de T\u00faria que mereixen que es fa\u00e7a una pol\u00edtica centrada en les seues necessitats per a convertir als nostres pobles en fonts de riquesa i en llocs en els quals desenvolupar els seus projectes de vida\u201d, ha acabat Jorge.<\/p>\n","protected":false},"excerpt":{"rendered":"<div class=\"mh-excerpt\">Xavier Jorge, representant de Ciutadans Vilamarxant, ha sigut designat com a vicepresident de la Mancomunitat del Camp de T\u00faria per a representar a tots els partits de car\u00e0cter local de la comarca que estan formats <a class=\"mh-excerpt-more\" href=\"https:\/\/tucomarca.whitekongsoftware.com\/ca\/xavier-jorge-de-ciutadans-vilamarxant-representara-als-partits-locals-del-camp-de-turia-com-a-vicepresident-de-la-mancomunitat\/\" title=\"Xavier Jorge, de Ciutadans Vilamarxant, representar\u00e0 als partits locals del Camp de T\u00faria com a vicepresident de la Mancomunitat\">[+] <\/a><\/div>\n","protected":false},"author":13,"featured_media":248440,"comment_status":"open","ping_status":"open","sticky":false,"template":"","format":"standard","meta":{"footnotes":""},"categories":[10952,10937,10892,10948,10894,10915,10931,10936,10947,10896,10927],"tags":[10899,11140,11090],"class_list":["post-248442","post","type-post","status-publish","format-standard","has-post-thumbnail","category-benaguasil-ca","category-betera-ca","category-camp-de-turia-ca","category-infraestructuras-ca","category-la-comarca-ca","category-la-pobla-ca","category-loriguilla-ca","category-naquera-ca","category-politica","category-seccion-ca","category-vilamarxant-ca","tag-camp-de-turia-ca","tag-politica-ca","tag-vilamarxant-ca"],"_links":{"self":[{"href":"https:\/\/tucomarca.whitekongsoftware.com\/ca\/wp-json\/wp\/v2\/posts\/248442","targetHints":{"allow":["GET"]}}],"collection":[{"href":"https:\/\/tucomarca.whitekongsoftware.com\/ca\/wp-json\/wp\/v2\/posts"}],"about":[{"href":"https:\/\/tucomarca.whitekongsoftware.com\/ca\/wp-json\/wp\/v2\/types\/post"}],"author":[{"embeddable":true,"href":"https:\/\/tucomarca.whitekongsoftware.com\/ca\/wp-json\/wp\/v2\/users\/13"}],"replies":[{"embeddable":true,"href":"https:\/\/tucomarca.whitekongsoftware.com\/ca\/wp-json\/wp\/v2\/comments?post=248442"}],"version-history":[{"count":0,"href":"https:\/\/tucomarca.whitekongsoftware.com\/ca\/wp-json\/wp\/v2\/posts\/248442\/revisions"}],"wp:featuredmedia":[{"embeddable":true,"href":"https:\/\/tucomarca.whitekongsoftware.com\/ca\/wp-json\/wp\/v2\/media\/248440"}],"wp:attachment":[{"href":"https:\/\/tucomarca.whitekongsoftware.com\/ca\/wp-json\/wp\/v2\/media?parent=248442"}],"wp:term":[{"taxonomy":"category","embeddable":true,"href":"https:\/\/tucomarca.whitekongsoftware.com\/ca\/wp-json\/wp\/v2\/categories?post=248442"},{"taxonomy":"post_tag","embeddable":true,"href":"https:\/\/tucomarca.whitekongsoftware.com\/ca\/wp-json\/wp\/v2\/tags?post=248442"}],"curies":[{"name":"wp","href":"https:\/\/api.w.org\/{rel}","templated":true}]}}