{"id":248304,"date":"2024-12-18T13:00:00","date_gmt":"2024-12-18T11:00:00","guid":{"rendered":"https:\/\/www.tucomarca.com\/wordpress\/segunda\/?p=248304"},"modified":"2024-12-18T23:25:46","modified_gmt":"2024-12-18T21:25:46","slug":"benaguasil-celebra-aquest-cap-de-setmana-el-mercat-de-nadal","status":"publish","type":"post","link":"https:\/\/tucomarca.whitekongsoftware.com\/ca\/benaguasil-celebra-aquest-cap-de-setmana-el-mercat-de-nadal\/","title":{"rendered":"Benaguasil celebra aquest cap de setmana el mercat de Nadal"},"content":{"rendered":"\n<h3 class=\"wp-block-heading\">Els dies 21 i 22 de desembre el centre hist\u00f2ric de Benaguasil acollir\u00e0 un animat mercat nadalenc.<\/h3>\n\n\n\n<h3 class=\"wp-block-heading\">Els ve\u00efns i visitants podran gaudir d&#8217;una \u00e0mplia varietat de llocs d&#8217;alimentaci\u00f3, artesania i animaci\u00f3 infantil, entre altres.<\/h3>\n\n\n<div class=\"wp-block-image\">\n<figure class=\"alignleft size-large is-resized\"><img loading=\"lazy\" decoding=\"async\" width=\"819\" height=\"1024\" src=\"http:\/\/www.tucomarca.com\/wordpress\/segunda\/wp-content\/uploads\/2024\/12\/BenaguasilMercadoNavidad-819x1024.jpg\" alt=\"\" class=\"wp-image-248301\" style=\"width:288px;height:auto\" srcset=\"https:\/\/tucomarca.whitekongsoftware.com\/wp-content\/uploads\/2024\/12\/BenaguasilMercadoNavidad-819x1024.jpg 819w, https:\/\/tucomarca.whitekongsoftware.com\/wp-content\/uploads\/2024\/12\/BenaguasilMercadoNavidad-240x300.jpg 240w, https:\/\/tucomarca.whitekongsoftware.com\/wp-content\/uploads\/2024\/12\/BenaguasilMercadoNavidad-768x960.jpg 768w, https:\/\/tucomarca.whitekongsoftware.com\/wp-content\/uploads\/2024\/12\/BenaguasilMercadoNavidad.jpg 886w\" sizes=\"auto, (max-width: 819px) 100vw, 819px\" \/><\/figure>\n<\/div>\n\n\n<p class=\"wp-block-paragraph\">La Pla\u00e7a Major de Benaguasil acollir\u00e0 aquest cap de setmana el seu tradicional Mercat de Nadal amb diversos llocs en els quals s&#8217;oferiran diferents productes perqu\u00e8 la ciutadania puga realitzar les compres d&#8217;aquestes festes.<br>L&#8217;obertura tindr\u00e0 lloc el dissabte a les 11h. A m\u00e9s de llocs d&#8217;artesania, bijuteria, productes d&#8217;alimentaci\u00f3, etc, el mercat comptar\u00e0 amb activitats, jocs i tallers infantils de tem\u00e0tica nadalenca, contes, espectacles de circ i animaci\u00f3 per a totes les edats, a m\u00e9s de propostes gastron\u00f2miques. Tamb\u00e9 el mercat comptar\u00e0 amb la pres\u00e8ncia d&#8217;agrupacions locals i emprenedors.<br>Al mercat se suma l&#8217;arribada dels carters reals que durant els dos dies estaran arreplegant les cartes dels m\u00e9s xicotets amb els seus desitjos.<br>La regidor de l&#8217;\u00e0rea, Ana Aleixandre, ha convidat a la poblaci\u00f3 a\u201d eixir al carrer i gaudir d&#8217;aquest mercat nadalenc i dels llocs artesanals, m\u00fasics, ballarins, zona de jocs infantils i carrusel que oferir\u00e0 aquest mercat que un any m\u00e9s posem en marxa dins de la programaci\u00f3 nadalenca que ha preparat l&#8217;Ajuntament per a aquests dies\u201d.<br>Fira de Modelisme, Antiguitats i Col\u00b7leccionisme<br>Al costat del mercat nadalenc una altra de les activitats previstes per al dissabte 21 de desembre \u00e9s la Fira de Modelisme, Antiguitats, artesania, joguets i col\u00b7leccionisme que se celebrar\u00e0 en l&#8217;Avinguda de Montiel en horari de 10h a 20h.<\/p>\n","protected":false},"excerpt":{"rendered":"<div class=\"mh-excerpt\">Els dies 21 i 22 de desembre el centre hist\u00f2ric de Benaguasil acollir\u00e0 un animat mercat nadalenc. Els ve\u00efns i visitants podran gaudir d&#8217;una \u00e0mplia varietat de llocs d&#8217;alimentaci\u00f3, artesania i animaci\u00f3 infantil, entre altres. <a class=\"mh-excerpt-more\" href=\"https:\/\/tucomarca.whitekongsoftware.com\/ca\/benaguasil-celebra-aquest-cap-de-setmana-el-mercat-de-nadal\/\" title=\"Benaguasil celebra aquest cap de setmana el mercat de Nadal\">[+] <\/a><\/div>\n","protected":false},"author":12,"featured_media":248302,"comment_status":"open","ping_status":"open","sticky":false,"template":"","format":"standard","meta":{"footnotes":""},"categories":[11019,10952,10892,10894,11007,10896],"tags":[11136,10899,18499],"class_list":["post-248304","post","type-post","status-publish","format-standard","has-post-thumbnail","category-agenda-ca","category-benaguasil-ca","category-camp-de-turia-ca","category-la-comarca-ca","category-ocio-y-cultura-ca","category-seccion-ca","tag-benaguasil-ca","tag-camp-de-turia-ca","tag-mercado-de-navidad-ca"],"_links":{"self":[{"href":"https:\/\/tucomarca.whitekongsoftware.com\/ca\/wp-json\/wp\/v2\/posts\/248304","targetHints":{"allow":["GET"]}}],"collection":[{"href":"https:\/\/tucomarca.whitekongsoftware.com\/ca\/wp-json\/wp\/v2\/posts"}],"about":[{"href":"https:\/\/tucomarca.whitekongsoftware.com\/ca\/wp-json\/wp\/v2\/types\/post"}],"author":[{"embeddable":true,"href":"https:\/\/tucomarca.whitekongsoftware.com\/ca\/wp-json\/wp\/v2\/users\/12"}],"replies":[{"embeddable":true,"href":"https:\/\/tucomarca.whitekongsoftware.com\/ca\/wp-json\/wp\/v2\/comments?post=248304"}],"version-history":[{"count":0,"href":"https:\/\/tucomarca.whitekongsoftware.com\/ca\/wp-json\/wp\/v2\/posts\/248304\/revisions"}],"wp:featuredmedia":[{"embeddable":true,"href":"https:\/\/tucomarca.whitekongsoftware.com\/ca\/wp-json\/wp\/v2\/media\/248302"}],"wp:attachment":[{"href":"https:\/\/tucomarca.whitekongsoftware.com\/ca\/wp-json\/wp\/v2\/media?parent=248304"}],"wp:term":[{"taxonomy":"category","embeddable":true,"href":"https:\/\/tucomarca.whitekongsoftware.com\/ca\/wp-json\/wp\/v2\/categories?post=248304"},{"taxonomy":"post_tag","embeddable":true,"href":"https:\/\/tucomarca.whitekongsoftware.com\/ca\/wp-json\/wp\/v2\/tags?post=248304"}],"curies":[{"name":"wp","href":"https:\/\/api.w.org\/{rel}","templated":true}]}}