{"id":248219,"date":"2024-12-17T12:00:00","date_gmt":"2024-12-17T10:00:00","guid":{"rendered":"https:\/\/www.tucomarca.com\/wordpress\/segunda\/?p=248219"},"modified":"2024-12-17T21:38:14","modified_gmt":"2024-12-17T19:38:14","slug":"la-diputacio-de-valencia-obri-la-convocatoria-del-premi-maria-la-jabalina-de-memoria-democratica","status":"publish","type":"post","link":"https:\/\/tucomarca.whitekongsoftware.com\/ca\/la-diputacio-de-valencia-obri-la-convocatoria-del-premi-maria-la-jabalina-de-memoria-democratica\/","title":{"rendered":"La Diputaci\u00f3 de Val\u00e8ncia obri la convocat\u00f2ria del Premi Mar\u00eda la Jabalina de Mem\u00f2ria Democr\u00e0tica"},"content":{"rendered":"\n<h3 class=\"wp-block-heading\">La delegaci\u00f3 que dirigix la vicepresidenta primera, Natalia Enguix, publicar\u00e0 el treball guanyador a trav\u00e9s de l&#8217;editorial de la Diputaci\u00f3, la Instituci\u00f3 Alfons el Magn\u00e0nim.<\/h3>\n\n\n\n<h3 class=\"wp-block-heading\">El guard\u00f3 compta amb una assignaci\u00f3 de 6.000 euros.<\/h3>\n\n\n\n<figure class=\"wp-block-image size-large\"><img loading=\"lazy\" decoding=\"async\" width=\"1024\" height=\"1024\" src=\"http:\/\/www.tucomarca.com\/wordpress\/segunda\/wp-content\/uploads\/2024\/12\/PREMIJABALINA-1024x1024.jpg\" alt=\"\" class=\"wp-image-248216\" srcset=\"https:\/\/tucomarca.whitekongsoftware.com\/wp-content\/uploads\/2024\/12\/PREMIJABALINA-1024x1024.jpg 1024w, https:\/\/tucomarca.whitekongsoftware.com\/wp-content\/uploads\/2024\/12\/PREMIJABALINA-300x300.jpg 300w, https:\/\/tucomarca.whitekongsoftware.com\/wp-content\/uploads\/2024\/12\/PREMIJABALINA-290x290.jpg 290w, https:\/\/tucomarca.whitekongsoftware.com\/wp-content\/uploads\/2024\/12\/PREMIJABALINA-768x768.jpg 768w, https:\/\/tucomarca.whitekongsoftware.com\/wp-content\/uploads\/2024\/12\/PREMIJABALINA.jpg 1080w\" sizes=\"auto, (max-width: 1024px) 100vw, 1024px\" \/><\/figure>\n\n\n\n<p class=\"wp-block-paragraph\">La Diputaci\u00f3 de Val\u00e8ncia ha obert el termini per a la recepci\u00f3 de les obres del Premi Mar\u00eda La Jabalina sobre Mem\u00f2ria Democr\u00e0tica, amb el qual la delegaci\u00f3 provincial que dirigix Nat\u00e0lia Enguix busca aprofundir en el debat sobre els valors democr\u00e0tics presents en la hist\u00f2ria. El premi naix amb la modalitat de narrativa de no ficci\u00f3, per la qual cosa les obres s&#8217;han d&#8217;elaborar amb l&#8217;exposici\u00f3, descripci\u00f3, narraci\u00f3 o argumentaci\u00f3 d&#8217;un contingut ver\u00eddic o basat en fets reals, amb gran fidelitat a la realitat i amb l&#8217;objectiu de divulgar, informar o educar sobre els fets succe\u00efts.\u00a0<\/p>\n\n\n\n<p class=\"wp-block-paragraph\">L&#8217;obra guanyadora, que comptar\u00e0 amb una assignaci\u00f3 de 6.000 euros, ser\u00e0 publicada a trav\u00e9s de la Instituci\u00f3 Alfons el Magn\u00e0nim, l&#8217;editorial de la Diputaci\u00f3. Amb la intenci\u00f3 de convertir-se en un certamen a tindre en compte i demostrar l&#8217;aposta de la delegaci\u00f3 de Mem\u00f2ria Hist\u00f2rica de la Diputaci\u00f3, s&#8217;ha dotat el primer premi amb un import alt per a afavorir la participaci\u00f3 d\u2019obres de qualitat, d&#8217;autors i autores que puguen conjuminar els seus coneixements hist\u00f2rics amb els seus dots literaris en el g\u00e8nere de la narrativa.<\/p>\n\n\n\n<p class=\"wp-block-paragraph\">Segons la vicepresidenta primera de la Diputaci\u00f3 i responsable de l&#8217;\u00e0rea, Natalia Enguix, \u201cel guard\u00f3 se situa com un referent entre els cert\u00e0mens de literatura de no ficci\u00f3 a nivell espanyol, per la qual cosa esperem una gran participaci\u00f3. Ja en la primera edici\u00f3 vam voler potenciar la creaci\u00f3 liter\u00e0ria basada en fet reals per a alimentar el debat sobre els valors democr\u00e0tics. Este certamen \u00e9s una ferramenta de consolidaci\u00f3 de la nostra democr\u00e0cia i la Diputaci\u00f3 sap que ha de continuar aportant mecanismes pedag\u00f2gics que servisquen per a arribar als m\u00e9s joves\u201d.<\/p>\n\n\n\n<p class=\"wp-block-paragraph\">L&#8217;obra presentada ha de ser original, in\u00e8dita, lliure de qualsevol comprom\u00eds d&#8217;edici\u00f3, que no haja sigut publicada o premiada anteriorment en altres concursos, ni estiga pendent de veredicte en la data en qu\u00e8 finalitze el termini de presentaci\u00f3. Si entre la finalitzaci\u00f3 del termini de presentaci\u00f3 i la concessi\u00f3 del premi alguna de les persones autores concurrents obtinguera un altre premi amb la mateixa obra que presenta al Premi Mar\u00eda La Jabalina, haur\u00e0 de comunicar-ho per escrit a la Delegaci\u00f3 de Mem\u00f2ria Democr\u00e0tica de la Diputaci\u00f3 de Val\u00e8ncia, amb la finalitat que la comissi\u00f3 de valoraci\u00f3 no la tinga en consideraci\u00f3.<\/p>\n\n\n\n<p class=\"wp-block-paragraph\">A m\u00e9s, haur\u00e0 d&#8217;estar escrita en valenci\u00e0 o castell\u00e0, tindr\u00e0 el format de mesura DIN A4, amb els quatre marges a 2,5 cm, el tipus de lletra Times New Roman, amb una grand\u00e0ria de 12 punts, un interlineat de 1,5 i una extensi\u00f3 no inferior a 100 p\u00e0gines ni superior a 300. No s&#8217;admetran les compilacions de contes i l&#8217;obra no anir\u00e0 firmada per l&#8217;autor o autora i estar\u00e0 exempta de qualsevol signe, marca o dada que ho identifique. Finalment, la portada inclour\u00e0 el t\u00edtol de l&#8217;obra presentada i una breu sinopsi d&#8217;esta.<\/p>\n\n\n\n<p class=\"wp-block-paragraph\">El termini de presentaci\u00f3 de les sol\u00b7licituds ser\u00e0 de tres mesos, a partir de l&#8217;endem\u00e0 de la publicaci\u00f3 de l&#8217;extracte de la convocat\u00f2ria en el Butllet\u00ed Oficial de la Prov\u00edncia de Val\u00e8ncia. Les basses es poden trobar en: <a href=\"https:\/\/www.dival.es\/es\/memoria-historica\/content\/premios-de-narrativa-de-no-ficcion-maria-la-jabalina\">https:\/\/www.dival.es\/es\/memoria-historica\/content\/premios-de-narrativa-de-no-ficcion-maria-la-jabalina<\/a>. Les obres s\u2019envien a trav\u00e9s de: <a href=\"https:\/\/www.sede.dival.es\/opencms\/opencms\/portal\/index.jsp?opcion=listadoTematico&amp;tema=\/MEMORIAHIST\/\">https:\/\/www.sede.dival.es\/opencms\/opencms\/portal\/index.jsp?opcion=listadoTematico&amp;tema=\/MEMORIAHIST\/<\/a>&nbsp;<\/p>\n","protected":false},"excerpt":{"rendered":"<div class=\"mh-excerpt\">La delegaci\u00f3 que dirigix la vicepresidenta primera, Natalia Enguix, publicar\u00e0 el treball guanyador a trav\u00e9s de l&#8217;editorial de la Diputaci\u00f3, la Instituci\u00f3 Alfons el Magn\u00e0nim. El guard\u00f3 compta amb una assignaci\u00f3 de 6.000 euros. La <a class=\"mh-excerpt-more\" href=\"https:\/\/tucomarca.whitekongsoftware.com\/ca\/la-diputacio-de-valencia-obri-la-convocatoria-del-premi-maria-la-jabalina-de-memoria-democratica\/\" title=\"La Diputaci\u00f3 de Val\u00e8ncia obri la convocat\u00f2ria del Premi Mar\u00eda la Jabalina de Mem\u00f2ria Democr\u00e0tica\">[+] <\/a><\/div>\n","protected":false},"author":1,"featured_media":248217,"comment_status":"open","ping_status":"open","sticky":false,"template":"","format":"standard","meta":{"footnotes":""},"categories":[20600,10948,10894,10904,20456,11007,10947,10896],"tags":[11199],"class_list":["post-248219","post","type-post","status-publish","format-standard","has-post-thumbnail","category-area-memoria-democratica-ca","category-infraestructuras-ca","category-la-comarca-ca","category-sin-categorizar-ca","category-la-diputacio-de-valencia-informa-ca","category-ocio-y-cultura-ca","category-politica","category-seccion-ca","tag-la-comunitat-ca"],"_links":{"self":[{"href":"https:\/\/tucomarca.whitekongsoftware.com\/ca\/wp-json\/wp\/v2\/posts\/248219","targetHints":{"allow":["GET"]}}],"collection":[{"href":"https:\/\/tucomarca.whitekongsoftware.com\/ca\/wp-json\/wp\/v2\/posts"}],"about":[{"href":"https:\/\/tucomarca.whitekongsoftware.com\/ca\/wp-json\/wp\/v2\/types\/post"}],"author":[{"embeddable":true,"href":"https:\/\/tucomarca.whitekongsoftware.com\/ca\/wp-json\/wp\/v2\/users\/1"}],"replies":[{"embeddable":true,"href":"https:\/\/tucomarca.whitekongsoftware.com\/ca\/wp-json\/wp\/v2\/comments?post=248219"}],"version-history":[{"count":0,"href":"https:\/\/tucomarca.whitekongsoftware.com\/ca\/wp-json\/wp\/v2\/posts\/248219\/revisions"}],"wp:featuredmedia":[{"embeddable":true,"href":"https:\/\/tucomarca.whitekongsoftware.com\/ca\/wp-json\/wp\/v2\/media\/248217"}],"wp:attachment":[{"href":"https:\/\/tucomarca.whitekongsoftware.com\/ca\/wp-json\/wp\/v2\/media?parent=248219"}],"wp:term":[{"taxonomy":"category","embeddable":true,"href":"https:\/\/tucomarca.whitekongsoftware.com\/ca\/wp-json\/wp\/v2\/categories?post=248219"},{"taxonomy":"post_tag","embeddable":true,"href":"https:\/\/tucomarca.whitekongsoftware.com\/ca\/wp-json\/wp\/v2\/tags?post=248219"}],"curies":[{"name":"wp","href":"https:\/\/api.w.org\/{rel}","templated":true}]}}