{"id":248163,"date":"2024-12-13T08:59:00","date_gmt":"2024-12-13T06:59:00","guid":{"rendered":"https:\/\/www.tucomarca.com\/wordpress\/segunda\/?p=248163"},"modified":"2024-12-13T21:02:58","modified_gmt":"2024-12-13T19:02:58","slug":"aquest-nadal-mes-que-mai-la-campanya-de-nadal-de-la-mitv","status":"publish","type":"post","link":"https:\/\/tucomarca.whitekongsoftware.com\/ca\/aquest-nadal-mes-que-mai-la-campanya-de-nadal-de-la-mitv\/","title":{"rendered":"\u201cAquest Nadal m\u00e9s que mai\u201d, la campanya de Nadal de la MITV"},"content":{"rendered":"\n<p class=\"wp-block-paragraph\">Despr\u00e9s de les conseq\u00fc\u00e8ncies produ\u00efdes per la DANA, enguany la campanya insisteix que \u201caquest Nadal m\u00e9s que mai\u201d les nostres compres, els nostres regals, les nostres celebracions i brindis, el nostre oci i turisme es fan en Tierra Bobal, subratllant la necessitat de consumir el local i de fer-ho en establiments de la comarca, a fi de dinamitzar l&#8217;economia local en un moment de reconstrucci\u00f3 per a moltes empreses i comer\u00e7os.\u00a0<\/p>\n\n\n\n<p class=\"wp-block-paragraph\">D&#8217;aquesta manera, la campanya ressalta set accions t\u00edpiques d&#8217;aquestes dates i apel\u00b7la al fet que es desenvolupen en Tierra Bobal: compra, celebra, brinda, regala, respira, comparteix i gaudeix. A m\u00e9s, com en totes les campanyes desenvolupades en el marc del Projecte Adapt@+t, \u00e9s present el missatge \u201cJo Soc Tierra Bobal I tu?\u201d, una crida a l&#8217;orgull de pertinen\u00e7a a la comarca i, especialment ara, al comprom\u00eds amb el teixit socioecon\u00f2mic i el comer\u00e7 proximitat de la nostra terra.\u00a0<\/p>\n\n\n\n<p class=\"wp-block-paragraph\">L&#8217;acci\u00f3 es desenvolupa durant tot el per\u00edode nadalenc en premsa i r\u00e0dio local aix\u00ed com en xarxes socials.<\/p>\n\n\n\n<p class=\"wp-block-paragraph\">Adapt@+t, Projecte d&#8217;Ocupaci\u00f3, Emprenedoria, Economia social i Desenvolupament local, naix dins del pla AVALEM TERRITORI gr\u00e0cies a l&#8217;Acord Territorial en Mat\u00e8ria d&#8217;Ocupaci\u00f3 i Desenvolupament Local de la MITV promogut des de la Conselleria d&#8217;Educaci\u00f3, Universitats i \u00das de la Comunitat Valenciana. L&#8217;\u00e0mbit d&#8217;execuci\u00f3 del mateix est\u00e0 circumscrit al territori de les d\u00e8nou entitats signants de l&#8217;Acord Territorial en mat\u00e8ria d&#8217;Ocupaci\u00f3 i Desenvolupament local de la Mancomunitat de l&#8217;Interior Tierra del Vino, totes elles pertanyents als nou municipis que componen la comarca: Camporrobles, Caudete de las Fuentes, Xera, Fuenterrobles, Requena, Sinarques, Utiel, Venta del Moro i Villargordo del Cabriel.<\/p>\n","protected":false},"excerpt":{"rendered":"<div class=\"mh-excerpt\">Despr\u00e9s de les conseq\u00fc\u00e8ncies produ\u00efdes per la DANA, enguany la campanya insisteix que \u201caquest Nadal m\u00e9s que mai\u201d les nostres compres, els nostres regals, les nostres celebracions i brindis, el nostre oci i turisme es <a class=\"mh-excerpt-more\" href=\"https:\/\/tucomarca.whitekongsoftware.com\/ca\/aquest-nadal-mes-que-mai-la-campanya-de-nadal-de-la-mitv\/\" title=\"\u201cAquest Nadal m\u00e9s que mai\u201d, la campanya de Nadal de la MITV\">[+] <\/a><\/div>\n","protected":false},"author":1,"featured_media":248161,"comment_status":"open","ping_status":"open","sticky":false,"template":"","format":"standard","meta":{"footnotes":""},"categories":[11019,10894,10904,11007,10909,10896],"tags":[11906,10910,20628],"class_list":["post-248163","post","type-post","status-publish","format-standard","has-post-thumbnail","category-agenda-ca","category-la-comarca-ca","category-sin-categorizar-ca","category-ocio-y-cultura-ca","category-requena-utiel-ca","category-seccion-ca","tag-navidad-ca","tag-requena-utiel-ca","tag-tierra-del-vino-ca"],"_links":{"self":[{"href":"https:\/\/tucomarca.whitekongsoftware.com\/ca\/wp-json\/wp\/v2\/posts\/248163","targetHints":{"allow":["GET"]}}],"collection":[{"href":"https:\/\/tucomarca.whitekongsoftware.com\/ca\/wp-json\/wp\/v2\/posts"}],"about":[{"href":"https:\/\/tucomarca.whitekongsoftware.com\/ca\/wp-json\/wp\/v2\/types\/post"}],"author":[{"embeddable":true,"href":"https:\/\/tucomarca.whitekongsoftware.com\/ca\/wp-json\/wp\/v2\/users\/1"}],"replies":[{"embeddable":true,"href":"https:\/\/tucomarca.whitekongsoftware.com\/ca\/wp-json\/wp\/v2\/comments?post=248163"}],"version-history":[{"count":0,"href":"https:\/\/tucomarca.whitekongsoftware.com\/ca\/wp-json\/wp\/v2\/posts\/248163\/revisions"}],"wp:featuredmedia":[{"embeddable":true,"href":"https:\/\/tucomarca.whitekongsoftware.com\/ca\/wp-json\/wp\/v2\/media\/248161"}],"wp:attachment":[{"href":"https:\/\/tucomarca.whitekongsoftware.com\/ca\/wp-json\/wp\/v2\/media?parent=248163"}],"wp:term":[{"taxonomy":"category","embeddable":true,"href":"https:\/\/tucomarca.whitekongsoftware.com\/ca\/wp-json\/wp\/v2\/categories?post=248163"},{"taxonomy":"post_tag","embeddable":true,"href":"https:\/\/tucomarca.whitekongsoftware.com\/ca\/wp-json\/wp\/v2\/tags?post=248163"}],"curies":[{"name":"wp","href":"https:\/\/api.w.org\/{rel}","templated":true}]}}