{"id":248152,"date":"2024-12-14T08:00:00","date_gmt":"2024-12-14T06:00:00","guid":{"rendered":"https:\/\/www.tucomarca.com\/wordpress\/segunda\/?p=248152"},"modified":"2024-12-13T20:43:49","modified_gmt":"2024-12-13T18:43:49","slug":"la-diputacio-llanca-quatre-podcasts-amb-contes-de-nadal-escrits-per-escriptores-i-escriptors-valencians-actuals","status":"publish","type":"post","link":"https:\/\/tucomarca.whitekongsoftware.com\/ca\/la-diputacio-llanca-quatre-podcasts-amb-contes-de-nadal-escrits-per-escriptores-i-escriptors-valencians-actuals\/","title":{"rendered":"La Diputaci\u00f3 llan\u00e7a quatre p\u00f2dcasts amb contes de Nadal escrits per escriptores i escriptors valencians actuals"},"content":{"rendered":"\n<h3 class=\"wp-block-heading\"><strong><strong>El departament de Foment de l\u2019\u00das del Valenci\u00e0 de la corporaci\u00f3 provincial ha comptat amb relats originals de Maria Jes\u00fas Bolta, Enric Lluch i Teresa Broseta per a la nova ampliaci\u00f3 dels contes de Nadal en format p\u00f2dcast<\/strong><\/strong>.<\/h3>\n\n\n\n<h3 class=\"wp-block-heading\"><strong><strong>A m\u00e9s, tamb\u00e9 s\u2019han adaptat dos contes de Nadal de l\u2019escriptor Carles Cano. Per a les locucions s\u2019ha comptat amb la veu de la periodista Susanna Lliber\u00f3s i del contacontes Carles Cano<\/strong><\/strong>.<\/h3>\n\n\n\n<p class=\"wp-block-paragraph\">La Diputaci\u00f3 de Val\u00e8ncia llan\u00e7a quatre p\u00f2dcasts amb contes de Nadal escrits per escriptores i escriptors valencians. La nova ampliaci\u00f3 dels contes de Nadal en format p\u00f2dcast, del departament de Foment de l\u2019\u00das del Valenci\u00e0 de la corporaci\u00f3 provincial, ha comptat amb relats originals de Maria Jes\u00fas Bolta, Enric Lluch i Teresa Broseta. A m\u00e9s, tamb\u00e9 s\u2019han adaptat dos contes de Nadal de l\u2019escriptor Carles Cano.<\/p>\n\n\n\n<p class=\"wp-block-paragraph\">Per a les locucions s\u2019ha comptat amb la veu de la periodista Susanna Lliber\u00f3s i del contacontes Carles Cano, que s\u2019unixen al ventall de veus de professionals com Clara Castell\u00f3, Enrique Pacheco, Joan Borja, Anna Mar\u00ed i Daniel Tormo, que han participat en altres ocasions.<\/p>\n\n\n\n<p class=\"wp-block-paragraph\">I per a satisfer la demanda dels seguidors i seguidores de la s\u00e8rie, els textos dels relats estaran disponibles en arxius digitals descarregables, i aix\u00ed es podran aprofitar com a recurs did\u00e0ctic. Els contes es titulen \u2018Una sorpresa per a dos\u2019, de Teresa Broseta; \u2018Tot el que somies\u2019 de Maria Jes\u00fas Bolta; \u2018L\u2019olla de Nadal\u2019, d\u2019Enric Lluch; \u2018L\u2019arbre de Nadal\u2019 i \u2018La rebel\u00b7li\u00f3 dels joguets\u2019, de Carles Cano.<\/p>\n\n\n\n<p class=\"wp-block-paragraph\">Les car\u00e0tules dels p\u00f2dcasts han sigut il\u00b7lustrades per l\u2019artista valenci\u00e0 Jotak\u00e1. En elles, l\u2019il\u00b7lustrador ha volgut transmetre la mirada tradicional que caracteritza el Nadal. Els contes recuperen un esperit molt diferent al de l\u2019ambient comercial actual.<\/p>\n\n\n\n<p class=\"wp-block-paragraph\">Els quatre nous p\u00f2dcasts, editats tamb\u00e9 per Natxo Andreu, s\u2019afigen als ja publicats dels escriptors Enric Valor, Ernest Mart\u00ednez Ferrando, Francesc Gisbert, Vicent Blasco Ib\u00e1\u00f1ez, Emilia Pardo-Baz\u00e1n, Ram\u00f3n Mar\u00eda del Valle-Incl\u00e1n i Leopoldo Alas.<\/p>\n\n\n\n<p class=\"wp-block-paragraph\">El projecte va n\u00e0ixer com a part del treball que el departament de Foment de l\u2019\u00das del Valenci\u00e0 fa per a explorar nous \u00e0mbits de comunicaci\u00f3 en valenci\u00e0, com s\u00f3n els p\u00f2dcasts, arxius sonors que es poden escoltar en l\u00ednia des de plataformes radiof\u00f2niques o ser descarregats en dispositius personals. La s\u00e8rie de p\u00f2dcasts imita els antics serials de r\u00e0dio amb l\u2019avantatge que el p\u00fablic oient pot escoltar-los quan li abellisca.<\/p>\n\n\n\n<p class=\"wp-block-paragraph\">Les hist\u00f2ries es poden escoltar en algunes de les plataformes m\u00e9s conegudes: Ivoox, Amazon, Spotify, YouTube, Google Podcast i Apple Podcast.<\/p>\n\n\n\n<figure class=\"wp-block-gallery has-nested-images columns-1 is-cropped wp-block-gallery-1 is-layout-flex wp-block-gallery-is-layout-flex\">\n<figure class=\"wp-block-image size-large\"><img loading=\"lazy\" decoding=\"async\" width=\"1024\" height=\"576\" data-id=\"248149\" src=\"https:\/\/www.tucomarca.com\/wordpress\/segunda\/wp-content\/uploads\/2024\/12\/UnaSorpresaPerADos-1024x576.jpg\" alt=\"\" class=\"wp-image-248149\" srcset=\"https:\/\/tucomarca.whitekongsoftware.com\/wp-content\/uploads\/2024\/12\/UnaSorpresaPerADos-1024x576.jpg 1024w, https:\/\/tucomarca.whitekongsoftware.com\/wp-content\/uploads\/2024\/12\/UnaSorpresaPerADos-300x169.jpg 300w, https:\/\/tucomarca.whitekongsoftware.com\/wp-content\/uploads\/2024\/12\/UnaSorpresaPerADos-768x432.jpg 768w, https:\/\/tucomarca.whitekongsoftware.com\/wp-content\/uploads\/2024\/12\/UnaSorpresaPerADos-678x381.jpg 678w, https:\/\/tucomarca.whitekongsoftware.com\/wp-content\/uploads\/2024\/12\/UnaSorpresaPerADos.jpg 1280w\" sizes=\"auto, (max-width: 1024px) 100vw, 1024px\" \/><\/figure>\n\n\n\n<figure class=\"wp-block-image size-large\"><img loading=\"lazy\" decoding=\"async\" width=\"1024\" height=\"576\" data-id=\"248147\" src=\"https:\/\/www.tucomarca.com\/wordpress\/segunda\/wp-content\/uploads\/2024\/12\/TotElQueSomies-1024x576.jpg\" alt=\"\" class=\"wp-image-248147\" srcset=\"https:\/\/tucomarca.whitekongsoftware.com\/wp-content\/uploads\/2024\/12\/TotElQueSomies-1024x576.jpg 1024w, https:\/\/tucomarca.whitekongsoftware.com\/wp-content\/uploads\/2024\/12\/TotElQueSomies-300x169.jpg 300w, https:\/\/tucomarca.whitekongsoftware.com\/wp-content\/uploads\/2024\/12\/TotElQueSomies-768x432.jpg 768w, https:\/\/tucomarca.whitekongsoftware.com\/wp-content\/uploads\/2024\/12\/TotElQueSomies-678x381.jpg 678w, https:\/\/tucomarca.whitekongsoftware.com\/wp-content\/uploads\/2024\/12\/TotElQueSomies.jpg 1280w\" sizes=\"auto, (max-width: 1024px) 100vw, 1024px\" \/><\/figure>\n<\/figure>\n","protected":false},"excerpt":{"rendered":"<div class=\"mh-excerpt\">El departament de Foment de l\u2019\u00das del Valenci\u00e0 de la corporaci\u00f3 provincial ha comptat amb relats originals de Maria Jes\u00fas Bolta, Enric Lluch i Teresa Broseta per a la nova ampliaci\u00f3 dels contes de Nadal <a class=\"mh-excerpt-more\" href=\"https:\/\/tucomarca.whitekongsoftware.com\/ca\/la-diputacio-llanca-quatre-podcasts-amb-contes-de-nadal-escrits-per-escriptores-i-escriptors-valencians-actuals\/\" title=\"La Diputaci\u00f3 llan\u00e7a quatre p\u00f2dcasts amb contes de Nadal escrits per escriptores i escriptors valencians actuals\">[+] <\/a><\/div>\n","protected":false},"author":12,"featured_media":248146,"comment_status":"open","ping_status":"open","sticky":false,"template":"","format":"standard","meta":{"footnotes":""},"categories":[10904,11007,10896],"tags":[11199,21009,15856],"class_list":["post-248152","post","type-post","status-publish","format-standard","has-post-thumbnail","category-sin-categorizar-ca","category-ocio-y-cultura-ca","category-seccion-ca","tag-la-comunitat-ca","tag-la-diputacio-de-valencia-ca","tag-ocio-y-cultura-ca"],"_links":{"self":[{"href":"https:\/\/tucomarca.whitekongsoftware.com\/ca\/wp-json\/wp\/v2\/posts\/248152","targetHints":{"allow":["GET"]}}],"collection":[{"href":"https:\/\/tucomarca.whitekongsoftware.com\/ca\/wp-json\/wp\/v2\/posts"}],"about":[{"href":"https:\/\/tucomarca.whitekongsoftware.com\/ca\/wp-json\/wp\/v2\/types\/post"}],"author":[{"embeddable":true,"href":"https:\/\/tucomarca.whitekongsoftware.com\/ca\/wp-json\/wp\/v2\/users\/12"}],"replies":[{"embeddable":true,"href":"https:\/\/tucomarca.whitekongsoftware.com\/ca\/wp-json\/wp\/v2\/comments?post=248152"}],"version-history":[{"count":0,"href":"https:\/\/tucomarca.whitekongsoftware.com\/ca\/wp-json\/wp\/v2\/posts\/248152\/revisions"}],"wp:featuredmedia":[{"embeddable":true,"href":"https:\/\/tucomarca.whitekongsoftware.com\/ca\/wp-json\/wp\/v2\/media\/248146"}],"wp:attachment":[{"href":"https:\/\/tucomarca.whitekongsoftware.com\/ca\/wp-json\/wp\/v2\/media?parent=248152"}],"wp:term":[{"taxonomy":"category","embeddable":true,"href":"https:\/\/tucomarca.whitekongsoftware.com\/ca\/wp-json\/wp\/v2\/categories?post=248152"},{"taxonomy":"post_tag","embeddable":true,"href":"https:\/\/tucomarca.whitekongsoftware.com\/ca\/wp-json\/wp\/v2\/tags?post=248152"}],"curies":[{"name":"wp","href":"https:\/\/api.w.org\/{rel}","templated":true}]}}