{"id":248137,"date":"2024-12-16T09:00:00","date_gmt":"2024-12-16T07:00:00","guid":{"rendered":"https:\/\/www.tucomarca.com\/wordpress\/segunda\/?p=248137"},"modified":"2024-12-13T20:39:40","modified_gmt":"2024-12-13T18:39:40","slug":"el-nadal-arriba-a-la-diputacio-de-valencia-amb-un-ampli-programa-cultural-per-a-totes-les-edats","status":"publish","type":"post","link":"https:\/\/tucomarca.whitekongsoftware.com\/ca\/el-nadal-arriba-a-la-diputacio-de-valencia-amb-un-ampli-programa-cultural-per-a-totes-les-edats\/","title":{"rendered":"El Nadal arriba a la Diputaci\u00f3 de Val\u00e8ncia amb un ampli programa cultural per a totes les edats"},"content":{"rendered":"\n<h3 class=\"wp-block-heading\"><strong><strong>L\u2019ETNO, el Museu de Prehist\u00f2ria i el MuVIM oferixen una variada agenda cultural repleta d&#8217;activitats que van des de tallers per a construir joguets fins a animaci\u00f3 lectora, activitats cient\u00edfiques i visites guiades<\/strong><\/strong>.<\/h3>\n\n\n\n<h3 class=\"wp-block-heading\"><strong><strong>L&#8217;espectacle nadalenc \u2018Un Nadal de circ amb Escalante\u2019 \u00e9s la proposta del projecte teatral de la Diputaci\u00f3 de Val\u00e8ncia que aterra en el Teatre Principal de Val\u00e8ncia i estar\u00e0 fins al 4 de gener<\/strong><\/strong>.<\/h3>\n\n\n\n<h3 class=\"wp-block-heading\"><strong><strong>El Centre Cultural La Benefic\u00e8ncia acollir\u00e0 diversos concerts musicals gratu\u00efts al llarg del per\u00edode nadalenc<\/strong><\/strong>.<\/h3>\n\n\n\n<p class=\"wp-block-paragraph\">La Diputaci\u00f3 de Val\u00e8ncia celebra la m\u00e0gia de Nadal amb una variada agenda cultural repleta d&#8217;activitats per a tots els p\u00fablics, programaci\u00f3 que ve acompanyada per les visites guiades que oferixen l&#8217;oportunitat de rec\u00f3rrer en fam\u00edlia les exposicions dels museus de la corporaci\u00f3 provincial.<\/p>\n\n\n\n<p class=\"wp-block-paragraph\">El diputat de Cultura, Paco Teruel, ha apuntat que \u201cmalgrat que no \u00e9s un Nadal habitual, la Diputaci\u00f3 vol il\u00b7luminar les festes dels xiquets i xiquetes, els verdaders protagonistes d&#8217;esta festivitat l\u2019ess\u00e8ncia de la qual residix en la m\u00e0gia de compartir moments en fam\u00edlia\u201d. En este sentit, ha assenyalat que a trav\u00e9s dels museus i espais culturals, \u201coferim noves propostes per a totes les edats, principalment per als m\u00e9s xicotets\u201d.<\/p>\n\n\n\n<p class=\"wp-block-paragraph\"><strong>Taller de joguets en L\u2019ETNO<\/strong><\/p>\n\n\n\n<p class=\"wp-block-paragraph\">L\u2019ETNO, Museu Valenci\u00e0 d\u2019Etnologia, obrir\u00e0 el seu taller d&#8217;articles de llanda on els follets, els elfos i els jogueters reals fabriquen trens, vaixells, avions i cotxes. Els m\u00e9s xicotets de la casa podran visitar esta f\u00e0brica de joguets i construir el seu propi vehicle de cart\u00f3 i fusta del 26 al 29 de desembre i del 2 al 5 de gener, a les 12:00 hores en les instal\u00b7lacions del Centre Cultural la Benefic\u00e8ncia.<\/p>\n\n\n\n<p class=\"wp-block-paragraph\"><strong>\u2018Menuda biblioteca de Nadal\u2019&nbsp;<\/strong><\/p>\n\n\n\n<p class=\"wp-block-paragraph\">La \u2018Menuda biblioteca de Nadal\u2019 del Museu de Prehist\u00f2ria de Val\u00e8ncia proposa unes festes repletes d&#8217;animacions lectores sobre les primeres civilitzacions, acompanyades per la gimcana \u2018Un riu de cultures\u2019. La biblioteca infantil estar\u00e0 oberta els dies 24, 26, 27 i 31 de desembre i els dies 2 i 3 de gener entre les 10:00 i les 14:00 hores; la gimcana tindr\u00e0 lloc eixos mateixos dies a les 11.00 i a les 13.00 hores.<\/p>\n\n\n\n<p class=\"wp-block-paragraph\">El Museu oferix tamb\u00e9 el taller did\u00e0ctic \u2018Qu\u00e8 ens diuen les monedes?\u2019, en el qual es descobrir\u00e0 que, a m\u00e9s del seu valor econ\u00f2mic, les monedes contenen molta informaci\u00f3 sobre l&#8217;\u00e8poca en la qual van estar en circulaci\u00f3 i sobre la societat que les va produir. L&#8217;activitat est\u00e0 prevista per als dies 22 i 29 de desembre i 5 de gener a les 12:00 hores.&nbsp;<\/p>\n\n\n\n<p class=\"wp-block-paragraph\">El Mupreva oferix tamb\u00e9 visites guiades a les seues exposicions. Estes visites estan programades per als dies 24, 26, 27, 28 i 31 de desembre i 2, 3 i 4 de gener a les 12:00 hores i el 29 de desembre i 5 de gener a les 11:00 hores en la Benefic\u00e8ncia.<\/p>\n\n\n\n<p class=\"wp-block-paragraph\">El programa nadalenc del MuVIM arreplega una \u00e0mplia agenda amb activitats per a tots els p\u00fablics, que van des de tallers sobre l&#8217;univers i la ci\u00e8ncia fins a visites guiades a les seues exposicions, amb el cicle de cinema per a majors i els tallers sobre la m\u00fasica i els colors, a m\u00e9s del contacontes, per als m\u00e9s xicotets.<\/p>\n\n\n\n<p class=\"wp-block-paragraph\"><strong>L&#8217;univers i la ci\u00e8ncia<\/strong><\/p>\n\n\n\n<p class=\"wp-block-paragraph\">Per a este cap de setmana, el museu de la Diputaci\u00f3 de Val\u00e8ncia ha organitzat el taller \u2018Observar, sorprendre&#8217;s, reflexionar i aprendre\u2019. En esta fira cient\u00edfica, els m\u00e9s xicotets tindran l&#8217;oportunitat d&#8217;experimentar amb una \u00e0mplia varietat d&#8217;activitats interactives i divertides que estimularan la seua curiositat. Ser\u00e0 el dissabte 14 de desembre a les 10:30 i a les 16:00 hores i el diumenge 15 de desembre a les 10:30 hores.<\/p>\n\n\n\n<p class=\"wp-block-paragraph\">El planetari del MuVIM tamb\u00e9 oferir\u00e0 este cap de setmana sessions: el dissabte 14 a les 11:00, 12:30 hores, 17:00 i 18:30 hores; i el diumenge 15 a les 11:00 i a les 12.30 hores. El museu organitza un recorregut en fam\u00edlia pel sistema solar i una aproximaci\u00f3 als c\u00famuls estel\u00b7lars i les nebuloses vibrants.&nbsp;<\/p>\n\n\n\n<p class=\"wp-block-paragraph\">El MuVIM organitza tamb\u00e9 durant les festes de Nadal visites guiades a les seues exposicions temporals. Aix\u00ed, la mostra \u2018Negra contra Hitler\u2019 oferix visites comentades els dissabtes 14, 21 i 28 de desembre a les 18:00 hores, i els diumenges 15, 22 i 29 de desembre a les 12:30 hores. Tamb\u00e9 es realitzaran visites guiades a les restes arqueol\u00f2giques conservades en el MuVIM i la maqueta de la ciutat de Val\u00e8ncia creada pel Pare Tosca en el segle XVIII, els dies 15 i 22 de desembre.&nbsp;<\/p>\n\n\n\n<p class=\"wp-block-paragraph\">Aix\u00ed mateix, el Cicle de Cinema \u2018El MuVIM i les persones majors\u2019 tornar\u00e0 dilluns que ve 16 de desembre a la sala d&#8217;actes del museu. En esta ocasi\u00f3 es projectar\u00e0 la pel\u00b7l\u00edcula Hijos de los hombres (Alfonso Cuar\u00f3n, 2006).&nbsp;<\/p>\n\n\n\n<p class=\"wp-block-paragraph\"><strong>Tallers per als m\u00e9s xicotets<\/strong><\/p>\n\n\n\n<p class=\"wp-block-paragraph\">Per als m\u00e9s xicotets, el museu t\u00e9 programat per al 21 de desembre a les 18:00 hores el taller \u2018M\u00fasica i color\u2019, on els participants crearan la seua pr\u00f2pia partitura a partir d&#8217;un instrument i dels colors dels seus sons. El diumenge 22 a les 11:30 hores podran participar tamb\u00e9 en el taller \u2018El Trencanous\u2019, on es donar\u00e0 a con\u00e9ixer als personatges d&#8217;esta obra cl\u00e0ssica de Nadal i crear un titella. L&#8217;aula did\u00e0ctica del museu acollir\u00e0 el 28 de desembre a les 18:00 hores una activitat en la qual, amb plantilles i peces de Llec, els participants realitzaran els seus dibuixos i els passaran a paper utilitzant la t\u00e8cnica de la impressi\u00f3 a tinta.&nbsp;<\/p>\n\n\n\n<p class=\"wp-block-paragraph\">El flautista d\u2019Hamelin, La Rateta Presumida, Hansel i Gretel i moltes altres hist\u00f2ries populars contades des d&#8217;una perspectiva diferent arribaran al vest\u00edbul del museu en forma de contacontes el 29 de desembre a les 11:30 hores.<\/p>\n\n\n\n<p class=\"wp-block-paragraph\"><strong>M\u00fasica en La Benefic\u00e8ncia<\/strong><\/p>\n\n\n\n<p class=\"wp-block-paragraph\">El Centre Cultural La Benefic\u00e8ncia oferir\u00e0 diversos concerts musicals gratu\u00efts al llarg del per\u00edode nadalenc. La programaci\u00f3 arranca este divendres 13 de desembre, a les 19:00 hores, amb el concert \u2018Joves promeses del Conservatori Superior de M\u00fasica Joaqu\u00edn Rodrigo de Val\u00e8ncia\u2019. Aix\u00ed mateix, el dia 18 a les 19:00 hores, la Sala Alfons el Magn\u00e0nim del Centre Cultural acollir\u00e0 el concert de La Camerata \u2018La Stravaganza\u2019, formada per joves int\u00e8rprets valencians; el 20 de desembre a les 19:00 hores ser\u00e0 el torn del cor de l&#8217;Escolania de Ntra. Sra. dels Desemparats de Val\u00e8ncia i, finalment, el 27 de desembre Noelia Rodiles i Antonio Galera oferiran un concert de piano a les 19:00 hores.&nbsp;<\/p>\n\n\n\n<p class=\"wp-block-paragraph\"><strong>\u2018Un Nadal de circ amb Escalante\u2019&nbsp;<\/strong><\/p>\n\n\n\n<p class=\"wp-block-paragraph\">La companyia LA FAM ser\u00e0 la conductora de l&#8217;espectacle nadalenc \u2018Un Nadal de circ amb Escalante\u2019, que aterra en el Teatre Principal de Val\u00e8ncia i que est\u00e0 dirigit a p\u00fablic a partir de tres anys. Les funcions per a p\u00fablic general seran els dies 14, 15, 21, 22, 26, 27, 28 i 29 de desembre i el 2, 3 i 4 de gener a les 18:00 hores. Les entrades poden adquirir-se en la web <strong>www.escalantecentreteatral.dival.es<\/strong> i en taquilla abans de cada representaci\u00f3.&nbsp;<\/p>\n\n\n\n<p class=\"wp-block-paragraph\">La diputada de Joventut i Teatres, Roc\u00edo Gil, ha assenyalat que des de l&#8217;Escalante \u201cconvidem a viure un Nadal amb la mirada posada especialment en els m\u00e9s xicotets, en un any en qu\u00e8 moltes fam\u00edlies s&#8217;han vist afectades per la dana; Embolicarem el pati de butaques d&#8217;eixa il\u00b7lusi\u00f3 que ens regala el circ amb este espectacle que permetr\u00e0 disfrutar de vesprades m\u00e0giques en fam\u00edlia\u201d.<\/p>\n\n\n\n<figure class=\"wp-block-gallery has-nested-images columns-1 is-cropped wp-block-gallery-1 is-layout-flex wp-block-gallery-is-layout-flex\">\n<figure class=\"wp-block-image size-large\"><img loading=\"lazy\" decoding=\"async\" width=\"1024\" height=\"1024\" data-id=\"248131\" src=\"https:\/\/www.tucomarca.com\/wordpress\/segunda\/wp-content\/uploads\/2024\/12\/la-fabrica-de-joguets-1024x1024.jpeg\" alt=\"\" class=\"wp-image-248131\" srcset=\"https:\/\/tucomarca.whitekongsoftware.com\/wp-content\/uploads\/2024\/12\/la-fabrica-de-joguets-1024x1024.jpeg 1024w, https:\/\/tucomarca.whitekongsoftware.com\/wp-content\/uploads\/2024\/12\/la-fabrica-de-joguets-300x300.jpeg 300w, https:\/\/tucomarca.whitekongsoftware.com\/wp-content\/uploads\/2024\/12\/la-fabrica-de-joguets-290x290.jpeg 290w, https:\/\/tucomarca.whitekongsoftware.com\/wp-content\/uploads\/2024\/12\/la-fabrica-de-joguets-768x768.jpeg 768w, https:\/\/tucomarca.whitekongsoftware.com\/wp-content\/uploads\/2024\/12\/la-fabrica-de-joguets.jpeg 1080w\" sizes=\"auto, (max-width: 1024px) 100vw, 1024px\" \/><\/figure>\n\n\n\n<figure class=\"wp-block-image size-large\"><img loading=\"lazy\" decoding=\"async\" width=\"727\" height=\"1024\" data-id=\"248129\" src=\"https:\/\/www.tucomarca.com\/wordpress\/segunda\/wp-content\/uploads\/2024\/12\/Biblioteca_Riu_Cultures-727x1024.jpg\" alt=\"\" class=\"wp-image-248129\" srcset=\"https:\/\/tucomarca.whitekongsoftware.com\/wp-content\/uploads\/2024\/12\/Biblioteca_Riu_Cultures-727x1024.jpg 727w, https:\/\/tucomarca.whitekongsoftware.com\/wp-content\/uploads\/2024\/12\/Biblioteca_Riu_Cultures-213x300.jpg 213w, https:\/\/tucomarca.whitekongsoftware.com\/wp-content\/uploads\/2024\/12\/Biblioteca_Riu_Cultures-768x1081.jpg 768w, https:\/\/tucomarca.whitekongsoftware.com\/wp-content\/uploads\/2024\/12\/Biblioteca_Riu_Cultures-1091x1536.jpg 1091w, https:\/\/tucomarca.whitekongsoftware.com\/wp-content\/uploads\/2024\/12\/Biblioteca_Riu_Cultures-1455x2048.jpg 1455w, https:\/\/tucomarca.whitekongsoftware.com\/wp-content\/uploads\/2024\/12\/Biblioteca_Riu_Cultures.jpg 1783w\" sizes=\"auto, (max-width: 727px) 100vw, 727px\" \/><\/figure>\n<\/figure>\n","protected":false},"excerpt":{"rendered":"<div class=\"mh-excerpt\">L\u2019ETNO, el Museu de Prehist\u00f2ria i el MuVIM oferixen una variada agenda cultural repleta d&#8217;activitats que van des de tallers per a construir joguets fins a animaci\u00f3 lectora, activitats cient\u00edfiques i visites guiades. L&#8217;espectacle nadalenc <a class=\"mh-excerpt-more\" href=\"https:\/\/tucomarca.whitekongsoftware.com\/ca\/el-nadal-arriba-a-la-diputacio-de-valencia-amb-un-ampli-programa-cultural-per-a-totes-les-edats\/\" title=\"El Nadal arriba a la Diputaci\u00f3 de Val\u00e8ncia amb un ampli programa cultural per a totes les edats\">[+] <\/a><\/div>\n","protected":false},"author":12,"featured_media":248134,"comment_status":"open","ping_status":"open","sticky":false,"template":"","format":"standard","meta":{"footnotes":""},"categories":[11019,10894,10904,11007,10896],"tags":[11199,21009,15856],"class_list":["post-248137","post","type-post","status-publish","format-standard","has-post-thumbnail","category-agenda-ca","category-la-comarca-ca","category-sin-categorizar-ca","category-ocio-y-cultura-ca","category-seccion-ca","tag-la-comunitat-ca","tag-la-diputacio-de-valencia-ca","tag-ocio-y-cultura-ca"],"_links":{"self":[{"href":"https:\/\/tucomarca.whitekongsoftware.com\/ca\/wp-json\/wp\/v2\/posts\/248137","targetHints":{"allow":["GET"]}}],"collection":[{"href":"https:\/\/tucomarca.whitekongsoftware.com\/ca\/wp-json\/wp\/v2\/posts"}],"about":[{"href":"https:\/\/tucomarca.whitekongsoftware.com\/ca\/wp-json\/wp\/v2\/types\/post"}],"author":[{"embeddable":true,"href":"https:\/\/tucomarca.whitekongsoftware.com\/ca\/wp-json\/wp\/v2\/users\/12"}],"replies":[{"embeddable":true,"href":"https:\/\/tucomarca.whitekongsoftware.com\/ca\/wp-json\/wp\/v2\/comments?post=248137"}],"version-history":[{"count":0,"href":"https:\/\/tucomarca.whitekongsoftware.com\/ca\/wp-json\/wp\/v2\/posts\/248137\/revisions"}],"wp:featuredmedia":[{"embeddable":true,"href":"https:\/\/tucomarca.whitekongsoftware.com\/ca\/wp-json\/wp\/v2\/media\/248134"}],"wp:attachment":[{"href":"https:\/\/tucomarca.whitekongsoftware.com\/ca\/wp-json\/wp\/v2\/media?parent=248137"}],"wp:term":[{"taxonomy":"category","embeddable":true,"href":"https:\/\/tucomarca.whitekongsoftware.com\/ca\/wp-json\/wp\/v2\/categories?post=248137"},{"taxonomy":"post_tag","embeddable":true,"href":"https:\/\/tucomarca.whitekongsoftware.com\/ca\/wp-json\/wp\/v2\/tags?post=248137"}],"curies":[{"name":"wp","href":"https:\/\/api.w.org\/{rel}","templated":true}]}}