{"id":247931,"date":"2024-12-12T11:00:00","date_gmt":"2024-12-12T09:00:00","guid":{"rendered":"https:\/\/www.tucomarca.com\/wordpress\/segunda\/?p=247931"},"modified":"2024-12-12T22:29:50","modified_gmt":"2024-12-12T20:29:50","slug":"la-diputacio-de-valencia-buscara-punts-intermedis-per-a-dipositar-el-fang-dels-garatges-inundats-per-la-riuada","status":"publish","type":"post","link":"https:\/\/tucomarca.whitekongsoftware.com\/ca\/la-diputacio-de-valencia-buscara-punts-intermedis-per-a-dipositar-el-fang-dels-garatges-inundats-per-la-riuada\/","title":{"rendered":"La Diputaci\u00f3 de Val\u00e8ncia buscar\u00e0 punts intermedis per a dipositar el fang dels garatges inundats per la riuada"},"content":{"rendered":"\n<h3 class=\"wp-block-heading\"><strong><strong>El president de la corporaci\u00f3 provincial, Vicent Momp\u00f3, es reunix amb el vicepresident segon del Consell, Francisco Jos\u00e9 Gan Pampols, per a coordinar les tasques de neteja dels municipis afectats per la dana<\/strong><\/strong>.<\/h3>\n\n\n\n<p class=\"wp-block-paragraph\">La Diputaci\u00f3 de Val\u00e8ncia buscar\u00e0 punts intermedis per a dipositar el fang dels garatges inundats per la riuada. \u00c9s la principal conclusi\u00f3 de la reuni\u00f3 que han mantingut este mat\u00ed el president de la corporaci\u00f3 provincial, Vicent Momp\u00f3, amb el vicepresident segon i conseller per a la Recuperaci\u00f3 Econ\u00f2mica i Social, Francisco Jos\u00e9 Gan Pampols.<\/p>\n\n\n\n<p class=\"wp-block-paragraph\">\u201cDespr\u00e9s del treball ingent que s&#8217;est\u00e0 fent per a extraure el fang, ara cal determinar on anir\u00e0\u201d, explica Momp\u00f3, al mateix temps que destaca \u201cl&#8217;agilitat amb la qual s&#8217;est\u00e0 desenvolupant esta labor\u201d. Un total de 168 operaris i m\u00e9s de 60 m\u00e0quines han retirat fang en una trentena de contenidors repartits entre Picanya, Massanassa, Paiporta, Benet\u00fasser, Sedav\u00ed, Catarroja, Alfafar, Albal, Aldaia i Llocnou de la Corona, tots a l&#8217;Horta Sud, i Algemes\u00ed a la Ribera Alta. Un dispositiu al qual cal sumar tant als bombers com als efectius de la UME que continuen col\u00b7laborant en les tasques d&#8217;extracci\u00f3 de fang.<\/p>\n\n\n\n<p class=\"wp-block-paragraph\">En esta segona part, el dip\u00f2sit, \u00e9s imprescindible l&#8217;an\u00e0lisi del fang que s&#8217;ha anat extraient, \u201cperqu\u00e8 depenent del resultat es pot dipositar en un lloc o un altre, per exemple en camps\u201d, esgrimix Momp\u00f3.&nbsp;<\/p>\n\n\n\n<p class=\"wp-block-paragraph\">En este sentit, ressalta, \u201cde moment tenim bones not\u00edcies perqu\u00e8 en totes les anal\u00edtiques que s&#8217;han realitzat fins ara no s&#8217;ha trobat m\u00e9s que fang i aigua, descartant aix\u00ed qualsevol contaminaci\u00f3 que puga ser nociva\u201d. S&#8217;estan realitzant setmanalment PCRs per a determinar si hi ha restes d&#8217;algun patogen, metalls o altres subst\u00e0ncies contaminants i de moment la tra\u00e7abilitat no revertix cap problema per a la salut.<\/p>\n\n\n\n<p class=\"wp-block-paragraph\">M\u00e9s enll\u00e0 d&#8217;este treball i altres com la retirada de vehicles que requerix l&#8217;encara fase d&#8217;emerg\u00e8ncia, Momp\u00f3 i Gan Pampols tamb\u00e9 ha tractat altres temes referits a l&#8217;impuls de l&#8217;activitat econ\u00f2mica en els quals la coordinaci\u00f3 entre institucions tamb\u00e9 \u00e9s necess\u00e0ria. \u201cHo diem des del primer moment, treballar tots a una \u00e9s vital per a avan\u00e7ar i reconstruir els nostres pobles\u201d, advertix Momp\u00f3, qui subratlla \u201cla productivitat i efici\u00e8ncia\u201d de la reuni\u00f3.<\/p>\n","protected":false},"excerpt":{"rendered":"<div class=\"mh-excerpt\">El president de la corporaci\u00f3 provincial, Vicent Momp\u00f3, es reunix amb el vicepresident segon del Consell, Francisco Jos\u00e9 Gan Pampols, per a coordinar les tasques de neteja dels municipis afectats per la dana. La Diputaci\u00f3 <a class=\"mh-excerpt-more\" href=\"https:\/\/tucomarca.whitekongsoftware.com\/ca\/la-diputacio-de-valencia-buscara-punts-intermedis-per-a-dipositar-el-fang-dels-garatges-inundats-per-la-riuada\/\" title=\"La Diputaci\u00f3 de Val\u00e8ncia buscar\u00e0 punts intermedis per a dipositar el fang dels garatges inundats per la riuada\">[+] <\/a><\/div>\n","protected":false},"author":12,"featured_media":247929,"comment_status":"open","ping_status":"open","sticky":false,"template":"","format":"standard","meta":{"footnotes":""},"categories":[10983,21466,10948,10894,10904,10902,10903,10947,10896,10897],"tags":[11081,15409,12903,11199,21009,11077],"class_list":["post-247931","post","type-post","status-publish","format-standard","has-post-thumbnail","category-algemesi-ca","category-dana-ca","category-infraestructuras-ca","category-la-comarca-ca","category-sin-categorizar-ca","category-la-ribera-ca","category-medio-ambiente-la-comarca-ca","category-politica","category-seccion-ca","category-sucesos-la-comarca-ca","tag-algemesi-ca","tag-dana-2-ca","tag-infraestructuras-ca","tag-la-comunitat-ca","tag-la-diputacio-de-valencia-ca","tag-la-ribera-alta-ca"],"_links":{"self":[{"href":"https:\/\/tucomarca.whitekongsoftware.com\/ca\/wp-json\/wp\/v2\/posts\/247931","targetHints":{"allow":["GET"]}}],"collection":[{"href":"https:\/\/tucomarca.whitekongsoftware.com\/ca\/wp-json\/wp\/v2\/posts"}],"about":[{"href":"https:\/\/tucomarca.whitekongsoftware.com\/ca\/wp-json\/wp\/v2\/types\/post"}],"author":[{"embeddable":true,"href":"https:\/\/tucomarca.whitekongsoftware.com\/ca\/wp-json\/wp\/v2\/users\/12"}],"replies":[{"embeddable":true,"href":"https:\/\/tucomarca.whitekongsoftware.com\/ca\/wp-json\/wp\/v2\/comments?post=247931"}],"version-history":[{"count":0,"href":"https:\/\/tucomarca.whitekongsoftware.com\/ca\/wp-json\/wp\/v2\/posts\/247931\/revisions"}],"wp:featuredmedia":[{"embeddable":true,"href":"https:\/\/tucomarca.whitekongsoftware.com\/ca\/wp-json\/wp\/v2\/media\/247929"}],"wp:attachment":[{"href":"https:\/\/tucomarca.whitekongsoftware.com\/ca\/wp-json\/wp\/v2\/media?parent=247931"}],"wp:term":[{"taxonomy":"category","embeddable":true,"href":"https:\/\/tucomarca.whitekongsoftware.com\/ca\/wp-json\/wp\/v2\/categories?post=247931"},{"taxonomy":"post_tag","embeddable":true,"href":"https:\/\/tucomarca.whitekongsoftware.com\/ca\/wp-json\/wp\/v2\/tags?post=247931"}],"curies":[{"name":"wp","href":"https:\/\/api.w.org\/{rel}","templated":true}]}}