{"id":247895,"date":"2024-12-12T08:30:00","date_gmt":"2024-12-12T06:30:00","guid":{"rendered":"https:\/\/www.tucomarca.com\/wordpress\/segunda\/?p=247895"},"modified":"2024-12-12T22:38:53","modified_gmt":"2024-12-12T20:38:53","slug":"la-diputacio-de-valencia-exhibix-el-seu-betlem-monumental-mes-emotiu-amb-homenatge-als-voluntaris-de-la-dana","status":"publish","type":"post","link":"https:\/\/tucomarca.whitekongsoftware.com\/ca\/la-diputacio-de-valencia-exhibix-el-seu-betlem-monumental-mes-emotiu-amb-homenatge-als-voluntaris-de-la-dana\/","title":{"rendered":"La Diputaci\u00f3 de Val\u00e8ncia exhibix el seu betlem monumental m\u00e9s emotiu amb homenatge als voluntaris de la dana"},"content":{"rendered":"\n<h3 class=\"wp-block-heading\"><strong><strong>L&#8217;obra realitzada per l&#8217;Associaci\u00f3 de Belenistas de Val\u00e8ncia, que pot visitar-se fins al pr\u00f2xim 5 de gener, al Pati dels Scala de la corporaci\u00f3, ha sigut restaurada despr\u00e9s de patir danys per la riuada<\/strong><\/strong>.<\/h3>\n\n\n\n<h3 class=\"wp-block-heading\"><strong><strong>A m\u00e9s dels detalls relacionats amb la trag\u00e8dia, el betlem est\u00e0 replet de gestos a diferents municipis de la prov\u00edncia a trav\u00e9s de productes t\u00edpics, tradicions, construccions i elements de la naturalesa<\/strong><\/strong>.<\/h3>\n\n\n\n<p class=\"wp-block-paragraph\">La Diputaci\u00f3 de Val\u00e8ncia obri les seues portes un any m\u00e9s per a exhibir el seu ja c\u00e8lebre betlem monumental, que enguany t\u00e9 una important c\u00e0rrega emotiva en tractar-se d&#8217;una obra completament restaurada despr\u00e9s de patir danys causats per la dana del passat 29 d&#8217;octubre.&nbsp;<\/p>\n\n\n\n<p class=\"wp-block-paragraph\">Tal com ha explicat Gonzalo Mateu, president de l&#8217;Associaci\u00f3 de Belenistas de Val\u00e8ncia, \u201ceste mateix betlem es trobava el dia de la riuada en els magatzems que tenim a Alfafar, en els quals va entrar l&#8217;aigua causant greus destrosses a part del nostre patrimoni, incloses les peces del naiximent. Des d&#8217;eixe moment hem fet un gran esfor\u00e7 per a restaurar el conjunt de l&#8217;obra i arribar a temps per a exposar-la en la Diputaci\u00f3\u201d.<\/p>\n\n\n\n<p class=\"wp-block-paragraph\">De fet, si el visitant est\u00e0 atent comprovar\u00e0 que, en una de les cases del betlem, en la part superior del qual hi ha un colomar t\u00edpic de la ciutat de Val\u00e8ncia, s&#8217;aprecia encara la marca d&#8217;aigua que va deixar la inundaci\u00f3. \u201cVol\u00edem mostrar una de les peces sense restaurar perqu\u00e8 es puga apreciar el mal que hem patit i tamb\u00e9 com a s\u00edmbol d&#8217;esperan\u00e7a malgrat tot el patrimoni que l&#8217;associaci\u00f3 ha perdut en esta trag\u00e8dia\u201d, afirma Gonzalo Mateu.<\/p>\n\n\n\n<p class=\"wp-block-paragraph\">El betlem, realitzat per l&#8217;Associaci\u00f3 de Belenistas de Val\u00e8ncia, pot visitar-se, amb entrada lliure, fins el pr\u00f2xim dia 5 de gener al pati del Palau dels Scala de la corporaci\u00f3 provincial, que obri les seues portes tots els dies en horari de 10.00 a 14.00 i de 16 a 20 hores, a excepci\u00f3 dels dies 24 i 31 de desembre i el 5 de gener, que podr\u00e0 visitar-se \u00fanicament en horari matinal.<\/p>\n\n\n\n<p class=\"wp-block-paragraph\"><strong>Gestos als voluntaris i a la prov\u00edncia de Val\u00e8ncia<\/strong><\/p>\n\n\n\n<p class=\"wp-block-paragraph\">En un Nadal tan emotiu per a tots els valencians, el betlem de la Diputaci\u00f3 ha volgut rendir un xicotet homenatge als herois de la riuada del 29 d&#8217;octubre. En la part m\u00e9s important de tot betlem, el naixement, s&#8217;han col\u00b7locat unes pales com a s\u00edmbol de tots aquells voluntaris que han anat a ajudar als municipis afectats per la inundaci\u00f3 durant les setmanes posteriors a la cat\u00e0strofe. A m\u00e9s, la figura de San Jos\u00e9 apareix amb una rosa a la seua m\u00e0, que representa a les v\u00edctimes mortals de la dana. \u201c\u00c9s un homenatge a trav\u00e9s d&#8217;un s\u00edmbol que tamb\u00e9 s&#8217;est\u00e0 utilitzant en altres naiximents de Val\u00e8ncia i d&#8217;Espa\u00f1a\u201d, aclarix el belenista.<\/p>\n\n\n\n<p class=\"wp-block-paragraph\">Com sol ser habitual, el betlem de la Diputaci\u00f3 est\u00e0 esguitar de gestos i detalls que fan refer\u00e8ncia als costums i tradicions de diferents zones de la prov\u00edncia. En la primera part de l&#8217;obra, els Reis Mags van per la ribera d&#8217;un riu, el qual simbolitza la import\u00e0ncia de la riquesa fluvial per a diverses comarques valencianes. Aix\u00ed mateix, el poblat situat en la part superior pret\u00e9n representar la riquesa natural dels pobles de l&#8217;interior de la nostra terra. Per part seua, la font al costat del naixement fa refer\u00e8ncia a este element tan t\u00edpic de moltes localitats valencianes.<\/p>\n\n\n\n<p class=\"wp-block-paragraph\">En la seq\u00fc\u00e8ncia de l&#8217;Anunciaci\u00f3 als pastors, es poden veure a quatre m\u00fasics, una reivindicaci\u00f3 del fort arrelament que t\u00e9 la cultura musical a la prov\u00edncia de Val\u00e8ncia. Tamb\u00e9 en el lloc de fruites i verdures es poden contemplar productes molt valencians com a mandarines, taronges, caquis o alberg\u00ednies.<\/p>\n\n\n\n<p class=\"wp-block-paragraph\">En la part final se situa el forn de pa en el qual es mostren dol\u00e7os t\u00edpics de diferents comarques, com ara l&#8217;arnad\u00ed de la Costera, l&#8217;Almoix\u00e0vena de X\u00e0tiva, o el panquemao d&#8217;Alberic. Un altre element caracter\u00edstic de molts municipis valencians, en este cas del seu patrimoni, \u00e9s el castell, empla\u00e7at en la part superior d&#8217;este betlem.<\/p>\n\n\n\n<p class=\"wp-block-paragraph\"><strong>Campanya de Nadal<\/strong><\/p>\n\n\n\n<p class=\"wp-block-paragraph\">La Diputaci\u00f3 de Val\u00e8ncia inicia amb el betlem la seua campanya de Nadal, que enguany t\u00e9 com a lema \u2018La llum que mai s&#8217;apaga\u2019, una cridada a il\u00b7luminar Val\u00e8ncia i la seua gent en uns moments tan durs com els que ha viscut la prov\u00edncia.<\/p>\n\n\n\n<p class=\"wp-block-paragraph\">A m\u00e9s del betlem, la instituci\u00f3 ha organitzat nombroses activitats que s&#8217;estendran durant totes les vacacions, com la Pla\u00e7a de Nadal, que s&#8217;obrir\u00e0 el dia 22 de desembre en la mateixa Pla\u00e7a Manises, l&#8217;oficina els Reis Mags d&#8217;Orient des del dia 27, i una gran varietat d&#8217;esdeveniments culturals com el circ de l&#8217;Escalante, els concerts musicals en La Benefic\u00e8ncia, o els tallers dels museus d&#8217;Etnologia i de Prehist\u00f2ria. A m\u00e9s, la Diputaci\u00f3 comptar\u00e0 amb estand en Expojove del 26 de desembre al 4 de gener.&nbsp;<\/p>\n\n\n\n<figure class=\"wp-block-gallery has-nested-images columns-2 is-cropped wp-block-gallery-1 is-layout-flex wp-block-gallery-is-layout-flex\">\n<figure class=\"wp-block-image size-large\"><img loading=\"lazy\" decoding=\"async\" width=\"1024\" height=\"665\" data-id=\"247892\" src=\"https:\/\/www.tucomarca.com\/wordpress\/segunda\/wp-content\/uploads\/2024\/12\/BetlemDiputacio4-1024x665.jpg\" alt=\"\" class=\"wp-image-247892\" srcset=\"https:\/\/tucomarca.whitekongsoftware.com\/wp-content\/uploads\/2024\/12\/BetlemDiputacio4-1024x665.jpg 1024w, https:\/\/tucomarca.whitekongsoftware.com\/wp-content\/uploads\/2024\/12\/BetlemDiputacio4-300x195.jpg 300w, https:\/\/tucomarca.whitekongsoftware.com\/wp-content\/uploads\/2024\/12\/BetlemDiputacio4-768x499.jpg 768w, https:\/\/tucomarca.whitekongsoftware.com\/wp-content\/uploads\/2024\/12\/BetlemDiputacio4-1536x998.jpg 1536w, https:\/\/tucomarca.whitekongsoftware.com\/wp-content\/uploads\/2024\/12\/BetlemDiputacio4-2048x1331.jpg 2048w\" sizes=\"auto, (max-width: 1024px) 100vw, 1024px\" \/><\/figure>\n\n\n\n<figure class=\"wp-block-image size-large\"><img loading=\"lazy\" decoding=\"async\" width=\"1024\" height=\"665\" data-id=\"247890\" src=\"https:\/\/www.tucomarca.com\/wordpress\/segunda\/wp-content\/uploads\/2024\/12\/BetlemDiputacio3-1024x665.jpg\" alt=\"\" class=\"wp-image-247890\" srcset=\"https:\/\/tucomarca.whitekongsoftware.com\/wp-content\/uploads\/2024\/12\/BetlemDiputacio3-1024x665.jpg 1024w, https:\/\/tucomarca.whitekongsoftware.com\/wp-content\/uploads\/2024\/12\/BetlemDiputacio3-300x195.jpg 300w, https:\/\/tucomarca.whitekongsoftware.com\/wp-content\/uploads\/2024\/12\/BetlemDiputacio3-768x499.jpg 768w, https:\/\/tucomarca.whitekongsoftware.com\/wp-content\/uploads\/2024\/12\/BetlemDiputacio3-1536x998.jpg 1536w, https:\/\/tucomarca.whitekongsoftware.com\/wp-content\/uploads\/2024\/12\/BetlemDiputacio3-2048x1331.jpg 2048w\" sizes=\"auto, (max-width: 1024px) 100vw, 1024px\" \/><\/figure>\n\n\n\n<figure class=\"wp-block-image size-large\"><img loading=\"lazy\" decoding=\"async\" width=\"1024\" height=\"665\" data-id=\"247888\" src=\"https:\/\/www.tucomarca.com\/wordpress\/segunda\/wp-content\/uploads\/2024\/12\/BetlemDiputacio2-1024x665.jpg\" alt=\"\" class=\"wp-image-247888\" srcset=\"https:\/\/tucomarca.whitekongsoftware.com\/wp-content\/uploads\/2024\/12\/BetlemDiputacio2-1024x665.jpg 1024w, https:\/\/tucomarca.whitekongsoftware.com\/wp-content\/uploads\/2024\/12\/BetlemDiputacio2-300x195.jpg 300w, https:\/\/tucomarca.whitekongsoftware.com\/wp-content\/uploads\/2024\/12\/BetlemDiputacio2-768x499.jpg 768w, https:\/\/tucomarca.whitekongsoftware.com\/wp-content\/uploads\/2024\/12\/BetlemDiputacio2-1536x998.jpg 1536w, https:\/\/tucomarca.whitekongsoftware.com\/wp-content\/uploads\/2024\/12\/BetlemDiputacio2-2048x1331.jpg 2048w\" sizes=\"auto, (max-width: 1024px) 100vw, 1024px\" \/><\/figure>\n<\/figure>\n","protected":false},"excerpt":{"rendered":"<div class=\"mh-excerpt\">L&#8217;obra realitzada per l&#8217;Associaci\u00f3 de Belenistas de Val\u00e8ncia, que pot visitar-se fins al pr\u00f2xim 5 de gener, al Pati dels Scala de la corporaci\u00f3, ha sigut restaurada despr\u00e9s de patir danys per la riuada. A <a class=\"mh-excerpt-more\" href=\"https:\/\/tucomarca.whitekongsoftware.com\/ca\/la-diputacio-de-valencia-exhibix-el-seu-betlem-monumental-mes-emotiu-amb-homenatge-als-voluntaris-de-la-dana\/\" title=\"La Diputaci\u00f3 de Val\u00e8ncia exhibix el seu betlem monumental m\u00e9s emotiu amb homenatge als voluntaris de la dana\">[+] <\/a><\/div>\n","protected":false},"author":12,"featured_media":247887,"comment_status":"open","ping_status":"open","sticky":false,"template":"","format":"gallery","meta":{"footnotes":""},"categories":[11019,21466,10898,10894,10904,11007,10896],"tags":[21009,15856],"class_list":["post-247895","post","type-post","status-publish","format-gallery","has-post-thumbnail","category-agenda-ca","category-dana-ca","category-ventana-ca","category-la-comarca-ca","category-sin-categorizar-ca","category-ocio-y-cultura-ca","category-seccion-ca","tag-la-diputacio-de-valencia-ca","tag-ocio-y-cultura-ca","post_format-post-format-gallery"],"_links":{"self":[{"href":"https:\/\/tucomarca.whitekongsoftware.com\/ca\/wp-json\/wp\/v2\/posts\/247895","targetHints":{"allow":["GET"]}}],"collection":[{"href":"https:\/\/tucomarca.whitekongsoftware.com\/ca\/wp-json\/wp\/v2\/posts"}],"about":[{"href":"https:\/\/tucomarca.whitekongsoftware.com\/ca\/wp-json\/wp\/v2\/types\/post"}],"author":[{"embeddable":true,"href":"https:\/\/tucomarca.whitekongsoftware.com\/ca\/wp-json\/wp\/v2\/users\/12"}],"replies":[{"embeddable":true,"href":"https:\/\/tucomarca.whitekongsoftware.com\/ca\/wp-json\/wp\/v2\/comments?post=247895"}],"version-history":[{"count":0,"href":"https:\/\/tucomarca.whitekongsoftware.com\/ca\/wp-json\/wp\/v2\/posts\/247895\/revisions"}],"wp:featuredmedia":[{"embeddable":true,"href":"https:\/\/tucomarca.whitekongsoftware.com\/ca\/wp-json\/wp\/v2\/media\/247887"}],"wp:attachment":[{"href":"https:\/\/tucomarca.whitekongsoftware.com\/ca\/wp-json\/wp\/v2\/media?parent=247895"}],"wp:term":[{"taxonomy":"category","embeddable":true,"href":"https:\/\/tucomarca.whitekongsoftware.com\/ca\/wp-json\/wp\/v2\/categories?post=247895"},{"taxonomy":"post_tag","embeddable":true,"href":"https:\/\/tucomarca.whitekongsoftware.com\/ca\/wp-json\/wp\/v2\/tags?post=247895"}],"curies":[{"name":"wp","href":"https:\/\/api.w.org\/{rel}","templated":true}]}}