{"id":247883,"date":"2024-12-14T09:00:00","date_gmt":"2024-12-14T07:00:00","guid":{"rendered":"https:\/\/www.tucomarca.com\/wordpress\/segunda\/?p=247883"},"modified":"2024-12-13T12:32:10","modified_gmt":"2024-12-13T10:32:10","slug":"la-diputacio-de-valencia-promou-lus-del-valencia-amb-nous-stickers-nadalencs-per-a-whatsapp-i-telegram","status":"publish","type":"post","link":"https:\/\/tucomarca.whitekongsoftware.com\/ca\/la-diputacio-de-valencia-promou-lus-del-valencia-amb-nous-stickers-nadalencs-per-a-whatsapp-i-telegram\/","title":{"rendered":"La Diputaci\u00f3 de Val\u00e8ncia promou l&#8217;\u00fas del valenci\u00e0 amb nous stickers nadalencs per a Whatsapp i Telegram"},"content":{"rendered":"\n<p class=\"wp-block-paragraph\"><strong><strong>La col\u00b7lecci\u00f3 \u2018Els adhesius de la Dipu\u2019, impulsada pel departament de foment de la llengua, s&#8217;amplia amb sis nous stickers amb expressions com \u2018Bon Nadal!\u2019, \u2018Bon any!\u2019 o \u2018Et duran carb\u00f3!\u2019<\/strong>\u00a0<\/strong><\/p>\n\n\n\n<p class=\"wp-block-paragraph\">La Diputaci\u00f3 de Val\u00e8ncia ha completat la col\u00b7lecci\u00f3 \u2018Els adhesius de la Dipu\u2019 amb sis stickers nadalencs. Als 20 stickers que es van presentar al setembre s&#8217;han afegit \u2018Bon Nadal\u2019, \u2018Que et deixen moltes coses\u2019, \u2018Bones festes\u2019, \u2018Bon any\u2019, \u2018Et duran carb\u00f3\u2019 i \u2018L\u2019Enhorabona\u2019.<\/p>\n\n\n\n<p class=\"wp-block-paragraph\">El president de la corporaci\u00f3 provincial, Vicent Momp\u00f3, anima a utilitzar estos stickers durant les festes de Nadal: \u201cfelicitar Nadal i l&#8217;any nou o fer refer\u00e8ncia als Reis Mags en la nostra llengua significa a m\u00e9s proximitat, orgull i uni\u00f3\u201d. \u201cEl valenci\u00e0 \u00e9s de tot el poble i volem que forme part del nostre dia a dia tamb\u00e9 en estes festes en les quals els missatges denoten amistat, positivisme o felicitat\u201d explica Momp\u00f3, qui assegura que \u201cfem un pas m\u00e9s en el foment de la llengua en adaptar el valenci\u00e0 a les noves tecnologies per a poder expressar estos sentiments en valenci\u00e0 i arribar a un p\u00fablic m\u00e9s ampli\u201d.&nbsp;<\/p>\n\n\n\n<p class=\"wp-block-paragraph\">En la mateixa l\u00ednia, explica la responsable del departament de Foment de l\u2019\u00das del Valenci\u00e0, Imma Cerd\u00e0, \u201cpretenem facilitar que s&#8217;use el valenci\u00e0 en les converses digitals tamb\u00e9 en una \u00e8poca, la nadalenca, en la qual la missatgeria instant\u00e0nia s&#8217;ompli d&#8217;emoticones\u201d.<\/p>\n\n\n\n<p class=\"wp-block-paragraph\">A m\u00e9s, la col\u00b7lecci\u00f3 \u00e9s una producci\u00f3 valenciana. D&#8217;una banda, l&#8217;estudi de disseny Squid&amp;Pig, d&#8217;Andr\u00e9s Sanchis i Sonia Viu, que ha treballat per a gegants com Google, ha creat les il\u00b7lustracions amb l&#8217;est\u00e8tica Kawaii, que transmet alegria i tendresa. D&#8217;altra banda, l\u2019influencer Apitxat torna a ser l&#8217;encarregat de difondre, a trav\u00e9s d&#8217;una s\u00e8rie de v\u00eddeos curts, les emoticones i adhesius per a promocionar-los en les converses digitals.&nbsp;<\/p>\n\n\n\n<p class=\"wp-block-paragraph\">Les emoticones es poden descarregar des del web <a href=\"https:\/\/www.dival.es\/es\/normalitzacio\/els-adhesius-de-valencia-a-la-dipu\">https:\/\/www.dival.es\/es\/normalitzacio\/els-adhesius-de-valencia-a-la-dipu<\/a> i des de l&#8217;app <a href=\"https:\/\/sticker.ly\/s\/cvhhvm\">https:\/\/sticker.ly\/s\/cvhhvm<\/a><\/p>\n\n\n\n<p class=\"wp-block-paragraph\">Llista completa d&#8217;expressions de la col\u00b7lecci\u00f3:<\/p>\n\n\n\n<ul class=\"wp-block-list\">\n<li>Bon dia tot el dia!<\/li>\n\n\n\n<li>Bona nit, cresol!<\/li>\n\n\n\n<li>Au, cacau!<\/li>\n\n\n\n<li>Per molts anys!<\/li>\n\n\n\n<li>Felicitats!<\/li>\n\n\n\n<li>M\u2019encisa!<\/li>\n\n\n\n<li>Coneixement!<\/li>\n\n\n\n<li>Molta sort!<\/li>\n\n\n\n<li>A espai!<\/li>\n\n\n\n<li>Mel de romer!<\/li>\n\n\n\n<li>Molt d\u2019\u00e0nim!<\/li>\n\n\n\n<li>Bon profit!<\/li>\n\n\n\n<li>Va de bo<\/li>\n\n\n\n<li>Darrere de l\u2019u, el dos<\/li>\n\n\n\n<li>Dem\u00e0, m\u00e9s<\/li>\n\n\n\n<li>Gens ni miqueta<\/li>\n\n\n\n<li>Quina basca!<\/li>\n\n\n\n<li>Moltes gr\u00e0cies!<\/li>\n\n\n\n<li>Quin fred!<\/li>\n\n\n\n<li>Fa dia de Falles!<\/li>\n\n\n\n<li>Bon Nadal!<\/li>\n\n\n\n<li>Bones festes!<\/li>\n\n\n\n<li>Bon any!<\/li>\n\n\n\n<li>Que et deixen moltes coses!<\/li>\n\n\n\n<li>Et duran carb\u00f3!<\/li>\n\n\n\n<li>L\u2019Enhorabona!<\/li>\n<\/ul>\n","protected":false},"excerpt":{"rendered":"<div class=\"mh-excerpt\">La col\u00b7lecci\u00f3 \u2018Els adhesius de la Dipu\u2019, impulsada pel departament de foment de la llengua, s&#8217;amplia amb sis nous stickers amb expressions com \u2018Bon Nadal!\u2019, \u2018Bon any!\u2019 o \u2018Et duran carb\u00f3!\u2019\u00a0 La Diputaci\u00f3 de Val\u00e8ncia <a class=\"mh-excerpt-more\" href=\"https:\/\/tucomarca.whitekongsoftware.com\/ca\/la-diputacio-de-valencia-promou-lus-del-valencia-amb-nous-stickers-nadalencs-per-a-whatsapp-i-telegram\/\" title=\"La Diputaci\u00f3 de Val\u00e8ncia promou l&#8217;\u00fas del valenci\u00e0 amb nous stickers nadalencs per a Whatsapp i Telegram\">[+] <\/a><\/div>\n","protected":false},"author":12,"featured_media":247881,"comment_status":"open","ping_status":"open","sticky":false,"template":"","format":"standard","meta":{"footnotes":""},"categories":[10894,10904,11007,10896],"tags":[21009,15856],"class_list":["post-247883","post","type-post","status-publish","format-standard","has-post-thumbnail","category-la-comarca-ca","category-sin-categorizar-ca","category-ocio-y-cultura-ca","category-seccion-ca","tag-la-diputacio-de-valencia-ca","tag-ocio-y-cultura-ca"],"_links":{"self":[{"href":"https:\/\/tucomarca.whitekongsoftware.com\/ca\/wp-json\/wp\/v2\/posts\/247883","targetHints":{"allow":["GET"]}}],"collection":[{"href":"https:\/\/tucomarca.whitekongsoftware.com\/ca\/wp-json\/wp\/v2\/posts"}],"about":[{"href":"https:\/\/tucomarca.whitekongsoftware.com\/ca\/wp-json\/wp\/v2\/types\/post"}],"author":[{"embeddable":true,"href":"https:\/\/tucomarca.whitekongsoftware.com\/ca\/wp-json\/wp\/v2\/users\/12"}],"replies":[{"embeddable":true,"href":"https:\/\/tucomarca.whitekongsoftware.com\/ca\/wp-json\/wp\/v2\/comments?post=247883"}],"version-history":[{"count":0,"href":"https:\/\/tucomarca.whitekongsoftware.com\/ca\/wp-json\/wp\/v2\/posts\/247883\/revisions"}],"wp:featuredmedia":[{"embeddable":true,"href":"https:\/\/tucomarca.whitekongsoftware.com\/ca\/wp-json\/wp\/v2\/media\/247881"}],"wp:attachment":[{"href":"https:\/\/tucomarca.whitekongsoftware.com\/ca\/wp-json\/wp\/v2\/media?parent=247883"}],"wp:term":[{"taxonomy":"category","embeddable":true,"href":"https:\/\/tucomarca.whitekongsoftware.com\/ca\/wp-json\/wp\/v2\/categories?post=247883"},{"taxonomy":"post_tag","embeddable":true,"href":"https:\/\/tucomarca.whitekongsoftware.com\/ca\/wp-json\/wp\/v2\/tags?post=247883"}],"curies":[{"name":"wp","href":"https:\/\/api.w.org\/{rel}","templated":true}]}}