{"id":247818,"date":"2024-12-11T11:30:00","date_gmt":"2024-12-11T09:30:00","guid":{"rendered":"https:\/\/www.tucomarca.com\/wordpress\/segunda\/?p=247818"},"modified":"2024-12-11T18:59:46","modified_gmt":"2024-12-11T16:59:46","slug":"el-consorci-valencia-interior-fa-costat-a-utiel-i-reparteix-vals-de-compra-gracies-al-programa-el-meu-compte-ambiental","status":"publish","type":"post","link":"https:\/\/tucomarca.whitekongsoftware.com\/ca\/el-consorci-valencia-interior-fa-costat-a-utiel-i-reparteix-vals-de-compra-gracies-al-programa-el-meu-compte-ambiental\/","title":{"rendered":"El Consorci Val\u00e8ncia Interior fa costat a Utiel i reparteix vals de compra gr\u00e0cies al programa El meu Compte Ambiental"},"content":{"rendered":"\n<h3 class=\"wp-block-heading\">Els tiquets es poden canviar en m\u00e9s de 120 comer\u00e7os locals adherits a aquesta campanya.<\/h3>\n\n\n\n<p class=\"wp-block-paragraph\">El Consorci Val\u00e8ncia Interior (CVI) inicia hui 11 de desembre la campanya de Nadal de repartiment de vals de compra del meu Compte Ambiental entre els ve\u00efns i ve\u00efnes d&#8217;Utiel. Enguany es viu de manera especial. El CVI pret\u00e9n fer costat aix\u00ed a la ciutadania i al comer\u00e7 local d&#8217;Utiel amb el record encara recent dels tr\u00e0gics episodis viscuts despr\u00e9s de la DANA. Gr\u00e0cies al programa El meu Compte Ambiental, es pret\u00e9n premiar a la ciutadania que durant l&#8217;any ha depositat adequadament els residus en l&#8217;ecoparc i el ecom\u00f3vil. Amb els vals entregats es podr\u00e0 pagar en m\u00e9s de 120 establiments d&#8217;Utiel adherits a la campanya.&nbsp;<\/p>\n\n\n\n<p class=\"wp-block-paragraph\">El president del CVI, Francisco G\u00f3mez, ha assenyalat que enguany \u201csabem que els ve\u00efns i ve\u00efnes d&#8217;Utiel viuran un nadal diferent i ara m\u00e9s que mai el consorci vol continuar fent costat a la ciutadania i els comer\u00e7os locals\u201d.&nbsp;<\/p>\n\n\n\n<p class=\"wp-block-paragraph\">El procediment \u00e9s el seg\u00fcent: qui haja depositat els seus residus durant l&#8217;any en l&#8217;ecoparc o ecom\u00f3vil del CVI, ha de telefonar al 637588567 i agafar cita pr\u00e8via per a poder arreplegar els vals de compra. El termini de recollida compr\u00e9n des de hui dimecres 11 de desembre fins al 10 de gener en la seu de la Mancomunitat de l&#8217;Interior Terra del Vi, situada al carrer Adarb n\u00famero 5 d&#8217;Utiel. El bescanvi dels vals podr\u00e0 realitzar-se fins al 31 de gener en els m\u00e9s de 120 comer\u00e7os locals adherits a la campanya. En la passada edici\u00f3, el CVI va repartir 14.800 euros i va beneficiar a prop de 1.200 fam\u00edlies que van veure com s&#8217;alleujava la seua economia durant les festes de Nadal amb aquesta iniciativa.<\/p>\n\n\n\n<p class=\"wp-block-paragraph\">Per a informar la ciutadania sobre la recollida de vals s&#8217;han establit tres accions d&#8217;educaci\u00f3 ambiental que es desenvoluparan els matins dels dijous 19 i 26 de desembre i el 2 de gener en la pla\u00e7a de l&#8217;Ajuntament d&#8217;Utiel.&nbsp;<\/p>\n\n\n\n<p class=\"wp-block-paragraph\">Aquesta iniciativa est\u00e0 consolidada i amb ella es pret\u00e9n unir el bon comportament mediambiental amb l&#8217;impuls al comer\u00e7 local gr\u00e0cies a l&#8217;Ag\u00e8ncia de Desenvolupament Local d&#8217;Utiel. I \u00e9s que els comerciants porten anys col\u00b7laborant activament amb aquesta tasca de reconeixement a les persones d&#8217;Utiel que ajuden a aconseguir millors resultats mediambientals en les instal\u00b7lacions del Consorci Val\u00e8ncia Interior.<\/p>\n","protected":false},"excerpt":{"rendered":"<div class=\"mh-excerpt\">Els tiquets es poden canviar en m\u00e9s de 120 comer\u00e7os locals adherits a aquesta campanya. El Consorci Val\u00e8ncia Interior (CVI) inicia hui 11 de desembre la campanya de Nadal de repartiment de vals de compra <a class=\"mh-excerpt-more\" href=\"https:\/\/tucomarca.whitekongsoftware.com\/ca\/el-consorci-valencia-interior-fa-costat-a-utiel-i-reparteix-vals-de-compra-gracies-al-programa-el-meu-compte-ambiental\/\" title=\"El Consorci Val\u00e8ncia Interior fa costat a Utiel i reparteix vals de compra gr\u00e0cies al programa El meu Compte Ambiental\">[+] <\/a><\/div>\n","protected":false},"author":13,"featured_media":247814,"comment_status":"open","ping_status":"open","sticky":false,"template":"","format":"standard","meta":{"footnotes":""},"categories":[21466,10948,10894,10904,10903,11007,10947,10909,10896,10897,11059],"tags":[15409,11199,10910,11174],"class_list":["post-247818","post","type-post","status-publish","format-standard","has-post-thumbnail","category-dana-ca","category-infraestructuras-ca","category-la-comarca-ca","category-sin-categorizar-ca","category-medio-ambiente-la-comarca-ca","category-ocio-y-cultura-ca","category-politica","category-requena-utiel-ca","category-seccion-ca","category-sucesos-la-comarca-ca","category-utiel-ca","tag-dana-2-ca","tag-la-comunitat-ca","tag-requena-utiel-ca","tag-utiel-ca"],"_links":{"self":[{"href":"https:\/\/tucomarca.whitekongsoftware.com\/ca\/wp-json\/wp\/v2\/posts\/247818","targetHints":{"allow":["GET"]}}],"collection":[{"href":"https:\/\/tucomarca.whitekongsoftware.com\/ca\/wp-json\/wp\/v2\/posts"}],"about":[{"href":"https:\/\/tucomarca.whitekongsoftware.com\/ca\/wp-json\/wp\/v2\/types\/post"}],"author":[{"embeddable":true,"href":"https:\/\/tucomarca.whitekongsoftware.com\/ca\/wp-json\/wp\/v2\/users\/13"}],"replies":[{"embeddable":true,"href":"https:\/\/tucomarca.whitekongsoftware.com\/ca\/wp-json\/wp\/v2\/comments?post=247818"}],"version-history":[{"count":0,"href":"https:\/\/tucomarca.whitekongsoftware.com\/ca\/wp-json\/wp\/v2\/posts\/247818\/revisions"}],"wp:featuredmedia":[{"embeddable":true,"href":"https:\/\/tucomarca.whitekongsoftware.com\/ca\/wp-json\/wp\/v2\/media\/247814"}],"wp:attachment":[{"href":"https:\/\/tucomarca.whitekongsoftware.com\/ca\/wp-json\/wp\/v2\/media?parent=247818"}],"wp:term":[{"taxonomy":"category","embeddable":true,"href":"https:\/\/tucomarca.whitekongsoftware.com\/ca\/wp-json\/wp\/v2\/categories?post=247818"},{"taxonomy":"post_tag","embeddable":true,"href":"https:\/\/tucomarca.whitekongsoftware.com\/ca\/wp-json\/wp\/v2\/tags?post=247818"}],"curies":[{"name":"wp","href":"https:\/\/api.w.org\/{rel}","templated":true}]}}