{"id":247815,"date":"2024-12-11T10:00:00","date_gmt":"2024-12-11T08:00:00","guid":{"rendered":"https:\/\/www.tucomarca.com\/wordpress\/segunda\/?p=247815"},"modified":"2024-12-11T18:44:02","modified_gmt":"2024-12-11T16:44:02","slug":"susana-camarero-en-el-feminari-nomes-des-de-la-unitat-politica-i-social-podra-erradicar-se-la-violencia-de-genere","status":"publish","type":"post","link":"https:\/\/tucomarca.whitekongsoftware.com\/ca\/susana-camarero-en-el-feminari-nomes-des-de-la-unitat-politica-i-social-podra-erradicar-se-la-violencia-de-genere\/","title":{"rendered":"Susana Camarero en el Feminari: \u201cNom\u00e9s des de la unitat pol\u00edtica i social podr\u00e0 erradicar-se la viol\u00e8ncia de g\u00e8nere\u201d"},"content":{"rendered":"\n<h3 class=\"wp-block-heading\">La vicepresidenta del Consell i integrant de la comissi\u00f3 mixta que va elaborar la Llei contra la Viol\u00e8ncia de G\u00e8nere posa el focus en \u201cel retroc\u00e9s entre els joves i la necessitat de sensibilitzar, educar i formar en Igualtat\u201d.<\/h3>\n\n\n\n<h3 class=\"wp-block-heading\">La psic\u00f2loga forense i ex diputada Mar\u00eda Escudero fa autocr\u00edtica: \u201cNo hem desenvolupat la Llei d&#8217;Igualtat i ens varem equivocar en el nom de la Llei contra la Viol\u00e8ncia de G\u00e8nere; degu\u00e9 ser Viol\u00e8ncia Masclista\u201d.<\/h3>\n\n\n\n<p class=\"wp-block-paragraph\">La primera taula de debat del Feminari de la Diputaci\u00f3 de Val\u00e8ncia, centrat en la seua setena edici\u00f3 en els or\u00edgens i reptes de la Llei contra la Viol\u00e8ncia de G\u00e8nere que complix 20 anys, ha tingut com a protagonistes a Susana Camarero, vicepresidenta del Consell i integrant de la comissi\u00f3 mixta que va elaborar la llei, i la psic\u00f2loga forense Mar\u00eda Escudero, diputada nacional en la setena legislatura. \u201cNom\u00e9s des de la unitat pol\u00edtica i social podr\u00e0 erradicar-se la viol\u00e8ncia de g\u00e8nere\u201d, ha insistit durant la seua intervenci\u00f3 Susana Camarero.<\/p>\n\n\n\n<p class=\"wp-block-paragraph\">La vicepresidenta de la Generalitat i responsable de Servicis Socials i Igualtat va comen\u00e7ar la seua intervenci\u00f3 lamentant \u201cel retroc\u00e9s entre els nostres joves, la qual cosa ens planteja la necessitat de refor\u00e7ar la sensibilitzaci\u00f3, educaci\u00f3 i formaci\u00f3 en la Igualtat per a frenar les relacions t\u00f2xiques i el mal \u00fas de les xarxes socials\u201d. En opini\u00f3 de Susana Camarero, \u201chem de rec\u00f3rrer a l&#8217;esperit de 2004 i 2007 per a fer front als negacionistes, sumant tots els esfor\u00e7os pol\u00edtics al costat del treball dels col\u00b7lectius feministes\u201d. \u201cCada v\u00edctima que ha demanat ajuda i acaba assassinada \u00e9s un frac\u00e0s de totes les administracions\u201d, afirma la vicepresidenta.<\/p>\n\n\n\n<p class=\"wp-block-paragraph\">Tamb\u00e9 ha fet autocr\u00edtica durant la seua intervenci\u00f3 en el debat sobre els or\u00edgens de la llei la psic\u00f2loga forense i ex diputada nacional Mar\u00eda Escudero. \u201cEns varem equivocar amb el nom que li vam posar. No degu\u00e9rem renunciar al fet que es batejara com a Llei contra la Viol\u00e8ncia Masclista, ja que la denominaci\u00f3 oficial porta a confondre el g\u00e8nere amb el sexe\u201d. Escudero, diputada en el Congr\u00e9s durant la setena legislatura, ha lamentat igualment \u201cla falta de desenvolupament de la Llei d&#8217;Igualtat\u201d i t\u00e9 molt clar que el problema de la viol\u00e8ncia exercida contra la dona \u201c\u00e9s estructural, i si no ho entenem aix\u00ed mai acabarem amb ella\u201d.<\/p>\n\n\n\n<figure class=\"wp-block-gallery has-nested-images columns-default is-cropped wp-block-gallery-1 is-layout-flex wp-block-gallery-is-layout-flex\">\n<figure class=\"wp-block-image size-large\"><img loading=\"lazy\" decoding=\"async\" width=\"1024\" height=\"665\" data-id=\"247806\" src=\"https:\/\/www.tucomarca.com\/wordpress\/segunda\/wp-content\/uploads\/2024\/12\/FeminarioCamarero2-1024x665.jpg\" alt=\"\" class=\"wp-image-247806\" srcset=\"https:\/\/tucomarca.whitekongsoftware.com\/wp-content\/uploads\/2024\/12\/FeminarioCamarero2-1024x665.jpg 1024w, https:\/\/tucomarca.whitekongsoftware.com\/wp-content\/uploads\/2024\/12\/FeminarioCamarero2-300x195.jpg 300w, https:\/\/tucomarca.whitekongsoftware.com\/wp-content\/uploads\/2024\/12\/FeminarioCamarero2-768x499.jpg 768w, https:\/\/tucomarca.whitekongsoftware.com\/wp-content\/uploads\/2024\/12\/FeminarioCamarero2-1536x998.jpg 1536w, https:\/\/tucomarca.whitekongsoftware.com\/wp-content\/uploads\/2024\/12\/FeminarioCamarero2-2048x1331.jpg 2048w\" sizes=\"auto, (max-width: 1024px) 100vw, 1024px\" \/><\/figure>\n\n\n\n<figure class=\"wp-block-image size-large\"><img loading=\"lazy\" decoding=\"async\" width=\"1024\" height=\"665\" data-id=\"247808\" src=\"https:\/\/www.tucomarca.com\/wordpress\/segunda\/wp-content\/uploads\/2024\/12\/FeminarioCamarero3-1024x665.jpg\" alt=\"\" class=\"wp-image-247808\" srcset=\"https:\/\/tucomarca.whitekongsoftware.com\/wp-content\/uploads\/2024\/12\/FeminarioCamarero3-1024x665.jpg 1024w, https:\/\/tucomarca.whitekongsoftware.com\/wp-content\/uploads\/2024\/12\/FeminarioCamarero3-300x195.jpg 300w, https:\/\/tucomarca.whitekongsoftware.com\/wp-content\/uploads\/2024\/12\/FeminarioCamarero3-768x499.jpg 768w, https:\/\/tucomarca.whitekongsoftware.com\/wp-content\/uploads\/2024\/12\/FeminarioCamarero3-1536x998.jpg 1536w, https:\/\/tucomarca.whitekongsoftware.com\/wp-content\/uploads\/2024\/12\/FeminarioCamarero3-2048x1331.jpg 2048w\" sizes=\"auto, (max-width: 1024px) 100vw, 1024px\" \/><\/figure>\n<\/figure>\n\n\n\n<p class=\"wp-block-paragraph\">Susana Camarero i Mar\u00eda Escudero destaquen igualment els avan\u00e7os que ha suposat el marc normatiu aprovat entre 2004 i 2007. \u201cS\u00f3n evidents els progressos d&#8217;unes lleis que han millorat la vida a moltes dones amb discapacitat, joves o que habiten el medi rural, aix\u00ed com la protecci\u00f3 d&#8217;aquelles que patixen diferents tipus de viol\u00e8ncies nom\u00e9s pel fet de ser dones\u201d, apunta la vicepresidenta del Consell.<\/p>\n\n\n\n<p class=\"wp-block-paragraph\">Per part seua, Mar\u00eda Escudero recorda \u201cla situaci\u00f3 de la qual ven\u00edem, amb m\u00e9s de cent dones assassinades cada any i una forta oposici\u00f3 a donar una resposta normativa en clau judicial. Va ser probablement la llei m\u00e9s recorreguda de la hist\u00f2ria del pa\u00eds amb 200 recursos davant el Tribunal Constitucional\u201d, recorda l&#8217;ex diputada, qui ha acabat posant en valor el treball i la fermesa del col\u00b7lectiu feminista: \u201cnosaltres ten\u00edem el convenciment\u201d.<\/p>\n\n\n\n<p class=\"wp-block-paragraph\">El Feminari culminar\u00e0 este dimarts amb una segona jornada que s&#8217;obrir\u00e0 amb l&#8217;homenatge a Ana Orantes, la dona que va denunciar en un plat\u00f3 de televisi\u00f3 al seu ex marit i va perdre la vida a les seues mans dies despr\u00e9s. El cruel assassinat es va produir en 1997 i va marcar un abans i un despr\u00e9s en la concepci\u00f3 de la viol\u00e8ncia contra les dones com una q\u00fcesti\u00f3 p\u00fablica i no dom\u00e8stica, un problema de tota la societat. L&#8217;experta en pol\u00edtiques d&#8217;Igualtat Soledad Murillo parlar\u00e0 dels reptes d&#8217;una llei que, despr\u00e9s de dos d\u00e8cades, necessita un nou impuls.<\/p>\n","protected":false},"excerpt":{"rendered":"<div class=\"mh-excerpt\">La vicepresidenta del Consell i integrant de la comissi\u00f3 mixta que va elaborar la Llei contra la Viol\u00e8ncia de G\u00e8nere posa el focus en \u201cel retroc\u00e9s entre els joves i la necessitat de sensibilitzar, educar <a class=\"mh-excerpt-more\" href=\"https:\/\/tucomarca.whitekongsoftware.com\/ca\/susana-camarero-en-el-feminari-nomes-des-de-la-unitat-politica-i-social-podra-erradicar-se-la-violencia-de-genere\/\" title=\"Susana Camarero en el Feminari: \u201cNom\u00e9s des de la unitat pol\u00edtica i social podr\u00e0 erradicar-se la viol\u00e8ncia de g\u00e8nere\u201d\">[+] <\/a><\/div>\n","protected":false},"author":1,"featured_media":247805,"comment_status":"open","ping_status":"open","sticky":false,"template":"","format":"gallery","meta":{"footnotes":""},"categories":[20541,10898,10948,10894,10904,20456,10947,10896,10897],"tags":[11246,21677,11199,20404],"class_list":["post-247815","post","type-post","status-publish","format-gallery","has-post-thumbnail","category-igualtat-i-diversitat","category-ventana-ca","category-infraestructuras-ca","category-la-comarca-ca","category-sin-categorizar-ca","category-la-diputacio-de-valencia-informa-ca","category-politica","category-seccion-ca","category-sucesos-la-comarca-ca","tag-diputacio-de-valencia-ca","tag-feminario-ca","tag-la-comunitat-ca","tag-natalia-enguix-2-ca","post_format-post-format-gallery"],"_links":{"self":[{"href":"https:\/\/tucomarca.whitekongsoftware.com\/ca\/wp-json\/wp\/v2\/posts\/247815","targetHints":{"allow":["GET"]}}],"collection":[{"href":"https:\/\/tucomarca.whitekongsoftware.com\/ca\/wp-json\/wp\/v2\/posts"}],"about":[{"href":"https:\/\/tucomarca.whitekongsoftware.com\/ca\/wp-json\/wp\/v2\/types\/post"}],"author":[{"embeddable":true,"href":"https:\/\/tucomarca.whitekongsoftware.com\/ca\/wp-json\/wp\/v2\/users\/1"}],"replies":[{"embeddable":true,"href":"https:\/\/tucomarca.whitekongsoftware.com\/ca\/wp-json\/wp\/v2\/comments?post=247815"}],"version-history":[{"count":0,"href":"https:\/\/tucomarca.whitekongsoftware.com\/ca\/wp-json\/wp\/v2\/posts\/247815\/revisions"}],"wp:featuredmedia":[{"embeddable":true,"href":"https:\/\/tucomarca.whitekongsoftware.com\/ca\/wp-json\/wp\/v2\/media\/247805"}],"wp:attachment":[{"href":"https:\/\/tucomarca.whitekongsoftware.com\/ca\/wp-json\/wp\/v2\/media?parent=247815"}],"wp:term":[{"taxonomy":"category","embeddable":true,"href":"https:\/\/tucomarca.whitekongsoftware.com\/ca\/wp-json\/wp\/v2\/categories?post=247815"},{"taxonomy":"post_tag","embeddable":true,"href":"https:\/\/tucomarca.whitekongsoftware.com\/ca\/wp-json\/wp\/v2\/tags?post=247815"}],"curies":[{"name":"wp","href":"https:\/\/api.w.org\/{rel}","templated":true}]}}