{"id":247583,"date":"2024-12-10T11:00:00","date_gmt":"2024-12-10T09:00:00","guid":{"rendered":"https:\/\/www.tucomarca.com\/wordpress\/segunda\/?p=247583"},"modified":"2024-12-10T22:11:11","modified_gmt":"2024-12-10T20:11:11","slug":"benaguasil-dona-inici-a-nadal-amb-lencesa-de-les-llums","status":"publish","type":"post","link":"https:\/\/tucomarca.whitekongsoftware.com\/ca\/benaguasil-dona-inici-a-nadal-amb-lencesa-de-les-llums\/","title":{"rendered":"Benaguasil dona inici a Nadal amb l&#8217;encesa de les llums"},"content":{"rendered":"\n<h3 class=\"wp-block-heading\">Les falleres majors i el fester major van ser els encarregats de pr\u00e9mer el bot\u00f3 que va encendre la tradicional il\u00b7luminaci\u00f3 de Nadal.<\/h3>\n\n\n\n<h3 class=\"wp-block-heading\">L&#8217;encesa dona pas a una programaci\u00f3 repleta d&#8217;activitats dirigides especialment als m\u00e9s xicotets.<\/h3>\n\n\n\n<p class=\"wp-block-paragraph\">Benaguasil ha donat el tret d&#8217;eixida a la temporada nadalenca aquest cap de setmana amb l&#8217;encesa oficial de les llums de Nadal. Les falleres majors de Benaguasil amb les seues corts d&#8217;honor i, el fester major de Sant Llu\u00eds Gonzaga van ser els encarregats de pr\u00e9mer el bot\u00f3 de l&#8217;arbre de 21 metres instal\u00b7lat en l&#8217;Avinguda de Montiel.<\/p>\n\n\n\n<p class=\"wp-block-paragraph\">Tamb\u00e9 es va encendre l&#8217;arbre d&#8217;11 metres instal\u00b7lats en la pla\u00e7a del Santuari de Montiel.<\/p>\n\n\n\n<p class=\"wp-block-paragraph\">L&#8217;alcalde, Ximo Segarra, acompanyat de la regidora de Festes, Ana Aleixandre, van ser els encarregats de presidir l&#8217;acte d&#8217;encesa, en el qual tamb\u00e9 van ser presents els J\u00faniors interpretant nadales en directe i donant-li un toc d&#8217;il\u00b7lusi\u00f3 a aquestes dates tan marcades per l&#8217;esperit de les festes.<\/p>\n\n\n\n<p class=\"wp-block-paragraph\"><strong>Ventall d&#8217;activitats<\/strong><\/p>\n\n\n\n<p class=\"wp-block-paragraph\">L&#8217;encesa de les llums suposa el punt de partida d&#8217;una variada programaci\u00f3 que buscar\u00e0 omplir d&#8217;activitat els carrers de Benaguasil. En l&#8217;\u00e0mbit festiu els dies 21 i 22 de desembre la Pla\u00e7a Major acollir\u00e0 el mercat nadalenc.<\/p>\n\n\n\n<p class=\"wp-block-paragraph\">Els dies 13 i 14 de desembre en horari de vesprada ser\u00e0 el torn del taller de targetes nadalenques a la Biblioteca i d&#8217;activitats infantils en l&#8217;Avinguda de Montiel, mentre que el 22 de desembre hi ha previst teatre a l&#8217;Auditori de la Uni\u00f3 Musical.<\/p>\n\n\n\n<p class=\"wp-block-paragraph\">Els m\u00e9s xicotets tamb\u00e9 tenen el seu espai de diversi\u00f3 amb el lliurament de cartes a Papa Noel el 23 de desembre, i tamb\u00e9 per a ells s&#8217;han preparat per al dia 28 de desembre activitats infantils i minidisco i per al 31 una tardevieja infantil perqu\u00e8 puguen acomiadar l&#8217;any amb campanades, cotill\u00f3, el 12 ra\u00efm de la sort i espectacle infantil amb personatges, jocs i m\u00e9s sorpreses.<\/p>\n\n\n\n<p class=\"wp-block-paragraph\">Tamb\u00e9 els adults podran acomiadar l&#8217;any en la festa de nit de cap d&#8217;any preparada en la Pla\u00e7a a partir de les 23h i que comptar\u00e0 amb la m\u00fasica i animaci\u00f3 de Jose Coll i Salva Plaus.<\/p>\n\n\n\n<p class=\"wp-block-paragraph\">Uns altres dels actes programats s\u00f3n la carrera Sant Silvestre el dia 29 de desembre, el lliurament de cartes als patges dels Reis Mags els dies 3 i 4 de gener i la cavalcada de Reis el dia 5 de gener.<\/p>\n\n\n\n<figure class=\"wp-block-gallery has-nested-images columns-1 is-cropped wp-block-gallery-1 is-layout-flex wp-block-gallery-is-layout-flex\">\n<figure class=\"wp-block-image size-large\"><img loading=\"lazy\" decoding=\"async\" width=\"1024\" height=\"768\" data-id=\"247579\" src=\"https:\/\/www.tucomarca.com\/wordpress\/segunda\/wp-content\/uploads\/2024\/12\/BenaguasilEncendido03-1024x768.jpg\" alt=\"\" class=\"wp-image-247579\" srcset=\"https:\/\/tucomarca.whitekongsoftware.com\/wp-content\/uploads\/2024\/12\/BenaguasilEncendido03-1024x768.jpg 1024w, https:\/\/tucomarca.whitekongsoftware.com\/wp-content\/uploads\/2024\/12\/BenaguasilEncendido03-300x225.jpg 300w, https:\/\/tucomarca.whitekongsoftware.com\/wp-content\/uploads\/2024\/12\/BenaguasilEncendido03-768x576.jpg 768w, https:\/\/tucomarca.whitekongsoftware.com\/wp-content\/uploads\/2024\/12\/BenaguasilEncendido03-1536x1152.jpg 1536w, https:\/\/tucomarca.whitekongsoftware.com\/wp-content\/uploads\/2024\/12\/BenaguasilEncendido03-678x509.jpg 678w, https:\/\/tucomarca.whitekongsoftware.com\/wp-content\/uploads\/2024\/12\/BenaguasilEncendido03-326x245.jpg 326w, https:\/\/tucomarca.whitekongsoftware.com\/wp-content\/uploads\/2024\/12\/BenaguasilEncendido03-80x60.jpg 80w, https:\/\/tucomarca.whitekongsoftware.com\/wp-content\/uploads\/2024\/12\/BenaguasilEncendido03.jpg 1600w\" sizes=\"auto, (max-width: 1024px) 100vw, 1024px\" \/><\/figure>\n\n\n\n<figure class=\"wp-block-image size-large\"><img loading=\"lazy\" decoding=\"async\" width=\"768\" height=\"1024\" data-id=\"247577\" src=\"https:\/\/www.tucomarca.com\/wordpress\/segunda\/wp-content\/uploads\/2024\/12\/BenaguasilEncendido02-768x1024.jpg\" alt=\"\" class=\"wp-image-247577\" srcset=\"https:\/\/tucomarca.whitekongsoftware.com\/wp-content\/uploads\/2024\/12\/BenaguasilEncendido02-768x1024.jpg 768w, https:\/\/tucomarca.whitekongsoftware.com\/wp-content\/uploads\/2024\/12\/BenaguasilEncendido02-225x300.jpg 225w, https:\/\/tucomarca.whitekongsoftware.com\/wp-content\/uploads\/2024\/12\/BenaguasilEncendido02-1152x1536.jpg 1152w, https:\/\/tucomarca.whitekongsoftware.com\/wp-content\/uploads\/2024\/12\/BenaguasilEncendido02.jpg 1200w\" sizes=\"auto, (max-width: 768px) 100vw, 768px\" \/><\/figure>\n<\/figure>\n","protected":false},"excerpt":{"rendered":"<div class=\"mh-excerpt\">Les falleres majors i el fester major van ser els encarregats de pr\u00e9mer el bot\u00f3 que va encendre la tradicional il\u00b7luminaci\u00f3 de Nadal. L&#8217;encesa dona pas a una programaci\u00f3 repleta d&#8217;activitats dirigides especialment als m\u00e9s <a class=\"mh-excerpt-more\" href=\"https:\/\/tucomarca.whitekongsoftware.com\/ca\/benaguasil-dona-inici-a-nadal-amb-lencesa-de-les-llums\/\" title=\"Benaguasil dona inici a Nadal amb l&#8217;encesa de les llums\">[+] <\/a><\/div>\n","protected":false},"author":13,"featured_media":247576,"comment_status":"open","ping_status":"open","sticky":false,"template":"","format":"gallery","meta":{"footnotes":""},"categories":[10952,10892,10894,11007,10896],"tags":[11136,10899,11906,15856],"class_list":["post-247583","post","type-post","status-publish","format-gallery","has-post-thumbnail","category-benaguasil-ca","category-camp-de-turia-ca","category-la-comarca-ca","category-ocio-y-cultura-ca","category-seccion-ca","tag-benaguasil-ca","tag-camp-de-turia-ca","tag-navidad-ca","tag-ocio-y-cultura-ca","post_format-post-format-gallery"],"_links":{"self":[{"href":"https:\/\/tucomarca.whitekongsoftware.com\/ca\/wp-json\/wp\/v2\/posts\/247583","targetHints":{"allow":["GET"]}}],"collection":[{"href":"https:\/\/tucomarca.whitekongsoftware.com\/ca\/wp-json\/wp\/v2\/posts"}],"about":[{"href":"https:\/\/tucomarca.whitekongsoftware.com\/ca\/wp-json\/wp\/v2\/types\/post"}],"author":[{"embeddable":true,"href":"https:\/\/tucomarca.whitekongsoftware.com\/ca\/wp-json\/wp\/v2\/users\/13"}],"replies":[{"embeddable":true,"href":"https:\/\/tucomarca.whitekongsoftware.com\/ca\/wp-json\/wp\/v2\/comments?post=247583"}],"version-history":[{"count":0,"href":"https:\/\/tucomarca.whitekongsoftware.com\/ca\/wp-json\/wp\/v2\/posts\/247583\/revisions"}],"wp:featuredmedia":[{"embeddable":true,"href":"https:\/\/tucomarca.whitekongsoftware.com\/ca\/wp-json\/wp\/v2\/media\/247576"}],"wp:attachment":[{"href":"https:\/\/tucomarca.whitekongsoftware.com\/ca\/wp-json\/wp\/v2\/media?parent=247583"}],"wp:term":[{"taxonomy":"category","embeddable":true,"href":"https:\/\/tucomarca.whitekongsoftware.com\/ca\/wp-json\/wp\/v2\/categories?post=247583"},{"taxonomy":"post_tag","embeddable":true,"href":"https:\/\/tucomarca.whitekongsoftware.com\/ca\/wp-json\/wp\/v2\/tags?post=247583"}],"curies":[{"name":"wp","href":"https:\/\/api.w.org\/{rel}","templated":true}]}}