{"id":247341,"date":"2024-12-06T12:00:00","date_gmt":"2024-12-06T10:00:00","guid":{"rendered":"https:\/\/www.tucomarca.com\/wordpress\/segunda\/?p=247341"},"modified":"2024-12-07T09:41:50","modified_gmt":"2024-12-07T07:41:50","slug":"susana-camarero-i-soledad-murillo-analitzen-en-el-feminari-lorigen-i-els-reptes-de-la-llei-contra-la-violencia-de-genere","status":"publish","type":"post","link":"https:\/\/tucomarca.whitekongsoftware.com\/ca\/susana-camarero-i-soledad-murillo-analitzen-en-el-feminari-lorigen-i-els-reptes-de-la-llei-contra-la-violencia-de-genere\/","title":{"rendered":"Susana Camarero i Soledad Murillo analitzen en el Feminari l&#8217;origen i els reptes de la Llei contra la Viol\u00e8ncia de G\u00e8nere"},"content":{"rendered":"\n<h3 class=\"wp-block-heading\">La vicepresidenta del Consell, integrant de la comissi\u00f3 mixta que va elaborar la llei fa 20 anys, i l&#8217;experta en pol\u00edtiques d&#8217;Igualtat participen en el congr\u00e9s feminista de la Diputaci\u00f3 que obrir\u00e0 el dilluns Nat\u00e0lia Enguix.<\/h3>\n\n\n\n<h3 class=\"wp-block-heading\">Enguix considera que \u00e9s \u201cun moment delicat i oport\u00fa alhora per a reflexionar sobre la protecci\u00f3 de les v\u00edctimes, tenint en compte les assignatures pendents de la llei estatal i el context de crisi post Dana\u201d.<\/h3>\n\n\n\n<p class=\"wp-block-paragraph\">La Llei org\u00e0nica de Mesures de Protecci\u00f3 Integral contra la Viol\u00e8ncia de G\u00e8nere va ser una llei pionera a Europa que va veure la llum el 28 de desembre de 2004. Vint anys despr\u00e9s, la Diputaci\u00f3 de Val\u00e8ncia commemora en el seu set\u00e9 Feminari l&#8217;aprovaci\u00f3 del text que va recon\u00e9ixer la viol\u00e8ncia exercida contra les dones com un greu problema de la societat i va impulsar la modificaci\u00f3 del Codi Penal per a fer front a la xacra. Susana Camarero, vicepresidenta del Consell i integrant de la comissi\u00f3 mixta que va elaborar la llei, i Soledad Murillo, experta en pol\u00edtiques d&#8217;Igualtat, seran dos de les ponents que abordaran l&#8217;origen i els reptes de la llei en el congr\u00e9s feminista de la Diputaci\u00f3.<\/p>\n\n\n\n<p class=\"wp-block-paragraph\">En paraules de la vicepresidenta primera i responsable d&#8217;Igualtat de la Diputaci\u00f3, Nat\u00e0lia Enguix, que obrir\u00e0 el Feminari el dilluns en el teatre La Rambleta, \u201c\u00e9s innegable que s&#8217;ha aconseguit molt arran de l&#8217;entrada en vigor de la llei, com el sistema VioG\u00e9n, la Fiscalia per a delictes espec\u00edfics de viol\u00e8ncia contra la dona, recursos assistencials i ajudes econ\u00f2miques, aix\u00ed com l&#8217;atenci\u00f3 psicol\u00f2gica i la formaci\u00f3\u201d, per\u00f2 tamb\u00e9 \u00e9s cert que \u201cexistixen reptes pendents, com contemplar les viol\u00e8ncies m\u00e9s enll\u00e0 de les relacions de parella i ex parella; ampliar la protecci\u00f3 a les dones i als seus fills i filles; i dotar de m\u00e9s recursos residencials i laborals a les v\u00edctimes\u201d.<\/p>\n\n\n\n<figure class=\"wp-block-gallery has-nested-images columns-default is-cropped wp-block-gallery-1 is-layout-flex wp-block-gallery-is-layout-flex\">\n<figure class=\"wp-block-image size-large\"><img loading=\"lazy\" decoding=\"async\" width=\"478\" height=\"814\" data-id=\"247338\" src=\"https:\/\/www.tucomarca.com\/wordpress\/segunda\/wp-content\/uploads\/2024\/12\/SusanaCamarero.jpg\" alt=\"\" class=\"wp-image-247338\" srcset=\"https:\/\/tucomarca.whitekongsoftware.com\/wp-content\/uploads\/2024\/12\/SusanaCamarero.jpg 478w, https:\/\/tucomarca.whitekongsoftware.com\/wp-content\/uploads\/2024\/12\/SusanaCamarero-176x300.jpg 176w\" sizes=\"auto, (max-width: 478px) 100vw, 478px\" \/><\/figure>\n\n\n\n<figure class=\"wp-block-image size-large\"><img loading=\"lazy\" decoding=\"async\" width=\"264\" height=\"319\" data-id=\"247336\" src=\"https:\/\/www.tucomarca.com\/wordpress\/segunda\/wp-content\/uploads\/2024\/12\/SoledadMurillo.jpg\" alt=\"\" class=\"wp-image-247336\" srcset=\"https:\/\/tucomarca.whitekongsoftware.com\/wp-content\/uploads\/2024\/12\/SoledadMurillo.jpg 264w, https:\/\/tucomarca.whitekongsoftware.com\/wp-content\/uploads\/2024\/12\/SoledadMurillo-248x300.jpg 248w\" sizes=\"auto, (max-width: 264px) 100vw, 264px\" \/><\/figure>\n<\/figure>\n\n\n\n<p class=\"wp-block-paragraph\">D&#8217;eixos reptes parlaran Susana Camarero, llicenciada en Dret, diputada i senadora amb \u00e0mplia experi\u00e8ncia en la pol\u00edtica social i la igualtat d&#8217;oportunitats entre dones i homes; Soledad Murillo, professora de Sociologia i Pol\u00edtiques P\u00fabliques de la Universitat de Salamanca des de 1993, ex integrant del comit\u00e9 antidiscriminaci\u00f3 de la Dona de Nacions Unides, i ex secretaria estatal de Pol\u00edtiques d&#8217;Igualtat, amb participaci\u00f3 en la Llei contra la Viol\u00e8ncia de G\u00e8nere i la Llei d&#8217;Igualtat efectiva entre Dones i Homes; la psic\u00f2loga forense Mar\u00eda Escudero; Margarita Ur\u00eda, ponent de la Llei d&#8217;Igualtat en el Congr\u00e9s; Rosa Mar\u00eda Guiralt, fiscal delegada de Viol\u00e8ncia sobre la Dona; l&#8217;inspector del Grup Gama de la Policia Local de Val\u00e8ncia Jos\u00e9 Luis Diego; i la catedr\u00e0tica de Dret Administratiu Beatriz Belando.<\/p>\n\n\n\n<p class=\"wp-block-paragraph\"><strong>Context de crisi<\/strong><\/p>\n\n\n\n<p class=\"wp-block-paragraph\">La vicepresidenta Enguix va destacar durant la presentaci\u00f3 del congr\u00e9s que \u201cestem vivint una situaci\u00f3 dram\u00e0tica amb les conseq\u00fc\u00e8ncies de la Dana; \u00e9s un moment delicat per\u00f2 tamb\u00e9 oport\u00fa per a reflexionar sobre la protecci\u00f3 de les v\u00edctimes, que en situacions extraordin\u00e0ries com va ser la pand\u00e8mia i ara esta riu\u00e0 es convertixen encara m\u00e9s en el focus de la viol\u00e8ncia a causa de l&#8217;estr\u00e9s dels agressors\u201d.<\/p>\n\n\n\n<p class=\"wp-block-paragraph\">Enguix agra\u00efx a les ponents la seua participaci\u00f3 en el congr\u00e9s \u201cmalgrat la dificultat del moment i el canvi de dates que vam haver de fer per la Dana\u201d. \u201cEns trobem en ple proc\u00e9s de reconstrucci\u00f3 per a recuperar una certa normalitat, per\u00f2 aix\u00f2 portar\u00e0 el seu temps i hi ha determinats temes, com el de la viol\u00e8ncia exercida contra les dones, que no podem apartar de les agendes\u201d, assenyala la vicepresidenta, qui ha apuntat que \u201ctots els delictes baixen excepte la viol\u00e8ncia exercida contra la dona, i una de les explicacions \u00e9s que esta xacra s&#8217;agreuja en situacions de crisi\u201d.<\/p>\n\n\n\n<p class=\"wp-block-paragraph\"><strong>Homenatge a Ana Orantes<\/strong><\/p>\n\n\n\n<p class=\"wp-block-paragraph\">El VII Feminari de la Diputaci\u00f3 se celebrar\u00e0 el dilluns i el dimarts en el teatre La Rambleta, en jornades matinals. La mateixa Nat\u00e0lia Enguix inaugurar\u00e0 el congr\u00e9s feminista el dilluns a les 10.00 hores, donant pas a la confer\u00e8ncia de Mar\u00eda Dur\u00e1n sobre els 20 anys de la Llei contra la Viol\u00e8ncia de G\u00e8nere, i participar\u00e0 en l&#8217;homenatge a Ana Orantes el dimarts a la mateixa hora. Raquel Orantes assistir\u00e0 a l&#8217;acte en honor de la seua mare, la dona que denunciant les agressions del seu ex marit en un plat\u00f3 de televisi\u00f3 va visibilitzar la xacra social de la viol\u00e8ncia masclista i va impulsar l&#8217;acci\u00f3 pol\u00edtica i judicial per a combatre-la, despr\u00e9s del seu terrible assassinat a les mans d&#8217;aquell. El Feminari pot seguir-se presencialment inscrivint-se en https:\/\/www.feminariovalencia.es\/detalles-y-registro\/feminario-valencia-2024, i en streaming a trav\u00e9s del canal Youtube de la Diputaci\u00f3: https:\/\/www.youtube.com\/@diputacionvalencia.<\/p>\n","protected":false},"excerpt":{"rendered":"<div class=\"mh-excerpt\">La vicepresidenta del Consell, integrant de la comissi\u00f3 mixta que va elaborar la llei fa 20 anys, i l&#8217;experta en pol\u00edtiques d&#8217;Igualtat participen en el congr\u00e9s feminista de la Diputaci\u00f3 que obrir\u00e0 el dilluns Nat\u00e0lia <a class=\"mh-excerpt-more\" href=\"https:\/\/tucomarca.whitekongsoftware.com\/ca\/susana-camarero-i-soledad-murillo-analitzen-en-el-feminari-lorigen-i-els-reptes-de-la-llei-contra-la-violencia-de-genere\/\" title=\"Susana Camarero i Soledad Murillo analitzen en el Feminari l&#8217;origen i els reptes de la Llei contra la Viol\u00e8ncia de G\u00e8nere\">[+] <\/a><\/div>\n","protected":false},"author":12,"featured_media":247335,"comment_status":"open","ping_status":"open","sticky":false,"template":"","format":"standard","meta":{"footnotes":""},"categories":[20541,10898,10948,10894,10904,20456,10947,10896],"tags":[11246,20809,21677,20262,21678,21391,11629],"class_list":["post-247341","post","type-post","status-publish","format-standard","has-post-thumbnail","category-igualtat-i-diversitat","category-ventana-ca","category-infraestructuras-ca","category-la-comarca-ca","category-sin-categorizar-ca","category-la-diputacio-de-valencia-informa-ca","category-politica","category-seccion-ca","tag-diputacio-de-valencia-ca","tag-diversidad-e-igualdad-ca","tag-feminario-ca","tag-natalia-enguix-ca","tag-soledad-murillo-ca","tag-susana-camarero-ca","tag-violencia-de-genero-ca"],"_links":{"self":[{"href":"https:\/\/tucomarca.whitekongsoftware.com\/ca\/wp-json\/wp\/v2\/posts\/247341","targetHints":{"allow":["GET"]}}],"collection":[{"href":"https:\/\/tucomarca.whitekongsoftware.com\/ca\/wp-json\/wp\/v2\/posts"}],"about":[{"href":"https:\/\/tucomarca.whitekongsoftware.com\/ca\/wp-json\/wp\/v2\/types\/post"}],"author":[{"embeddable":true,"href":"https:\/\/tucomarca.whitekongsoftware.com\/ca\/wp-json\/wp\/v2\/users\/12"}],"replies":[{"embeddable":true,"href":"https:\/\/tucomarca.whitekongsoftware.com\/ca\/wp-json\/wp\/v2\/comments?post=247341"}],"version-history":[{"count":0,"href":"https:\/\/tucomarca.whitekongsoftware.com\/ca\/wp-json\/wp\/v2\/posts\/247341\/revisions"}],"wp:featuredmedia":[{"embeddable":true,"href":"https:\/\/tucomarca.whitekongsoftware.com\/ca\/wp-json\/wp\/v2\/media\/247335"}],"wp:attachment":[{"href":"https:\/\/tucomarca.whitekongsoftware.com\/ca\/wp-json\/wp\/v2\/media?parent=247341"}],"wp:term":[{"taxonomy":"category","embeddable":true,"href":"https:\/\/tucomarca.whitekongsoftware.com\/ca\/wp-json\/wp\/v2\/categories?post=247341"},{"taxonomy":"post_tag","embeddable":true,"href":"https:\/\/tucomarca.whitekongsoftware.com\/ca\/wp-json\/wp\/v2\/tags?post=247341"}],"curies":[{"name":"wp","href":"https:\/\/api.w.org\/{rel}","templated":true}]}}