{"id":247329,"date":"2024-12-07T08:00:00","date_gmt":"2024-12-07T06:00:00","guid":{"rendered":"https:\/\/www.tucomarca.com\/wordpress\/segunda\/?p=247329"},"modified":"2024-12-07T09:30:40","modified_gmt":"2024-12-07T07:30:40","slug":"la-diputacio-de-valencia-invertix-un-milio-deuros-en-la-millora-de-la-connexio-entre-betera-i-naquera-per-la-cv-315","status":"publish","type":"post","link":"https:\/\/tucomarca.whitekongsoftware.com\/ca\/la-diputacio-de-valencia-invertix-un-milio-deuros-en-la-millora-de-la-connexio-entre-betera-i-naquera-per-la-cv-315\/","title":{"rendered":"La Diputaci\u00f3 de Valencia invertix un mili\u00f3 d&#8217;euros en la millora de la connexi\u00f3 entre B\u00e9tera i N\u00e0quera per la CV-315"},"content":{"rendered":"\n<h3 class=\"wp-block-heading\">La Junta de Govern de la instituci\u00f3 provincial aprova una subvenci\u00f3 en esp\u00e8cie que consistix en el condicionament integral del denominat com a \u2018Cam\u00ed vell de Sagunt a Ll\u00edria\u2019, el qual unix els dos municipis del Camp de T\u00faria.<\/h3>\n\n\n\n<h3 class=\"wp-block-heading\">La diputada de Carreteres destaca que \u201ces tracta d&#8217;una actuaci\u00f3 emmarcada en el pla per a la millora dels camins d&#8217;inter\u00e9s territorial, per tindre un paper vertebrador del territori\u201d.<\/h3>\n\n\n\n<p class=\"wp-block-paragraph\">La Junta de Govern de la Diputaci\u00f3 de Val\u00e8ncia ha aprovat el condicionament del tram de la CV-315, el qual unix els municipis de N\u00e0quera i B\u00e9tera a trav\u00e9s d&#8217;una via catalogada per l&#8217;\u00e0rea provincial de Carreteres com a \u2018Cam\u00ed d&#8217;Inter\u00e9s Territorial\u2019 per la seua especial rellev\u00e0ncia per a la comarca del Camp de T\u00faria.<\/p>\n\n\n\n<p class=\"wp-block-paragraph\">Concretament, es tracta d&#8217;una subvenci\u00f3 en esp\u00e8cie valorada en 940.207 euros, per la qual la Diputaci\u00f3 condicionar\u00e0 este tram del Cam\u00ed Vell de Sagunt a Ll\u00edria, assumint la pr\u00f2pia instituci\u00f3 provincial tot el proc\u00e9s de licitaci\u00f3 i execuci\u00f3 de les obres.<\/p>\n\n\n\n<p class=\"wp-block-paragraph\">La diputada de Carreteres i vicepresidenta segona de la corporaci\u00f3, Reme Mazzolari, explica que \u201ceste \u00e9s un clar exemple de la import\u00e0ncia que tenen per a les comunicacions a la prov\u00edncia algunes vies com esta, que estan catalogades com a camins de domini p\u00fablic, i que tenen un paper vertebrador del territori\u201d.<\/p>\n\n\n\n<p class=\"wp-block-paragraph\">El cam\u00ed t\u00e9 una longitud aproximada de 5.350 m. amb una plataforma de sis metres d&#8217;ampl\u00e0ria mitjana i un tra\u00e7at amb corbes de xicotet radi, sense sistemes de contenci\u00f3 ni abalisament. A m\u00e9s, presenta trams amb el ferm en mal estat i sense de cunetes i drenatge.<\/p>\n\n\n\n<p class=\"wp-block-paragraph\">L&#8217;actuaci\u00f3 dirigida per l&#8217;\u00e0rea provincial de Carreteres tindr\u00e0 com a resultat un notable increment de la funcionalitat i seguretat del cam\u00ed, mitjan\u00e7ant el sanejament de blandons, la millora del drenatge longitudinal, l\u2019adequaci\u00f3 d&#8217;accessos i interseccions i la instal\u00b7laci\u00f3 d&#8217;elements de contenci\u00f3, a m\u00e9s del refor\u00e7 i millora del ferm.<\/p>\n\n\n\n<p class=\"wp-block-paragraph\">Aix\u00ed mateix, les obres serviran per a reduir els gastos de manteniment i neteja, millorant el drenatge longitudinal i la reducci\u00f3n de l\u2019aterrament de cunetes, cal\u00e7ada i acc\u00e9s.<\/p>\n\n\n\n<p class=\"wp-block-paragraph\"><strong>Reivindicaci\u00f3 hist\u00f2rica<\/strong><\/p>\n\n\n\n<p class=\"wp-block-paragraph\">La millora del tamb\u00e9 conegut com Cam\u00ed del Pla \u00e9s una reivindicaci\u00f3 dels ve\u00efns de la zona per ser una via d&#8217;un tr\u00e0nsit considerable entre totes dues poblacions.<\/p>\n\n\n\n<p class=\"wp-block-paragraph\">Aix\u00ed, l&#8217;alcaldessa de B\u00e9tera, Elia Verdev\u00edo, explica que \u201cla millora d&#8217;este cam\u00ed no sols incrementar\u00e0 la seguretat vi\u00e0ria, sin\u00f3 que facilitar\u00e0 de manera significativa el treball diari dels nostres agricultors, un sector essencial per a la nostra economia local i per a la identitat de B\u00e9tera. A m\u00e9s, esta obra contribuir\u00e0 a potenciar la competitivitat de la zona industrial del Pla, millorant l&#8217;acc\u00e9s de mercaderies i oferint millors condicions per al teixit empresarial que impulsa el creixement econ\u00f2mic del nostre municipi\u201d.<\/p>\n\n\n\n<p class=\"wp-block-paragraph\">Per part seua, l&#8217;alcalde de N\u00e0quera, Ivan Exp\u00f3sito, destaca que \u201cel cam\u00ed de Lliria \u00e9s un dels accessos al nostre teixit empresarial, com el pol\u00edgon Els Vents i \u00e9s un cam\u00ed agropecuari al qual no se li ha donat en anys anteriors la import\u00e0ncia que de veritat t\u00e9\u201d i continua: \u201cesta actuaci\u00f3 permetr\u00e0 tindre un cam\u00ed segur i transitable, ja que suposava un punt negre d&#8217;accidents a causa principalment de l&#8217;asfaltat\u201d.<\/p>\n\n\n\n<p class=\"wp-block-paragraph\"><strong>Camins d&#8217;Inter\u00e9s Territorial<\/strong><\/p>\n\n\n\n<p class=\"wp-block-paragraph\">Els Camins d&#8217;Inter\u00e9s Territorial s\u00f3n vies de titularitat municipal, a priori molt locals, per\u00f2 que tenen una funcionalitat afegida per algun motiu, com pot ser acurtar itineraris, comunicar llocs amb mobilitat estacional o constituir l&#8217;\u00fanica via d&#8217;acc\u00e9s a nuclis habitats de relativa import\u00e0ncia.<\/p>\n\n\n\n<p class=\"wp-block-paragraph\">La diputada de Carreteres, Reme Mazzolari, afirma que \u201cel condicionament d&#8217;este tipus de vies s&#8217;enquadra en el prop\u00f2sit de l&#8217;equip de govern presidit per Vicent Momp\u00f3 d&#8217;estr\u00e9nyer lla\u00e7os entre Diputaci\u00f3 i municipis, atenent les seues necessitats reals m\u00e9s enll\u00e0 del que marquen els mapes o els certificats de titularitat\u201d.<\/p>\n\n\n\n<p class=\"wp-block-paragraph\">Mazzolari ha iniciat el que definix com \u201cun proc\u00e9s d&#8217;humanitzaci\u00f3 de la xarxa de carreteres, en el qual situem a les persones en el centre de tota equaci\u00f3; perqu\u00e8 les necessitats de la ciutadania no entenen de compet\u00e8ncies i qualsevol habitant de la nostra prov\u00edncia ha de tindre acc\u00e9s a servicis de qualitat, independentment d&#8217;on viva\u201d.<\/p>\n","protected":false},"excerpt":{"rendered":"<div class=\"mh-excerpt\">La Junta de Govern de la instituci\u00f3 provincial aprova una subvenci\u00f3 en esp\u00e8cie que consistix en el condicionament integral del denominat com a \u2018Cam\u00ed vell de Sagunt a Ll\u00edria\u2019, el qual unix els dos municipis <a class=\"mh-excerpt-more\" href=\"https:\/\/tucomarca.whitekongsoftware.com\/ca\/la-diputacio-de-valencia-invertix-un-milio-deuros-en-la-millora-de-la-connexio-entre-betera-i-naquera-per-la-cv-315\/\" title=\"La Diputaci\u00f3 de Valencia invertix un mili\u00f3 d&#8217;euros en la millora de la connexi\u00f3 entre B\u00e9tera i N\u00e0quera per la CV-315\">[+] <\/a><\/div>\n","protected":false},"author":12,"featured_media":247328,"comment_status":"open","ping_status":"open","sticky":false,"template":"","format":"standard","meta":{"footnotes":""},"categories":[10937,10892,10898,10948,10894,10928,10903,10947,10896],"tags":[11202,10899,11246,11070,11134],"class_list":["post-247329","post","type-post","status-publish","format-standard","has-post-thumbnail","category-betera-ca","category-camp-de-turia-ca","category-ventana-ca","category-infraestructuras-ca","category-la-comarca-ca","category-lliria-ca","category-medio-ambiente-la-comarca-ca","category-politica","category-seccion-ca","tag-betera-ca","tag-camp-de-turia-ca","tag-diputacio-de-valencia-ca","tag-lliria-ca","tag-naquera-ca"],"_links":{"self":[{"href":"https:\/\/tucomarca.whitekongsoftware.com\/ca\/wp-json\/wp\/v2\/posts\/247329","targetHints":{"allow":["GET"]}}],"collection":[{"href":"https:\/\/tucomarca.whitekongsoftware.com\/ca\/wp-json\/wp\/v2\/posts"}],"about":[{"href":"https:\/\/tucomarca.whitekongsoftware.com\/ca\/wp-json\/wp\/v2\/types\/post"}],"author":[{"embeddable":true,"href":"https:\/\/tucomarca.whitekongsoftware.com\/ca\/wp-json\/wp\/v2\/users\/12"}],"replies":[{"embeddable":true,"href":"https:\/\/tucomarca.whitekongsoftware.com\/ca\/wp-json\/wp\/v2\/comments?post=247329"}],"version-history":[{"count":0,"href":"https:\/\/tucomarca.whitekongsoftware.com\/ca\/wp-json\/wp\/v2\/posts\/247329\/revisions"}],"wp:featuredmedia":[{"embeddable":true,"href":"https:\/\/tucomarca.whitekongsoftware.com\/ca\/wp-json\/wp\/v2\/media\/247328"}],"wp:attachment":[{"href":"https:\/\/tucomarca.whitekongsoftware.com\/ca\/wp-json\/wp\/v2\/media?parent=247329"}],"wp:term":[{"taxonomy":"category","embeddable":true,"href":"https:\/\/tucomarca.whitekongsoftware.com\/ca\/wp-json\/wp\/v2\/categories?post=247329"},{"taxonomy":"post_tag","embeddable":true,"href":"https:\/\/tucomarca.whitekongsoftware.com\/ca\/wp-json\/wp\/v2\/tags?post=247329"}],"curies":[{"name":"wp","href":"https:\/\/api.w.org\/{rel}","templated":true}]}}