{"id":247274,"date":"2024-12-05T09:50:00","date_gmt":"2024-12-05T07:50:00","guid":{"rendered":"https:\/\/www.tucomarca.com\/wordpress\/segunda\/?p=247274"},"modified":"2024-12-05T17:39:02","modified_gmt":"2024-12-05T15:39:02","slug":"el-ple-de-xest-celebra-la-sessio-ordinaria-ajornada-per-la-dana","status":"publish","type":"post","link":"https:\/\/tucomarca.whitekongsoftware.com\/ca\/el-ple-de-xest-celebra-la-sessio-ordinaria-ajornada-per-la-dana\/","title":{"rendered":"El ple de Xest celebra la sessi\u00f3 ordin\u00e0ria ajornada per la DANA"},"content":{"rendered":"\n<p class=\"wp-block-paragraph\">Aquest dimecres 4 de desembre, es va celebrar un ple extraordinari, amb car\u00e0cter ordinari, amb motiu de la no celebraci\u00f3, per for\u00e7a major, del ple ordinari del mes d&#8217;octubre, a causa de la DANA.<\/p>\n\n\n\n<p class=\"wp-block-paragraph\"><strong>Reconeixement a les tradicions chestanas<\/strong><\/p>\n\n\n\n<p class=\"wp-block-paragraph\">El ple va aprovar, per unanimitat, l&#8217;adhesi\u00f3 per part de l&#8217;Ajuntament a la declaraci\u00f3 institucional, presentada per l&#8217;Associaci\u00f3 de Belenistas de Xest, per a instar a la Generalitat a declarar el Belenismo com a B\u00e9 d&#8217;Inter\u00e9s Cultural Immaterial.<br>\u201cRecentment es va celebrar el huit\u00e9 congr\u00e9s de belenistas en la nostra poblaci\u00f3, en reconeixement als 10 anys de traject\u00f2ria de l&#8217;Associaci\u00f3 Belenista de Xest, en el qual se&#8217;ns va demanar expressament que elev\u00e0rem a la Generalitat la sol\u00b7licitud que aquesta tradici\u00f3, que data del segle XIII, siga declarada com a B\u00e9 d&#8217;Inter\u00e9s Cultural Immaterial\u201d, manifestava l&#8217;alcalde, Jos\u00e9 Morell.<br>En aquesta mateixa l\u00ednia, es va aprovar la sol\u00b7licitud a la Generalitat perqu\u00e8 la Festa de la Verema de Xest siga declarada com a Festa d&#8217;Inter\u00e9s Tur\u00edstic de la Comunitat Valenciana. \u201cEl reconeixement com a Festa d&#8217;Inter\u00e9s Tur\u00edstic \u00e9s una manera de posar en valor les nostres tradicions, de facilitar que es conega la nostra identitat i cultura popular, i de promoure que vinguen m\u00e9s visitants a la nostra localitat. Per a aix\u00f2, elevarem l&#8217;expedient de sol\u00b7licitud a la Generalitat, juntament amb el llibre que va realitzar M\u00aa de la Mar S\u00e1nchez Verduch pel 50 aniversari de la Festa de la Verema, un estudi i una compilaci\u00f3 de fotografies d&#8217;aquest mig segle de tradici\u00f3 en el qual es fa un recorregut per la indument\u00e0ria, l&#8217;evoluci\u00f3 dels actes centrals, com la Presentaci\u00f3 o la Pis\u00e1 del ra\u00efm, i es reconeix la especifidad d&#8217;actes com la entr\u00e1 de bous i cavalls\u201d, explicava Morell.<\/p>\n\n\n\n<figure class=\"wp-block-image size-full\"><img loading=\"lazy\" decoding=\"async\" width=\"886\" height=\"591\" src=\"http:\/\/www.tucomarca.com\/wordpress\/segunda\/wp-content\/uploads\/2024\/12\/Cheste_Pleno_2.jpg\" alt=\"\" class=\"wp-image-247271\" srcset=\"https:\/\/tucomarca.whitekongsoftware.com\/wp-content\/uploads\/2024\/12\/Cheste_Pleno_2.jpg 886w, https:\/\/tucomarca.whitekongsoftware.com\/wp-content\/uploads\/2024\/12\/Cheste_Pleno_2-300x200.jpg 300w, https:\/\/tucomarca.whitekongsoftware.com\/wp-content\/uploads\/2024\/12\/Cheste_Pleno_2-768x512.jpg 768w\" sizes=\"auto, (max-width: 886px) 100vw, 886px\" \/><\/figure>\n\n\n\n<p class=\"wp-block-paragraph\"><strong>DANA<\/strong><\/p>\n\n\n\n<p class=\"wp-block-paragraph\">En un altre ordre de coses, el Ple va ratificar, per acord de tots els grups, el decret de Sol\u00b7licitud d&#8217;auxili a la Conselleria de Medi Ambient, Infraestructures i Territori per a executar obres a l&#8217;entorn del Circuit de Xest en les zones danyades per la DANA.<br>\u201cDes de Conselleria em van instar a fer una resoluci\u00f3 d&#8217;alcaldia en la qual s&#8217;indicara la ubicaci\u00f3 dels llocs danyats a l&#8217;entorn del Circuit i que aquesta resoluci\u00f3 fora ratificada pel ple amb car\u00e0cter urgent, ja que aix\u00f2 li permetria a la Generalitat ser m\u00e9s r\u00e0pida i poder fer els contractes d&#8217;emerg\u00e8ncia pertinents per a poder reparar eixos danys\u201d, explicava l&#8217;alcalde.<br>Tamb\u00e9 en relaci\u00f3 amb la DANA, es van aprovar amb car\u00e0cter urgent i per unanimitat, les Bases reguladores per a la concessi\u00f3 directa d&#8217;ajudes excepcionals als damnificats per la DANA, procedents de la donaci\u00f3 privada realitzada per la Fundaci\u00f3 Amancio Ortega Gaona.<br>\u201cRebem una carta de la Fundaci\u00f3 en la qual s&#8217;indicava que es repartirien 100 milions d&#8217;euros entre les poblacions afectades per la DANA, dels quals a Xest li corresponien 2,6 milions; en eixa carta s&#8217;establien uns par\u00e0metres que calia complir: que les ajudes es destinaren a persones f\u00edsiques i que el m\u00e0xim import per beneficiari fora de 10.000 euros. A m\u00e9s, es contemplaven 50.000 euros per a la gesti\u00f3 de les ajudes, amb els quals hem encarregat les bases i aquesta gesti\u00f3 a una empresa externa\u201d, manifestava Morell.<br>Per part seua, la regidora d&#8217;Hisenda, M\u00aa \u00c1ngeles Llorente, va entrar detalladament en el proc\u00e9s d&#8217;elaboraci\u00f3 de les bases de les ajudes. \u201cVol\u00edem que aquestes ajudes arribaren al m\u00e0xim nombre de persones possible, i esgotar-les, per la qual cosa havien de ser unes bases \u00e0mplies, que arribaren on no arriben les de l&#8217;Estat o les conselleries, i que es tinguera en compte que nosaltres tenim a gran part dels agricultors amb danys en el terreny agr\u00edcola; amb eixes condicions es van fer les bases. En el moment en qu\u00e8 les aprovem i es publiquen en el BOP, l&#8217;endem\u00e0 la gent podr\u00e0 sol\u00b7licitar-les\u201d, explicava Llorente.<\/p>\n\n\n\n<p class=\"wp-block-paragraph\"><strong>Manifest feminista<\/strong><\/p>\n\n\n\n<p class=\"wp-block-paragraph\">La regidora d&#8217;Igualtat i LGTBIQ+, Brenda Jim\u00e9nez, va presentar la declaraci\u00f3 institucional de la Federaci\u00f3 de Municipis i Prov\u00edncies elaborada amb motiu del Dia internacional per a l&#8217;eliminaci\u00f3 de la viol\u00e8ncia contra la dona, celebrat el passat 25 de novembre.<br>\u201cEl passat 25-N vaig llegir aquest manifest en la pla\u00e7a i hui el trasllade al ple perqu\u00e8 tots siguem conscients de la seua import\u00e0ncia\u201d, va exposar Jim\u00e9nez, \u201cLa viol\u00e8ncia que pateixen les dones i xiquetes pel fet de ser-ho continua sent un problema estructural que travessa davanteres, cultures i circumst\u00e0ncies, i la seua eliminaci\u00f3 \u00e9s una tasca que ens correspon a tota la societat\u201d.<br>Tots els grups pol\u00edtics amb representaci\u00f3 en el ple van coincidir en la import\u00e0ncia i en la urg\u00e8ncia d&#8217;actuar contra la xacra de la viol\u00e8ncia masclista, aprovant la declaraci\u00f3 per unanimitat.<br>Pagament de factures i gratificacions<br>D&#8217;altra banda, el ple va aprovar reconeixements extrajudicials de cr\u00e8dit per al pagament de factures a prove\u00efdors i va donar llum verda a una modificaci\u00f3 de cr\u00e8dit per a poder fer front, des de la partida de Personal, als pagaments pendents de les gratificacions corresponents a les hores extra de la Policia Local. Tots dos punts van comptar amb els vots en contra del grup municipal Popular, que en el primer cas va remetre a la recurr\u00e8ncia d&#8217;aquest punt i, en el segon, no va manifestar cap motiu per al seu vot negatiu.<\/p>\n","protected":false},"excerpt":{"rendered":"<div class=\"mh-excerpt\">Aquest dimecres 4 de desembre, es va celebrar un ple extraordinari, amb car\u00e0cter ordinari, amb motiu de la no celebraci\u00f3, per for\u00e7a major, del ple ordinari del mes d&#8217;octubre, a causa de la DANA. Reconeixement <a class=\"mh-excerpt-more\" href=\"https:\/\/tucomarca.whitekongsoftware.com\/ca\/el-ple-de-xest-celebra-la-sessio-ordinaria-ajornada-per-la-dana\/\" title=\"El ple de Xest celebra la sessi\u00f3 ordin\u00e0ria ajornada per la DANA\">[+] <\/a><\/div>\n","protected":false},"author":12,"featured_media":247270,"comment_status":"open","ping_status":"open","sticky":false,"template":"","format":"standard","meta":{"footnotes":""},"categories":[21466,10894,10904,10912,10947,10896,10974],"tags":[11071,15409,10914],"class_list":["post-247274","post","type-post","status-publish","format-standard","has-post-thumbnail","category-dana-ca","category-la-comarca-ca","category-sin-categorizar-ca","category-la-hoya-ca","category-politica","category-seccion-ca","category-cheste-ca","tag-cheste","tag-dana-2-ca","tag-la-hoya-de-bunol-chiva-ca"],"_links":{"self":[{"href":"https:\/\/tucomarca.whitekongsoftware.com\/ca\/wp-json\/wp\/v2\/posts\/247274","targetHints":{"allow":["GET"]}}],"collection":[{"href":"https:\/\/tucomarca.whitekongsoftware.com\/ca\/wp-json\/wp\/v2\/posts"}],"about":[{"href":"https:\/\/tucomarca.whitekongsoftware.com\/ca\/wp-json\/wp\/v2\/types\/post"}],"author":[{"embeddable":true,"href":"https:\/\/tucomarca.whitekongsoftware.com\/ca\/wp-json\/wp\/v2\/users\/12"}],"replies":[{"embeddable":true,"href":"https:\/\/tucomarca.whitekongsoftware.com\/ca\/wp-json\/wp\/v2\/comments?post=247274"}],"version-history":[{"count":0,"href":"https:\/\/tucomarca.whitekongsoftware.com\/ca\/wp-json\/wp\/v2\/posts\/247274\/revisions"}],"wp:featuredmedia":[{"embeddable":true,"href":"https:\/\/tucomarca.whitekongsoftware.com\/ca\/wp-json\/wp\/v2\/media\/247270"}],"wp:attachment":[{"href":"https:\/\/tucomarca.whitekongsoftware.com\/ca\/wp-json\/wp\/v2\/media?parent=247274"}],"wp:term":[{"taxonomy":"category","embeddable":true,"href":"https:\/\/tucomarca.whitekongsoftware.com\/ca\/wp-json\/wp\/v2\/categories?post=247274"},{"taxonomy":"post_tag","embeddable":true,"href":"https:\/\/tucomarca.whitekongsoftware.com\/ca\/wp-json\/wp\/v2\/tags?post=247274"}],"curies":[{"name":"wp","href":"https:\/\/api.w.org\/{rel}","templated":true}]}}