{"id":247244,"date":"2024-12-05T10:00:00","date_gmt":"2024-12-05T08:00:00","guid":{"rendered":"https:\/\/www.tucomarca.com\/wordpress\/segunda\/?p=247244"},"modified":"2024-12-05T17:21:28","modified_gmt":"2024-12-05T15:21:28","slug":"la-generalitat-assumeix-lexecucio-de-les-obres-demergencia-per-a-la-rehabilitacio-de-dos-ponts-de-bunyol-danyats-per-la-riuada","status":"publish","type":"post","link":"https:\/\/tucomarca.whitekongsoftware.com\/ca\/la-generalitat-assumeix-lexecucio-de-les-obres-demergencia-per-a-la-rehabilitacio-de-dos-ponts-de-bunyol-danyats-per-la-riuada\/","title":{"rendered":"La Generalitat assumeix l&#8217;execuci\u00f3 de les obres d&#8217;emerg\u00e8ncia per a la rehabilitaci\u00f3 de dos ponts de Bunyol danyats per la riuada"},"content":{"rendered":"\n<h3 class=\"wp-block-heading\">Mart\u00ednez Mus visita aquest municipi per a comprovar l&#8217;estat de les infraestructures afectades i coordinar actuacions amb l&#8217;ajuntament.<\/h3>\n\n\n\n<h3 class=\"wp-block-heading\">El conseller anuncia la posada en servei del nou corredor d&#8217;autob\u00fas que unir\u00e0 Val\u00e8ncia i la Foia de Bunyol abans que finalitze a l&#8217;any.<\/h3>\n\n\n<div class=\"wp-block-image\">\n<figure class=\"alignleft size-large is-resized\"><img loading=\"lazy\" decoding=\"async\" width=\"1024\" height=\"768\" src=\"http:\/\/www.tucomarca.com\/wordpress\/segunda\/wp-content\/uploads\/2024\/12\/visita_Bunol-1024x768.jpeg\" alt=\"\" class=\"wp-image-247239\" style=\"width:426px;height:auto\" srcset=\"https:\/\/tucomarca.whitekongsoftware.com\/wp-content\/uploads\/2024\/12\/visita_Bunol-1024x768.jpeg 1024w, https:\/\/tucomarca.whitekongsoftware.com\/wp-content\/uploads\/2024\/12\/visita_Bunol-300x225.jpeg 300w, https:\/\/tucomarca.whitekongsoftware.com\/wp-content\/uploads\/2024\/12\/visita_Bunol-768x576.jpeg 768w, https:\/\/tucomarca.whitekongsoftware.com\/wp-content\/uploads\/2024\/12\/visita_Bunol-1536x1152.jpeg 1536w, https:\/\/tucomarca.whitekongsoftware.com\/wp-content\/uploads\/2024\/12\/visita_Bunol-2048x1536.jpeg 2048w, https:\/\/tucomarca.whitekongsoftware.com\/wp-content\/uploads\/2024\/12\/visita_Bunol-678x509.jpeg 678w, https:\/\/tucomarca.whitekongsoftware.com\/wp-content\/uploads\/2024\/12\/visita_Bunol-326x245.jpeg 326w, https:\/\/tucomarca.whitekongsoftware.com\/wp-content\/uploads\/2024\/12\/visita_Bunol-80x60.jpeg 80w\" sizes=\"auto, (max-width: 1024px) 100vw, 1024px\" \/><\/figure>\n<\/div>\n\n\n<p class=\"wp-block-paragraph\">La Conselleria de Medi Ambient, Infraestructures i Territori ha iniciat la valoraci\u00f3 estructural i econ\u00f2mica de les obres de restauraci\u00f3 de dos ponts de Bunyol danyats per les inundacions i l&#8217;execuci\u00f3 de les quals ha assumit la Generalitat.<\/p>\n\n\n\n<p class=\"wp-block-paragraph\">Vicente Mart\u00ednez Mus, acompanyat per l&#8217;alcaldessa de Bunyol, Virg\u00ednia Sanz, ha visitat aquest municipi de l&#8217;Horta Sud per a comprovar els danys patits i coordinar amb l&#8217;ajuntament els treballs necessaris per a la reconstrucci\u00f3 d&#8217;aquestes dues infraestructures que permeten el tr\u00e0nsit rodat i la circulaci\u00f3 de vianants. Es tracta del pont en l&#8217;antiga CV-427, en el tram urb\u00e0, i el Pont Nou o de la Rep\u00fablica en l&#8217;avinguda Pa\u00eds Valenci\u00e0.<\/p>\n\n\n\n<p class=\"wp-block-paragraph\">Durant la visita a Bunyol, el titular d&#8217;Infraestructures ha destacat la import\u00e0ncia de \u201ctreballar en col\u00b7laboraci\u00f3 amb els alcaldes i els seus equips t\u00e8cnics per a identificar de manera conjunta les necessitats en cada localitat i prioritzar les obres de rehabilitaci\u00f3 d&#8217;infraestructures clau que s\u00f3n vitals per a restablir la normalitat en la vida di\u00e0ria dels ve\u00efns d&#8217;aquests municipis\u201d.<\/p>\n\n\n\n<p class=\"wp-block-paragraph\">La Conselleria est\u00e0 promovent la planificaci\u00f3 i execuci\u00f3 de les mesures d&#8217;emerg\u00e8ncia necess\u00e0ries per a les 49 construccions locals essencials de 25 municipis valencians afectats per les inundacions i la restauraci\u00f3 de les quals executar\u00e0 la Generalitat.<\/p>\n\n\n\n<p class=\"wp-block-paragraph\"><strong>Nou corredor d&#8217;autob\u00fas<\/strong><\/p>\n\n\n\n<p class=\"wp-block-paragraph\">En el cas de Bunyol, com en la resta de les poblacions afectades per la riuada, Mart\u00ednez Mus ha assegurat que el Consell \u201cs&#8217;ha bolcat tant en la recuperaci\u00f3 d&#8217;infraestructures vi\u00e0ries vitals per a la circulaci\u00f3 com en la posada en marxa de serveis essencials que beneficien als seus m\u00e9s de 208.000 ve\u00efns\u201d.<\/p>\n\n\n\n<p class=\"wp-block-paragraph\">En aquest sentit, el conseller ha anunciat l&#8217;entrada en servei, abans que finalitze l&#8217;any, del nou corredor d&#8217;autob\u00fas que unir\u00e0 Val\u00e9ncia amb la Foia de Bunyol. Es tracta d&#8217;un contracte que t\u00e9 una duraci\u00f3 de 10 anys i un pressupost d&#8217;adjudicaci\u00f3 de m\u00e9s de 20 milions d&#8217;euros.<\/p>\n\n\n\n<p class=\"wp-block-paragraph\">Segons les previsions, atendr\u00e0 una mitjana de 270.000 viatges a l&#8217;any dels municipis d&#8217;Alboraig, Aldaia, Bunyol, Xest, Xiva, Cortes de Pallars, Godelleta, Macastre, Manises, Mislata, Loriguilla, Quart de Poblet, Riba-roja de T\u00faria, Tor\u00eds i I\u00e0tova.<\/p>\n\n\n\n<p class=\"wp-block-paragraph\">El servei s&#8217;estructura en 16 l\u00ednies, amb 83 expedicions en dies laborables, 26 expedicions en dissabtes i 16 en diumenges i festius. En total es realitzaran 23.003 expedicions i es recorreran 1.021.000 quil\u00f2metres a l&#8217;any.<\/p>\n","protected":false},"excerpt":{"rendered":"<div class=\"mh-excerpt\">Mart\u00ednez Mus visita aquest municipi per a comprovar l&#8217;estat de les infraestructures afectades i coordinar actuacions amb l&#8217;ajuntament. El conseller anuncia la posada en servei del nou corredor d&#8217;autob\u00fas que unir\u00e0 Val\u00e8ncia i la Foia <a class=\"mh-excerpt-more\" href=\"https:\/\/tucomarca.whitekongsoftware.com\/ca\/la-generalitat-assumeix-lexecucio-de-les-obres-demergencia-per-a-la-rehabilitacio-de-dos-ponts-de-bunyol-danyats-per-la-riuada\/\" title=\"La Generalitat assumeix l&#8217;execuci\u00f3 de les obres d&#8217;emerg\u00e8ncia per a la rehabilitaci\u00f3 de dos ponts de Bunyol danyats per la riuada\">[+] <\/a><\/div>\n","protected":false},"author":13,"featured_media":247242,"comment_status":"open","ping_status":"open","sticky":false,"template":"","format":"standard","meta":{"footnotes":""},"categories":[10911,21466,10898,10948,10894,10904,10912,10903,10947,10896],"tags":[10913,15409,11199,10914],"class_list":["post-247244","post","type-post","status-publish","format-standard","has-post-thumbnail","category-bunol-ca","category-dana-ca","category-ventana-ca","category-infraestructuras-ca","category-la-comarca-ca","category-sin-categorizar-ca","category-la-hoya-ca","category-medio-ambiente-la-comarca-ca","category-politica","category-seccion-ca","tag-bunol-ca","tag-dana-2-ca","tag-la-comunitat-ca","tag-la-hoya-de-bunol-chiva-ca"],"_links":{"self":[{"href":"https:\/\/tucomarca.whitekongsoftware.com\/ca\/wp-json\/wp\/v2\/posts\/247244","targetHints":{"allow":["GET"]}}],"collection":[{"href":"https:\/\/tucomarca.whitekongsoftware.com\/ca\/wp-json\/wp\/v2\/posts"}],"about":[{"href":"https:\/\/tucomarca.whitekongsoftware.com\/ca\/wp-json\/wp\/v2\/types\/post"}],"author":[{"embeddable":true,"href":"https:\/\/tucomarca.whitekongsoftware.com\/ca\/wp-json\/wp\/v2\/users\/13"}],"replies":[{"embeddable":true,"href":"https:\/\/tucomarca.whitekongsoftware.com\/ca\/wp-json\/wp\/v2\/comments?post=247244"}],"version-history":[{"count":0,"href":"https:\/\/tucomarca.whitekongsoftware.com\/ca\/wp-json\/wp\/v2\/posts\/247244\/revisions"}],"wp:featuredmedia":[{"embeddable":true,"href":"https:\/\/tucomarca.whitekongsoftware.com\/ca\/wp-json\/wp\/v2\/media\/247242"}],"wp:attachment":[{"href":"https:\/\/tucomarca.whitekongsoftware.com\/ca\/wp-json\/wp\/v2\/media?parent=247244"}],"wp:term":[{"taxonomy":"category","embeddable":true,"href":"https:\/\/tucomarca.whitekongsoftware.com\/ca\/wp-json\/wp\/v2\/categories?post=247244"},{"taxonomy":"post_tag","embeddable":true,"href":"https:\/\/tucomarca.whitekongsoftware.com\/ca\/wp-json\/wp\/v2\/tags?post=247244"}],"curies":[{"name":"wp","href":"https:\/\/api.w.org\/{rel}","templated":true}]}}