{"id":247221,"date":"2024-12-05T12:00:00","date_gmt":"2024-12-05T10:00:00","guid":{"rendered":"https:\/\/www.tucomarca.com\/wordpress\/segunda\/?p=247221"},"modified":"2024-12-05T17:30:48","modified_gmt":"2024-12-05T15:30:48","slug":"tragsa-inicia-els-treballs-per-a-reconstruir-229-camins-danyats-i-els-passos-de-barrancs-destruits-per-la-dana-a-godelleta","status":"publish","type":"post","link":"https:\/\/tucomarca.whitekongsoftware.com\/ca\/tragsa-inicia-els-treballs-per-a-reconstruir-229-camins-danyats-i-els-passos-de-barrancs-destruits-per-la-dana-a-godelleta\/","title":{"rendered":"Tragsa inicia els treballs per a reconstruir 229 camins danyats i els passos de barrancs destru\u00efts per la DANA a Godelleta"},"content":{"rendered":"\n<p class=\"wp-block-paragraph\">La poblaci\u00f3 de Godelleta ha iniciat aquesta setmana la reconstrucci\u00f3 i reparaci\u00f3 tant dels passos dels barrancs com dels camins que van patir danys i desperfectes, molts d&#8217;ells de gravetat, despr\u00e9s del devastador pas de la DANA pel terme municipal.<\/p>\n\n\n<div class=\"wp-block-image\">\n<figure class=\"alignleft size-large is-resized\"><img loading=\"lazy\" decoding=\"async\" width=\"768\" height=\"1024\" src=\"http:\/\/www.tucomarca.com\/wordpress\/segunda\/wp-content\/uploads\/2024\/12\/DanaGodelleta06-768x1024.jpg\" alt=\"\" class=\"wp-image-247205\" style=\"width:319px;height:auto\" srcset=\"https:\/\/tucomarca.whitekongsoftware.com\/wp-content\/uploads\/2024\/12\/DanaGodelleta06-768x1024.jpg 768w, https:\/\/tucomarca.whitekongsoftware.com\/wp-content\/uploads\/2024\/12\/DanaGodelleta06-225x300.jpg 225w, https:\/\/tucomarca.whitekongsoftware.com\/wp-content\/uploads\/2024\/12\/DanaGodelleta06-1152x1536.jpg 1152w, https:\/\/tucomarca.whitekongsoftware.com\/wp-content\/uploads\/2024\/12\/DanaGodelleta06.jpg 1200w\" sizes=\"auto, (max-width: 768px) 100vw, 768px\" \/><\/figure>\n<\/div>\n\n\n<p class=\"wp-block-paragraph\">&#8220;Uns treballs que s\u00f3n a c\u00e0rrec de l&#8217;empresa Tragsa, dependent del Ministeri, que s&#8217;estan centrant en la reparaci\u00f3 dels danys m\u00e9s urgents amb maquin\u00e0ria pesant; encara que en els pr\u00f2xims dies ens han informat que s&#8217;incrementar\u00e0 m\u00e9s encara el nombre de m\u00e0quines i d&#8217;operaris&#8221;, tal com ha explicat el regidor d&#8217;Agricultura, Comer\u00e7, Ind\u00fastria i Transports de l&#8217;Ajuntament de la localitat, Jos\u00e9 Miguel Caballero.<\/p>\n\n\n\n<p class=\"wp-block-paragraph\">&#8220;Els treballs han arrancat en les zones que coneixem com \u201cEl Pocico\u201d i Capuch, i a poc a poc s&#8217;aniran despla\u00e7ant a la resta de l&#8217;acabe de Godelleta. Ja que el nostre terme municipal \u00e9s una zona eminentment agr\u00edcola, on a m\u00e9s cada cam\u00ed sol tamb\u00e9 donar servei a habitatges disseminats o nuclis d&#8217;urbanitzacions&#8221;, en paraules Jos\u00e9 Miguel Caballero.<\/p>\n\n\n\n<p class=\"wp-block-paragraph\">El responsable de l&#8217;\u00e0rea d&#8217;Agricultura de l&#8217;Ajuntament de la localitat ha xifrat en &#8220;un total de 229 camins i 10 passos de barrancs, els afectats i danyats pel pas de la DANA; uns a un nivell m\u00e9s greu i altres un poc menys&#8221;.<\/p>\n\n\n<div class=\"wp-block-image\">\n<figure class=\"alignright size-large is-resized\"><img loading=\"lazy\" decoding=\"async\" width=\"768\" height=\"1024\" src=\"http:\/\/www.tucomarca.com\/wordpress\/segunda\/wp-content\/uploads\/2024\/12\/DanaGodelleta07-768x1024.jpg\" alt=\"\" class=\"wp-image-247207\" style=\"width:290px;height:auto\" srcset=\"https:\/\/tucomarca.whitekongsoftware.com\/wp-content\/uploads\/2024\/12\/DanaGodelleta07-768x1024.jpg 768w, https:\/\/tucomarca.whitekongsoftware.com\/wp-content\/uploads\/2024\/12\/DanaGodelleta07-225x300.jpg 225w, https:\/\/tucomarca.whitekongsoftware.com\/wp-content\/uploads\/2024\/12\/DanaGodelleta07-1152x1536.jpg 1152w, https:\/\/tucomarca.whitekongsoftware.com\/wp-content\/uploads\/2024\/12\/DanaGodelleta07.jpg 1200w\" sizes=\"auto, (max-width: 768px) 100vw, 768px\" \/><\/figure>\n<\/div>\n\n\n<p class=\"wp-block-paragraph\">&#8220;A m\u00e9s dels camins, es van a escometen ja els treballs de dos ponts amb la idea de donar servei de manera urgent per a donar pas a ve\u00efnes i ve\u00efns del municipi, ja que molts dificulten l&#8217;acc\u00e9s a alguns habitatges&#8221;, com ha afegit Jos\u00e9 Miguel Caballero, qui ha destacat que els treballs &#8220;continuaran de manera ininterrompuda fins que s&#8217;arregle tot amb l&#8217;ampliaci\u00f3 de m\u00e9s maquin\u00e0ria, si fora necessari, fins que estiguen acabats totalment&#8221;.<\/p>\n\n\n\n<p class=\"wp-block-paragraph\"><strong>Ajudes als agricultors<\/strong><\/p>\n\n\n\n<p class=\"wp-block-paragraph\">El regidor d&#8217;Agricultura, Comer\u00e7, Ind\u00fastria i Transports de l&#8217;Ajuntament de Godelleta tamb\u00e9 ha recordat que estan comen\u00e7ant a arribar &#8220;les ajudes directes del Govern d&#8217;Espanya per als aut\u00f2noms, de 5.000 euros, i que ja estan sigut rebudes pels agricultors. A m\u00e9s, la Generalitat ha posat en marxa unes ajudes de 3.000 euros tamb\u00e9 per a aut\u00f2noms que estan previstes que es puguen sol\u00b7licitar a partir de hui 5 de desembre&#8221;. Jos\u00e9 Miguel Caballero ha recordat tamb\u00e9 l&#8217;exist\u00e8ncia de &#8220;ajudes per a reparar els danys materials de les propietats dels agricultors, despr\u00e9s del peritatge a c\u00e0rrec dels t\u00e8cnics enviats pel Ministeri&#8221;.<\/p>\n\n\n\n<p class=\"wp-block-paragraph\">Ja que, tal com ha explicat el regidor, &#8220;el Ministeri ha facilitat un n\u00famero de tel\u00e8fon perqu\u00e8 qualsevol agricultor propietari d&#8217;una explotaci\u00f3 agr\u00e0ria puga cridar per a facilitar dades dels danys en els seus pol\u00edgons i parcel\u00b7les. Despr\u00e9s li donaran cita amb els perits per a valorar els danys patits i aix\u00ed iniciar la reconstrucci\u00f3 del danyat a trav\u00e9s de l&#8217;empresa Tragsa&#8221;.<\/p>\n\n\n\n<figure class=\"wp-block-image size-large\"><img loading=\"lazy\" decoding=\"async\" width=\"1024\" height=\"768\" src=\"http:\/\/www.tucomarca.com\/wordpress\/segunda\/wp-content\/uploads\/2024\/12\/DanaGodelleta04-1024x768.jpg\" alt=\"\" class=\"wp-image-247211\" srcset=\"https:\/\/tucomarca.whitekongsoftware.com\/wp-content\/uploads\/2024\/12\/DanaGodelleta04-1024x768.jpg 1024w, https:\/\/tucomarca.whitekongsoftware.com\/wp-content\/uploads\/2024\/12\/DanaGodelleta04-300x225.jpg 300w, https:\/\/tucomarca.whitekongsoftware.com\/wp-content\/uploads\/2024\/12\/DanaGodelleta04-768x576.jpg 768w, https:\/\/tucomarca.whitekongsoftware.com\/wp-content\/uploads\/2024\/12\/DanaGodelleta04-1536x1152.jpg 1536w, https:\/\/tucomarca.whitekongsoftware.com\/wp-content\/uploads\/2024\/12\/DanaGodelleta04-678x509.jpg 678w, https:\/\/tucomarca.whitekongsoftware.com\/wp-content\/uploads\/2024\/12\/DanaGodelleta04-326x245.jpg 326w, https:\/\/tucomarca.whitekongsoftware.com\/wp-content\/uploads\/2024\/12\/DanaGodelleta04-80x60.jpg 80w, https:\/\/tucomarca.whitekongsoftware.com\/wp-content\/uploads\/2024\/12\/DanaGodelleta04.jpg 2000w\" sizes=\"auto, (max-width: 1024px) 100vw, 1024px\" \/><\/figure>\n\n\n\n<p class=\"wp-block-paragraph\">Jos\u00e9 Miguel Caballero ha recordat tamb\u00e9 la posada en marxa &#8220;d&#8217;uns cr\u00e8dits ICO amb un percentatge a fons perdut per a pal\u00b7liar les p\u00e8rdues en les explotacions agr\u00e0ries. Aix\u00ed com en danys de producci\u00f3, per als quals tamb\u00e9 s&#8217;atorgar\u00e0 una ajuda: concretament per als danys majors al 40%, es donar\u00e0 una ajuda directa del 30% de la mitjana de la Declaraci\u00f3 de la Renda dels ingressos agr\u00edcoles en les declaracions 2021, 2022 i 2023&#8221;.<\/p>\n\n\n\n<figure class=\"wp-block-gallery has-nested-images columns-2 is-cropped wp-block-gallery-1 is-layout-flex wp-block-gallery-is-layout-flex\">\n<figure class=\"wp-block-image size-large\"><img loading=\"lazy\" decoding=\"async\" width=\"768\" height=\"1024\" data-id=\"247217\" src=\"https:\/\/www.tucomarca.com\/wordpress\/segunda\/wp-content\/uploads\/2024\/12\/DanaGodelleta02-768x1024.jpg\" alt=\"\" class=\"wp-image-247217\" srcset=\"https:\/\/tucomarca.whitekongsoftware.com\/wp-content\/uploads\/2024\/12\/DanaGodelleta02-768x1024.jpg 768w, https:\/\/tucomarca.whitekongsoftware.com\/wp-content\/uploads\/2024\/12\/DanaGodelleta02-225x300.jpg 225w, https:\/\/tucomarca.whitekongsoftware.com\/wp-content\/uploads\/2024\/12\/DanaGodelleta02-1152x1536.jpg 1152w, https:\/\/tucomarca.whitekongsoftware.com\/wp-content\/uploads\/2024\/12\/DanaGodelleta02.jpg 1200w\" sizes=\"auto, (max-width: 768px) 100vw, 768px\" \/><\/figure>\n\n\n\n<figure class=\"wp-block-image size-large\"><img loading=\"lazy\" decoding=\"async\" width=\"1024\" height=\"768\" data-id=\"247215\" src=\"https:\/\/www.tucomarca.com\/wordpress\/segunda\/wp-content\/uploads\/2024\/12\/DanaGodelleta03-1024x768.jpg\" alt=\"\" class=\"wp-image-247215\" srcset=\"https:\/\/tucomarca.whitekongsoftware.com\/wp-content\/uploads\/2024\/12\/DanaGodelleta03-1024x768.jpg 1024w, https:\/\/tucomarca.whitekongsoftware.com\/wp-content\/uploads\/2024\/12\/DanaGodelleta03-300x225.jpg 300w, https:\/\/tucomarca.whitekongsoftware.com\/wp-content\/uploads\/2024\/12\/DanaGodelleta03-768x576.jpg 768w, https:\/\/tucomarca.whitekongsoftware.com\/wp-content\/uploads\/2024\/12\/DanaGodelleta03-1536x1152.jpg 1536w, https:\/\/tucomarca.whitekongsoftware.com\/wp-content\/uploads\/2024\/12\/DanaGodelleta03-678x509.jpg 678w, https:\/\/tucomarca.whitekongsoftware.com\/wp-content\/uploads\/2024\/12\/DanaGodelleta03-326x245.jpg 326w, https:\/\/tucomarca.whitekongsoftware.com\/wp-content\/uploads\/2024\/12\/DanaGodelleta03-80x60.jpg 80w, https:\/\/tucomarca.whitekongsoftware.com\/wp-content\/uploads\/2024\/12\/DanaGodelleta03.jpg 2000w\" sizes=\"auto, (max-width: 1024px) 100vw, 1024px\" \/><\/figure>\n\n\n\n<figure class=\"wp-block-image size-large\"><img loading=\"lazy\" decoding=\"async\" width=\"1024\" height=\"768\" data-id=\"247203\" src=\"https:\/\/www.tucomarca.com\/wordpress\/segunda\/wp-content\/uploads\/2024\/12\/DanaGodelleta01-1024x768.jpg\" alt=\"\" class=\"wp-image-247203\" srcset=\"https:\/\/tucomarca.whitekongsoftware.com\/wp-content\/uploads\/2024\/12\/DanaGodelleta01-1024x768.jpg 1024w, https:\/\/tucomarca.whitekongsoftware.com\/wp-content\/uploads\/2024\/12\/DanaGodelleta01-300x225.jpg 300w, https:\/\/tucomarca.whitekongsoftware.com\/wp-content\/uploads\/2024\/12\/DanaGodelleta01-768x576.jpg 768w, https:\/\/tucomarca.whitekongsoftware.com\/wp-content\/uploads\/2024\/12\/DanaGodelleta01-1536x1152.jpg 1536w, https:\/\/tucomarca.whitekongsoftware.com\/wp-content\/uploads\/2024\/12\/DanaGodelleta01-678x509.jpg 678w, https:\/\/tucomarca.whitekongsoftware.com\/wp-content\/uploads\/2024\/12\/DanaGodelleta01-326x245.jpg 326w, https:\/\/tucomarca.whitekongsoftware.com\/wp-content\/uploads\/2024\/12\/DanaGodelleta01-80x60.jpg 80w, https:\/\/tucomarca.whitekongsoftware.com\/wp-content\/uploads\/2024\/12\/DanaGodelleta01.jpg 2000w\" sizes=\"auto, (max-width: 1024px) 100vw, 1024px\" \/><\/figure>\n\n\n\n<figure class=\"wp-block-image size-large\"><img loading=\"lazy\" decoding=\"async\" width=\"1024\" height=\"768\" data-id=\"247213\" src=\"https:\/\/www.tucomarca.com\/wordpress\/segunda\/wp-content\/uploads\/2024\/12\/DanaGodelleta05-1024x768.jpg\" alt=\"\" class=\"wp-image-247213\" srcset=\"https:\/\/tucomarca.whitekongsoftware.com\/wp-content\/uploads\/2024\/12\/DanaGodelleta05-1024x768.jpg 1024w, https:\/\/tucomarca.whitekongsoftware.com\/wp-content\/uploads\/2024\/12\/DanaGodelleta05-300x225.jpg 300w, https:\/\/tucomarca.whitekongsoftware.com\/wp-content\/uploads\/2024\/12\/DanaGodelleta05-768x576.jpg 768w, https:\/\/tucomarca.whitekongsoftware.com\/wp-content\/uploads\/2024\/12\/DanaGodelleta05-1536x1152.jpg 1536w, https:\/\/tucomarca.whitekongsoftware.com\/wp-content\/uploads\/2024\/12\/DanaGodelleta05-678x509.jpg 678w, https:\/\/tucomarca.whitekongsoftware.com\/wp-content\/uploads\/2024\/12\/DanaGodelleta05-326x245.jpg 326w, https:\/\/tucomarca.whitekongsoftware.com\/wp-content\/uploads\/2024\/12\/DanaGodelleta05-80x60.jpg 80w, https:\/\/tucomarca.whitekongsoftware.com\/wp-content\/uploads\/2024\/12\/DanaGodelleta05.jpg 1600w\" sizes=\"auto, (max-width: 1024px) 100vw, 1024px\" \/><\/figure>\n<\/figure>\n","protected":false},"excerpt":{"rendered":"<div class=\"mh-excerpt\">La poblaci\u00f3 de Godelleta ha iniciat aquesta setmana la reconstrucci\u00f3 i reparaci\u00f3 tant dels passos dels barrancs com dels camins que van patir danys i desperfectes, molts d&#8217;ells de gravetat, despr\u00e9s del devastador pas de <a class=\"mh-excerpt-more\" href=\"https:\/\/tucomarca.whitekongsoftware.com\/ca\/tragsa-inicia-els-treballs-per-a-reconstruir-229-camins-danyats-i-els-passos-de-barrancs-destruits-per-la-dana-a-godelleta\/\" title=\"Tragsa inicia els treballs per a reconstruir 229 camins danyats i els passos de barrancs destru\u00efts per la DANA a Godelleta\">[+] <\/a><\/div>\n","protected":false},"author":1,"featured_media":247210,"comment_status":"open","ping_status":"open","sticky":false,"template":"","format":"gallery","meta":{"footnotes":""},"categories":[21466,10898,10977,10948,10894,10904,10912,10903,10947,10896,10897],"tags":[11309,15409,11087,10914],"class_list":["post-247221","post","type-post","status-publish","format-gallery","has-post-thumbnail","category-dana-ca","category-ventana-ca","category-godelleta-ca","category-infraestructuras-ca","category-la-comarca-ca","category-sin-categorizar-ca","category-la-hoya-ca","category-medio-ambiente-la-comarca-ca","category-politica","category-seccion-ca","category-sucesos-la-comarca-ca","tag-agricultura-ca","tag-dana-2-ca","tag-godelleta-ca","tag-la-hoya-de-bunol-chiva-ca","post_format-post-format-gallery"],"_links":{"self":[{"href":"https:\/\/tucomarca.whitekongsoftware.com\/ca\/wp-json\/wp\/v2\/posts\/247221","targetHints":{"allow":["GET"]}}],"collection":[{"href":"https:\/\/tucomarca.whitekongsoftware.com\/ca\/wp-json\/wp\/v2\/posts"}],"about":[{"href":"https:\/\/tucomarca.whitekongsoftware.com\/ca\/wp-json\/wp\/v2\/types\/post"}],"author":[{"embeddable":true,"href":"https:\/\/tucomarca.whitekongsoftware.com\/ca\/wp-json\/wp\/v2\/users\/1"}],"replies":[{"embeddable":true,"href":"https:\/\/tucomarca.whitekongsoftware.com\/ca\/wp-json\/wp\/v2\/comments?post=247221"}],"version-history":[{"count":0,"href":"https:\/\/tucomarca.whitekongsoftware.com\/ca\/wp-json\/wp\/v2\/posts\/247221\/revisions"}],"wp:featuredmedia":[{"embeddable":true,"href":"https:\/\/tucomarca.whitekongsoftware.com\/ca\/wp-json\/wp\/v2\/media\/247210"}],"wp:attachment":[{"href":"https:\/\/tucomarca.whitekongsoftware.com\/ca\/wp-json\/wp\/v2\/media?parent=247221"}],"wp:term":[{"taxonomy":"category","embeddable":true,"href":"https:\/\/tucomarca.whitekongsoftware.com\/ca\/wp-json\/wp\/v2\/categories?post=247221"},{"taxonomy":"post_tag","embeddable":true,"href":"https:\/\/tucomarca.whitekongsoftware.com\/ca\/wp-json\/wp\/v2\/tags?post=247221"}],"curies":[{"name":"wp","href":"https:\/\/api.w.org\/{rel}","templated":true}]}}