{"id":247122,"date":"2024-12-04T11:00:00","date_gmt":"2024-12-04T09:00:00","guid":{"rendered":"https:\/\/www.tucomarca.com\/wordpress\/segunda\/?p=247122"},"modified":"2024-12-04T20:56:35","modified_gmt":"2024-12-04T18:56:35","slug":"la-generalitat-assumeix-set-obres-urgents-per-a-reconstruir-infraestructures-viaries-a-xiva","status":"publish","type":"post","link":"https:\/\/tucomarca.whitekongsoftware.com\/ca\/la-generalitat-assumeix-set-obres-urgents-per-a-reconstruir-infraestructures-viaries-a-xiva\/","title":{"rendered":"La Generalitat assumeix set obres urgents per a reconstruir infraestructures vi\u00e0ries a Xiva"},"content":{"rendered":"\n<p class=\"wp-block-paragraph\">El Consell ha acordat l&#8217;execuci\u00f3 immediata d&#8217;aquests treballs essencials per a restaurar passarel\u00b7les i ponts danyats per la DANA en el terme municipal<\/p>\n\n\n\n<p class=\"wp-block-paragraph\">L&#8217;Ajuntament de Xiva ha rebut confirmaci\u00f3 de la tramitaci\u00f3 de les primeres actuacions urgents aprovades per la Conselleria de Medi Ambient, Infraestructures i Territori en mat\u00e8ria d&#8217;infraestructures vi\u00e0ries en el terme municipal. Es tracta de la reconstrucci\u00f3 d&#8217;infraestructures essencials afectades per la DANA, sol\u00b7licitades per l&#8217;Ajuntament i que la Generalitat escometr\u00e0 de manera immediata. S\u00f3n set obres per a restaurar els seg\u00fcents vials del terme municipal:<\/p>\n\n\n\n<p class=\"wp-block-paragraph\">1. Passarel\u00b7la per als vianants al carrer Pintor Mora Yuste.<\/p>\n\n\n\n<p class=\"wp-block-paragraph\">2. Puente vell al carrer Enrique Ponce.<\/p>\n\n\n\n<p class=\"wp-block-paragraph\">3. Passarel\u00b7la C\/ Ram\u00f3n y Cajal &#8211; Cruz de Pedra.<\/p>\n\n\n\n<p class=\"wp-block-paragraph\">4. Puente sobre barranc del Gallec en el cam\u00ed Sierra Perenchiza.<\/p>\n\n\n\n<p class=\"wp-block-paragraph\">5. Passe urbanitzaci\u00f3 El Bosc -Barranco de P\u00e8ls.<\/p>\n\n\n\n<p class=\"wp-block-paragraph\">6. Puente nou en carrer Antonio Machado.<\/p>\n\n\n\n<p class=\"wp-block-paragraph\">7. Puente junt H\u00edpica Urbanitzaci\u00f3 El Bosc.<\/p>\n\n\n\n<p class=\"wp-block-paragraph\">Aquestes obres s&#8217;iniciaran de manera immediata despr\u00e9s de l&#8217;aprovaci\u00f3 del Consell de la sol\u00b7licitud realitzada per l&#8217;Ajuntament de Xiva, que ha elaborat els informes pertinents&nbsp; per a poder iniciar d&#8217;urg\u00e8ncia el procediment de reconstrucci\u00f3 d&#8217;aquests ponts, passos i passarel\u00b7les greument danyats per la DANA.&nbsp;<\/p>\n\n\n\n<p class=\"wp-block-paragraph\">La notificaci\u00f3, comunicada amb car\u00e0cter excepcional per la Generalitat, a trav\u00e9s de la Conselleria de Medi Ambient, Infraestructures i Territori, permet realitzar les actuacions que s&#8217;estimen m\u00e9s adequades per al suport a infraestructures de transport, infraestructures de sanejament, aix\u00ed com en mat\u00e8ria de residus, per al restabliment urgent de les quals hagen sigut afectades per la DANA en el terme municipal de Xiva. Una actuaci\u00f3 que posa de manifest la celeritat amb qu\u00e8 s&#8217;han coordinat les mesures d&#8217;actuaci\u00f3 sobre les zones afectades.<\/p>\n\n\n\n<p class=\"wp-block-paragraph\">Aquestes obres urgents ara tramitades&nbsp; pel Consell es desenvolupen amb independ\u00e8ncia de diferents informes de reconstrucci\u00f3 en altres entorns que ha elaborat l&#8217;Ajuntament de&nbsp; Xiva per al Govern d&#8217;Espanya, la Generalitat Valenciana i la Diputaci\u00f3 de Val\u00e8ncia.<\/p>\n","protected":false},"excerpt":{"rendered":"<div class=\"mh-excerpt\">El Consell ha acordat l&#8217;execuci\u00f3 immediata d&#8217;aquests treballs essencials per a restaurar passarel\u00b7les i ponts danyats per la DANA en el terme municipal L&#8217;Ajuntament de Xiva ha rebut confirmaci\u00f3 de la tramitaci\u00f3 de les primeres <a class=\"mh-excerpt-more\" href=\"https:\/\/tucomarca.whitekongsoftware.com\/ca\/la-generalitat-assumeix-set-obres-urgents-per-a-reconstruir-infraestructures-viaries-a-xiva\/\" title=\"La Generalitat assumeix set obres urgents per a reconstruir infraestructures vi\u00e0ries a Xiva\">[+] <\/a><\/div>\n","protected":false},"author":12,"featured_media":247120,"comment_status":"open","ping_status":"open","sticky":false,"template":"","format":"standard","meta":{"footnotes":""},"categories":[21466,10898,10948,10894,10904,10912,10903,10947,10896,10975],"tags":[11195,15409,11199,10914],"class_list":["post-247122","post","type-post","status-publish","format-standard","has-post-thumbnail","category-dana-ca","category-ventana-ca","category-infraestructuras-ca","category-la-comarca-ca","category-sin-categorizar-ca","category-la-hoya-ca","category-medio-ambiente-la-comarca-ca","category-politica","category-seccion-ca","category-chiva-ca","tag-chiva-ca","tag-dana-2-ca","tag-la-comunitat-ca","tag-la-hoya-de-bunol-chiva-ca"],"_links":{"self":[{"href":"https:\/\/tucomarca.whitekongsoftware.com\/ca\/wp-json\/wp\/v2\/posts\/247122","targetHints":{"allow":["GET"]}}],"collection":[{"href":"https:\/\/tucomarca.whitekongsoftware.com\/ca\/wp-json\/wp\/v2\/posts"}],"about":[{"href":"https:\/\/tucomarca.whitekongsoftware.com\/ca\/wp-json\/wp\/v2\/types\/post"}],"author":[{"embeddable":true,"href":"https:\/\/tucomarca.whitekongsoftware.com\/ca\/wp-json\/wp\/v2\/users\/12"}],"replies":[{"embeddable":true,"href":"https:\/\/tucomarca.whitekongsoftware.com\/ca\/wp-json\/wp\/v2\/comments?post=247122"}],"version-history":[{"count":0,"href":"https:\/\/tucomarca.whitekongsoftware.com\/ca\/wp-json\/wp\/v2\/posts\/247122\/revisions"}],"wp:featuredmedia":[{"embeddable":true,"href":"https:\/\/tucomarca.whitekongsoftware.com\/ca\/wp-json\/wp\/v2\/media\/247120"}],"wp:attachment":[{"href":"https:\/\/tucomarca.whitekongsoftware.com\/ca\/wp-json\/wp\/v2\/media?parent=247122"}],"wp:term":[{"taxonomy":"category","embeddable":true,"href":"https:\/\/tucomarca.whitekongsoftware.com\/ca\/wp-json\/wp\/v2\/categories?post=247122"},{"taxonomy":"post_tag","embeddable":true,"href":"https:\/\/tucomarca.whitekongsoftware.com\/ca\/wp-json\/wp\/v2\/tags?post=247122"}],"curies":[{"name":"wp","href":"https:\/\/api.w.org\/{rel}","templated":true}]}}