{"id":247084,"date":"2024-12-03T10:00:00","date_gmt":"2024-12-03T08:00:00","guid":{"rendered":"https:\/\/www.tucomarca.com\/wordpress\/segunda\/?p=247084"},"modified":"2024-12-03T20:47:29","modified_gmt":"2024-12-03T18:47:29","slug":"la-federacio-de-caca-inicia-treballs-per-a-restaurar-lacces-a-mes-de-7-000-ha-aillades-per-la-dana-a-xiva","status":"publish","type":"post","link":"https:\/\/tucomarca.whitekongsoftware.com\/ca\/la-federacio-de-caca-inicia-treballs-per-a-restaurar-lacces-a-mes-de-7-000-ha-aillades-per-la-dana-a-xiva\/","title":{"rendered":"La Federaci\u00f3 de Ca\u00e7a inicia treballs per a restaurar l&#8217;acc\u00e9s a m\u00e9s de 7.000 ha a\u00efllades per la DANA a Xiva"},"content":{"rendered":"\n<p class=\"wp-block-paragraph\">En un esfor\u00e7 exemplar per restaurar els espais naturals afectats per la recent DANA, la Federaci\u00f3 de Ca\u00e7a de la Comunitat Valenciana, en col\u00b7laboraci\u00f3 amb el Club de Ca\u00e7adors de Xiva, ha iniciat hui els treballs per a reobrir l&#8217;acc\u00e9s a m\u00e9s de 7.000 hect\u00e0rees que havien quedat completament incomunicades. Aquesta acci\u00f3 representa un pas significatiu cap a la recuperaci\u00f3 de l&#8217;entorn i \u00e9s fruit de la solidaritat i comprom\u00eds dels ca\u00e7adors de la regi\u00f3.<\/p>\n\n\n\n<p class=\"wp-block-paragraph\">Gr\u00e0cies a una campanya de donacions organitzada per la Federaci\u00f3, els recursos estan sent destinats directament a les \u00e0rees m\u00e9s afectades. Lorena Mart\u00ednez, presidenta de la Federaci\u00f3 de Ca\u00e7a de la Comunitat Valenciana, va destacar:<\/p>\n\n\n\n<p class=\"wp-block-paragraph\">\u201cCada acci\u00f3 que emprenem reflecteix la solidaritat i el comprom\u00eds dels ca\u00e7adors amb les persones i els entorns que m\u00e9s ens necessiten. Des de la recuperaci\u00f3 d&#8217;espais naturals fins al suport directe a les comunitats afectades, ens ompli d&#8217;orgull contribuir al benestar de la nostra terra i dels qui l&#8217;habiten.\u201d<\/p>\n\n\n\n<p class=\"wp-block-paragraph\">Aquesta iniciativa no sols subratlla la import\u00e0ncia del paper dels ca\u00e7adors en la preservaci\u00f3 i recuperaci\u00f3 del medi ambient, sin\u00f3 que tamb\u00e9 refor\u00e7a el seu comprom\u00eds amb les persones que han patit les conseq\u00fc\u00e8ncies d&#8217;aquesta emerg\u00e8ncia clim\u00e0tica.<\/p>\n\n\n\n<p class=\"wp-block-paragraph\">Amb aquesta acci\u00f3, la Federaci\u00f3 de Ca\u00e7a demostra una vegada m\u00e9s la seua vocaci\u00f3 de servei, unint esfor\u00e7os per a garantir que la naturalesa i les zones afectades puguen superar aquest dif\u00edcil moment. Informa, <strong>Luis Ib\u00e1\u00f1ez<\/strong>.<\/p>\n","protected":false},"excerpt":{"rendered":"<div class=\"mh-excerpt\">En un esfor\u00e7 exemplar per restaurar els espais naturals afectats per la recent DANA, la Federaci\u00f3 de Ca\u00e7a de la Comunitat Valenciana, en col\u00b7laboraci\u00f3 amb el Club de Ca\u00e7adors de Xiva, ha iniciat hui els <a class=\"mh-excerpt-more\" href=\"https:\/\/tucomarca.whitekongsoftware.com\/ca\/la-federacio-de-caca-inicia-treballs-per-a-restaurar-lacces-a-mes-de-7-000-ha-aillades-per-la-dana-a-xiva\/\" title=\"La Federaci\u00f3 de Ca\u00e7a inicia treballs per a restaurar l&#8217;acc\u00e9s a m\u00e9s de 7.000 ha a\u00efllades per la DANA a Xiva\">[+] <\/a><\/div>\n","protected":false},"author":13,"featured_media":247080,"comment_status":"open","ping_status":"open","sticky":false,"template":"","format":"standard","meta":{"footnotes":""},"categories":[21466,10898,10948,10894,10904,10912,10903,10896,10897,10975],"tags":[15409,11199,12166],"class_list":["post-247084","post","type-post","status-publish","format-standard","has-post-thumbnail","category-dana-ca","category-ventana-ca","category-infraestructuras-ca","category-la-comarca-ca","category-sin-categorizar-ca","category-la-hoya-ca","category-medio-ambiente-la-comarca-ca","category-seccion-ca","category-sucesos-la-comarca-ca","category-chiva-ca","tag-dana-2-ca","tag-la-comunitat-ca","tag-medio-ambiente-ca"],"_links":{"self":[{"href":"https:\/\/tucomarca.whitekongsoftware.com\/ca\/wp-json\/wp\/v2\/posts\/247084","targetHints":{"allow":["GET"]}}],"collection":[{"href":"https:\/\/tucomarca.whitekongsoftware.com\/ca\/wp-json\/wp\/v2\/posts"}],"about":[{"href":"https:\/\/tucomarca.whitekongsoftware.com\/ca\/wp-json\/wp\/v2\/types\/post"}],"author":[{"embeddable":true,"href":"https:\/\/tucomarca.whitekongsoftware.com\/ca\/wp-json\/wp\/v2\/users\/13"}],"replies":[{"embeddable":true,"href":"https:\/\/tucomarca.whitekongsoftware.com\/ca\/wp-json\/wp\/v2\/comments?post=247084"}],"version-history":[{"count":0,"href":"https:\/\/tucomarca.whitekongsoftware.com\/ca\/wp-json\/wp\/v2\/posts\/247084\/revisions"}],"wp:featuredmedia":[{"embeddable":true,"href":"https:\/\/tucomarca.whitekongsoftware.com\/ca\/wp-json\/wp\/v2\/media\/247080"}],"wp:attachment":[{"href":"https:\/\/tucomarca.whitekongsoftware.com\/ca\/wp-json\/wp\/v2\/media?parent=247084"}],"wp:term":[{"taxonomy":"category","embeddable":true,"href":"https:\/\/tucomarca.whitekongsoftware.com\/ca\/wp-json\/wp\/v2\/categories?post=247084"},{"taxonomy":"post_tag","embeddable":true,"href":"https:\/\/tucomarca.whitekongsoftware.com\/ca\/wp-json\/wp\/v2\/tags?post=247084"}],"curies":[{"name":"wp","href":"https:\/\/api.w.org\/{rel}","templated":true}]}}