{"id":247046,"date":"2024-12-03T14:00:00","date_gmt":"2024-12-03T12:00:00","guid":{"rendered":"https:\/\/www.tucomarca.com\/wordpress\/segunda\/?p=247046"},"modified":"2024-12-03T20:44:17","modified_gmt":"2024-12-03T18:44:17","slug":"el-vii-feminari-de-la-diputacio-analitza-els-20-anys-de-la-llei-contra-la-violencia-de-genere-i-repassa-els-reptes-pendents","status":"publish","type":"post","link":"https:\/\/tucomarca.whitekongsoftware.com\/ca\/el-vii-feminari-de-la-diputacio-analitza-els-20-anys-de-la-llei-contra-la-violencia-de-genere-i-repassa-els-reptes-pendents\/","title":{"rendered":"El VII Feminari de la Diputaci\u00f3 analitza els 20 anys de la Llei contra la Viol\u00e8ncia de G\u00e8nere i repassa els reptes pendents"},"content":{"rendered":"\n<h3 class=\"wp-block-heading\"><strong><strong>La vicepresidenta primera i diputada d&#8217;Igualtat, Nat\u00e0lia Enguix, presenta una nova edici\u00f3 del congr\u00e9s feminista \u201cen un moment delicat i oport\u00fa alhora per a reflexionar sobre la protecci\u00f3 de les v\u00edctimes\u201d<\/strong><\/strong>.<\/h3>\n\n\n\n<h3 class=\"wp-block-heading\"><strong><strong>La jurista Mar\u00eda Dur\u00e1n; l&#8217;experta en pol\u00edtiques d&#8217;Igualtat Soledad Murillo; i la vicepresidenta del Consell i integrant de la comissi\u00f3 mixta que va elaborar la llei en 2004, Susana Camarero, entre les ponents de les jornades<\/strong><\/strong>.<\/h3>\n\n\n\n<h3 class=\"wp-block-heading\"><strong><strong>El congr\u00e9s tindr\u00e0 lloc en el Teatre La Rambleta de Val\u00e8ncia el dilluns 9 i el dimarts 10 i podr\u00e0 seguir-se a trav\u00e9s del canal Youtube de la Diputaci\u00f3<\/strong><\/strong>.<\/h3>\n\n\n\n<p class=\"wp-block-paragraph\">La Diputaci\u00f3 de Val\u00e8ncia recupera el seu Feminari commemorant el vint\u00e9 aniversari de l&#8217;aprovaci\u00f3 de la Llei contra la Viol\u00e8ncia de G\u00e8nere. Ho ha destacat este dimarts la vicepresidenta primera i responsable d&#8217;Igualtat, Nat\u00e0lia Enguix, durant la presentaci\u00f3 del set\u00e9 congr\u00e9s feminista organitzat per l&#8217;\u00e0rea que dirigix. \u201cEstem vivint una situaci\u00f3 dram\u00e0tica amb les conseq\u00fc\u00e8ncies de la Dana; \u00e9s un moment delicat per\u00f2 tamb\u00e9 oport\u00fa per a reflexionar sobre la protecci\u00f3 de les v\u00edctimes, que en situacions extraordin\u00e0ries com va ser la pand\u00e8mia i ara esta riu\u00e0 es convertixen encara m\u00e9s en el focus de la viol\u00e8ncia a causa de l&#8217;estr\u00e9s dels agressors\u201d.<\/p>\n\n\n\n<p class=\"wp-block-paragraph\">Enguix ha realitzat esta reflexi\u00f3 abans d&#8217;agrair a les ponents la seua participaci\u00f3 en el congr\u00e9s \u201cmalgrat la dificultat del moment i el canvi de dates que vam haver de fer a causa de la Dana\u201d. \u201cEns trobem en ple proc\u00e9s de reconstrucci\u00f3 per a recuperar una certa normalitat, per\u00f2 aix\u00f2 portar\u00e0 el seu temps i hi ha determinats temes, com el de la viol\u00e8ncia exercida contra les dones, que no podem apartar de les agendes\u201d, assenyala la vicepresidenta, qui ha apuntat que \u201ctots els delictes baixen excepte la viol\u00e8ncia exercida contra la dona, i una de les explicacions \u00e9s que esta xacra s&#8217;agreuja en situacions de crisi\u201d.<\/p>\n\n\n\n<p class=\"wp-block-paragraph\">En este punt, Nat\u00e0lia Enguix ha enlla\u00e7at el refor\u00e7 de la protecci\u00f3 a les dones v\u00edctimes despr\u00e9s de la Dana, en el qual participa la Diputaci\u00f3 al costat de la Generalitat i l&#8217;associaci\u00f3 Alanna, amb la \u201cnecess\u00e0ria reflexi\u00f3 sobre els reptes pendents de la llei estatal aprovada en 2004\u201d. \u201c\u00c9s innegable que s&#8217;ha aconseguit molt arran de l&#8217;entrada en vigor de la llei, com el sistema VioG\u00e9n, la Fiscalia per a delictes espec\u00edfics de viol\u00e8ncia contra la dona, recursos assistencials i ajudes econ\u00f2miques, aix\u00ed com l&#8217;atenci\u00f3 psicol\u00f2gica i la formaci\u00f3\u201d, admet Enguix, per\u00f2 tamb\u00e9 \u00e9s cert que \u201cexistixen reptes pendents, com \u00e9s contemplar les viol\u00e8ncies m\u00e9s enll\u00e0 de les relacions de parella i ex parella; ampliar la protecci\u00f3 a les dones i als seus fills i filles; i dotar de m\u00e9s recursos residencials i laborals a les v\u00edctimes\u201d.<\/p>\n\n\n\n<p class=\"wp-block-paragraph\"><strong>Les ponents<\/strong><\/p>\n\n\n\n<p class=\"wp-block-paragraph\">La diputada d&#8217;Igualtat ha repassat el cartell d&#8217;un congr\u00e9s que \u201cs&#8217;ha convertit ja en referent del moviment feminista des que Jorge Rodr\u00edguez creara la primera \u00e0rea d&#8217;Igualtat de la instituci\u00f3 en 2015\u201d. Entre les ponents destaca la jurista i ex directora de l&#8217;Institut de la Dona balear, Mar\u00eda Dur\u00e1n; l&#8217;experta en pol\u00edtiques d&#8217;Igualtat Soledad Murillo; la vicepresidenta del Consell i integrant de la comissi\u00f3 mixta que en el seu moment va elaborar la llei estatal, Susana Camarero; i la fiscal delegada de viol\u00e8ncia sobre la dona Rosa Mar\u00eda Guiralt.<\/p>\n\n\n\n<p class=\"wp-block-paragraph\">Tamb\u00e9 participaran en la setena edici\u00f3 del Feminari Margarita Ur\u00eda, ponent de la Llei d&#8217;Igualtat en el Congr\u00e9s; la psic\u00f2loga forense Mar\u00eda Escudero; l&#8217;inspector del Grup Gama de la Policia Local de Val\u00e8ncia Jos\u00e9 Luis Diego; i Beatriz Belando, catedr\u00e0tica en Dret Administratiu i especialista en viol\u00e8ncia de g\u00e8nere. La seua contribuci\u00f3 aportar\u00e0 la visi\u00f3 europea a la reflexi\u00f3 plantejada per Enguix sobre el futur de la legislaci\u00f3 amb perspectiva feminista.<\/p>\n\n\n\n<p class=\"wp-block-paragraph\">La jornada del dimarts l&#8217;obrir\u00e0 l&#8217;homenatge a Ana Orantes, la dona que en denunciar les agressions del seu ex marit en un plat\u00f3 de televisi\u00f3 va visibilitzar la xacra social de la viol\u00e8ncia masclista i va impulsar l&#8217;acci\u00f3 pol\u00edtica i judicial per a combatre-la, despr\u00e9s del seu terrible assassinat a mans d\u2019aquell. Raquel Orantes, filla d&#8217;Ana i integrant de la plataforma Dones Artistes contra la Viol\u00e8ncia de G\u00e8nere, estar\u00e0 present en l&#8217;acte incl\u00f2s en el set\u00e9 Feminari, que podr\u00e0 seguir-se en directe a trav\u00e9s del canal Youtube de la Diputaci\u00f3: <a href=\"https:\/\/www.youtube.com\/@diputacionvalencia\">https:\/\/www.youtube.com\/@diputacionvalencia<\/a><\/p>\n\n\n\n<figure class=\"wp-block-gallery has-nested-images columns-default is-cropped wp-block-gallery-1 is-layout-flex wp-block-gallery-is-layout-flex\">\n<figure class=\"wp-block-image size-large\"><img loading=\"lazy\" decoding=\"async\" width=\"1024\" height=\"665\" data-id=\"247043\" src=\"https:\/\/www.tucomarca.com\/wordpress\/segunda\/wp-content\/uploads\/2024\/12\/PresentacionVIIFeminari01-1024x665.jpg\" alt=\"\" class=\"wp-image-247043\" srcset=\"https:\/\/tucomarca.whitekongsoftware.com\/wp-content\/uploads\/2024\/12\/PresentacionVIIFeminari01-1024x665.jpg 1024w, https:\/\/tucomarca.whitekongsoftware.com\/wp-content\/uploads\/2024\/12\/PresentacionVIIFeminari01-300x195.jpg 300w, https:\/\/tucomarca.whitekongsoftware.com\/wp-content\/uploads\/2024\/12\/PresentacionVIIFeminari01-768x499.jpg 768w, https:\/\/tucomarca.whitekongsoftware.com\/wp-content\/uploads\/2024\/12\/PresentacionVIIFeminari01-1536x998.jpg 1536w, https:\/\/tucomarca.whitekongsoftware.com\/wp-content\/uploads\/2024\/12\/PresentacionVIIFeminari01-2048x1331.jpg 2048w\" sizes=\"auto, (max-width: 1024px) 100vw, 1024px\" \/><\/figure>\n\n\n\n<figure class=\"wp-block-image size-large\"><img loading=\"lazy\" decoding=\"async\" width=\"1024\" height=\"665\" data-id=\"247039\" src=\"https:\/\/www.tucomarca.com\/wordpress\/segunda\/wp-content\/uploads\/2024\/12\/PresentacionVIIFeminari03-1024x665.jpg\" alt=\"\" class=\"wp-image-247039\" srcset=\"https:\/\/tucomarca.whitekongsoftware.com\/wp-content\/uploads\/2024\/12\/PresentacionVIIFeminari03-1024x665.jpg 1024w, https:\/\/tucomarca.whitekongsoftware.com\/wp-content\/uploads\/2024\/12\/PresentacionVIIFeminari03-300x195.jpg 300w, https:\/\/tucomarca.whitekongsoftware.com\/wp-content\/uploads\/2024\/12\/PresentacionVIIFeminari03-768x499.jpg 768w, https:\/\/tucomarca.whitekongsoftware.com\/wp-content\/uploads\/2024\/12\/PresentacionVIIFeminari03-1536x998.jpg 1536w, https:\/\/tucomarca.whitekongsoftware.com\/wp-content\/uploads\/2024\/12\/PresentacionVIIFeminari03-2048x1331.jpg 2048w\" sizes=\"auto, (max-width: 1024px) 100vw, 1024px\" \/><\/figure>\n<\/figure>\n","protected":false},"excerpt":{"rendered":"<div class=\"mh-excerpt\">La vicepresidenta primera i diputada d&#8217;Igualtat, Nat\u00e0lia Enguix, presenta una nova edici\u00f3 del congr\u00e9s feminista \u201cen un moment delicat i oport\u00fa alhora per a reflexionar sobre la protecci\u00f3 de les v\u00edctimes\u201d. La jurista Mar\u00eda Dur\u00e1n; <a class=\"mh-excerpt-more\" href=\"https:\/\/tucomarca.whitekongsoftware.com\/ca\/el-vii-feminari-de-la-diputacio-analitza-els-20-anys-de-la-llei-contra-la-violencia-de-genere-i-repassa-els-reptes-pendents\/\" title=\"El VII Feminari de la Diputaci\u00f3 analitza els 20 anys de la Llei contra la Viol\u00e8ncia de G\u00e8nere i repassa els reptes pendents\">[+] <\/a><\/div>\n","protected":false},"author":13,"featured_media":247042,"comment_status":"open","ping_status":"open","sticky":false,"template":"","format":"gallery","meta":{"footnotes":""},"categories":[20541,10898,10948,10894,10904,20456,10947,10896],"tags":[20809,21108,20262],"class_list":["post-247046","post","type-post","status-publish","format-gallery","has-post-thumbnail","category-igualtat-i-diversitat","category-ventana-ca","category-infraestructuras-ca","category-la-comarca-ca","category-sin-categorizar-ca","category-la-diputacio-de-valencia-informa-ca","category-politica","category-seccion-ca","tag-diversidad-e-igualdad-ca","tag-la-diputacio-en-las-comarcas-ca","tag-natalia-enguix-ca","post_format-post-format-gallery"],"_links":{"self":[{"href":"https:\/\/tucomarca.whitekongsoftware.com\/ca\/wp-json\/wp\/v2\/posts\/247046","targetHints":{"allow":["GET"]}}],"collection":[{"href":"https:\/\/tucomarca.whitekongsoftware.com\/ca\/wp-json\/wp\/v2\/posts"}],"about":[{"href":"https:\/\/tucomarca.whitekongsoftware.com\/ca\/wp-json\/wp\/v2\/types\/post"}],"author":[{"embeddable":true,"href":"https:\/\/tucomarca.whitekongsoftware.com\/ca\/wp-json\/wp\/v2\/users\/13"}],"replies":[{"embeddable":true,"href":"https:\/\/tucomarca.whitekongsoftware.com\/ca\/wp-json\/wp\/v2\/comments?post=247046"}],"version-history":[{"count":0,"href":"https:\/\/tucomarca.whitekongsoftware.com\/ca\/wp-json\/wp\/v2\/posts\/247046\/revisions"}],"wp:featuredmedia":[{"embeddable":true,"href":"https:\/\/tucomarca.whitekongsoftware.com\/ca\/wp-json\/wp\/v2\/media\/247042"}],"wp:attachment":[{"href":"https:\/\/tucomarca.whitekongsoftware.com\/ca\/wp-json\/wp\/v2\/media?parent=247046"}],"wp:term":[{"taxonomy":"category","embeddable":true,"href":"https:\/\/tucomarca.whitekongsoftware.com\/ca\/wp-json\/wp\/v2\/categories?post=247046"},{"taxonomy":"post_tag","embeddable":true,"href":"https:\/\/tucomarca.whitekongsoftware.com\/ca\/wp-json\/wp\/v2\/tags?post=247046"}],"curies":[{"name":"wp","href":"https:\/\/api.w.org\/{rel}","templated":true}]}}